{
  "@context": "http://hub.culturegraph.org/entityfacts/context/v1/entityfacts.jsonld",
  "@id": "https://d-nb.info/gnd/118644173",
  "describedBy": {
    "valid": "2026-04-29T13:16:35Z",
    "license": "https://creativecommons.org/publicdomain/zero/1.0/",
    "@id": "https://hub.culturegraph.org/entityfacts/118644173"
  },
  "preferredName": "Michael von Aitzing",
  "surname": "Aitzing",
  "prefix": "von",
  "forename": "Michael",
  "@type": "person",
  "titleOfNobility": [
    "Freiherr"
  ],
  "variantName": [
    "Michael Aitzingerus",
    "Michael Aitsinger",
    "Michael von Aitsinger",
    "Michael Aitsingerus",
    "Michael von Aitsingerus",
    "Michael Aitzsinger",
    "Michael von Aitzsinger",
    "Michael Aytzing",
    "Michael Aytzinger",
    "Michael von Eitzing",
    "Michael von Eitzinger",
    "Michael Eitzinger",
    "Michael Eitzingerus",
    "M. Eitzingerus",
    "Michael Eytzing",
    "Michael ab Eytzing",
    "Michael von Eytzing",
    "Michael von Eytzinger",
    "Michael Eytzinger",
    "Michael Eytzingerus",
    "Michael Eyzinger, Austriacus",
    "Michael von Eyzinger",
    "Michael Eyzingerus",
    "Michae\u0308l Eyzingerus",
    "H. I. F"
  ],
  "dateOfBirth": "1530",
  "dateOfDeath": "1598",
  "placeOfBirth": [
    {
      "@id": "https://d-nb.info/gnd/4527726-6",
      "preferredName": "Schrattenthal"
    }
  ],
  "placeOfDeath": [
    {
      "@id": "https://d-nb.info/gnd/4007666-0",
      "preferredName": "Bonn"
    }
  ],
  "associatedCountry": [
    {
      "@id": "https://d-nb.info/standards/vocab/gnd/geographic-area-code#XA-AT",
      "preferredName": "\u00d6sterreich"
    }
  ],
  "professionOrOccupation": [
    {
      "@id": "https://d-nb.info/gnd/4176310-5",
      "preferredName": "Publizist"
    }
  ],
  "gender": {
    "@id": "https://d-nb.info/standards/vocab/gnd/gender#male",
    "label": "Mann"
  },
  "biographicalOrHistoricalInformation": "O\u0308sterrischer Geschichtsschreiber, Historiker und Publizist",
  "relatedPerson": [
    {
      "@id": "https://d-nb.info/gnd/118502573",
      "relationship": "VD-16 Mitverf.",
      "preferredName": "Jost Amman"
    },
    {
      "relationship": "VD-16 Mitverf.",
      "preferredName": "Georges Bernard"
    },
    {
      "@id": "https://d-nb.info/gnd/119314630",
      "relationship": "VD-16 Mitverf.",
      "preferredName": "Georg Braun"
    },
    {
      "@id": "https://d-nb.info/gnd/118706217",
      "relationship": "VD-16 Mitverf.",
      "preferredName": "Franz Hogenberg"
    },
    {
      "relationship": "VD-16 Mitverf.",
      "preferredName": "Jakob Scho\u0308pper"
    },
    {
      "@id": "https://d-nb.info/gnd/118615300",
      "relationship": "VD-16 Mitverf.",
      "preferredName": "Virgil Solis"
    },
    {
      "@id": "https://d-nb.info/gnd/119849658",
      "relationship": "VD-16 Mitverf.",
      "preferredName": "Orazio Tigrini"
    },
    {
      "relationship": "VD-16 Mitverf.",
      "preferredName": "Hadrianus Cornelius Barlandus"
    },
    {
      "relationship": "VD-16 Mitverf.",
      "preferredName": "Dominique Lampson"
    },
    {
      "@id": "https://d-nb.info/gnd/118701215",
      "relationship": "VD-16 Mitverf.",
      "preferredName": "Hermann Hamelmann"
    }
  ],
  "familialRelationship": [
    {
      "@id": "https://d-nb.info/gnd/1050459628",
      "relationship": "Vater",
      "preferredName": "Christoph von Eyczing"
    }
  ],
  "depiction": {
    "@id": "https://commons.wikimedia.org/wiki/Special:FilePath/Rathausturm%20K%C3%B6ln%20-%20Kaspar%20Ulenberg%20-%20Michael%20von%20Aitzing-7892.jpg",
    "publisher": "Wikimedia Commons",
    "copyrighted": "true",
    "creator": [
      "Raimond Spekking"
    ],
    "creditText": [
      "Own work"
    ],
    "license": [
      {
        "@id": "https://creativecommons.org/licenses/by-sa/4.0",
        "abbr": "CC BY-SA 4.0",
        "name": "Creative Commons Attribution-Share Alike 4.0",
        "attributionRequired": "true",
        "restrictions": ""
      }
    ],
    "url": "https://commons.wikimedia.org/wiki/File:Rathausturm%20K%C3%B6ln%20-%20Kaspar%20Ulenberg%20-%20Michael%20von%20Aitzing-7892.jpg?uselang=en",
    "thumbnail": {
      "@id": "https://commons.wikimedia.org/wiki/Special:FilePath/Rathausturm%20K%C3%B6ln%20-%20Kaspar%20Ulenberg%20-%20Michael%20von%20Aitzing-7892.jpg?width=270"
    }
  },
  "sameAs": [
    {
      "@id": "https://d-nb.info/gnd/118644173/about",
      "collection": {
        "abbr": "DNB",
        "name": "Gemeinsame Normdatei (GND) im Katalog der Deutschen Nationalbibliothek",
        "publisher": "Deutsche Nationalbibliothek",
        "icon": "https://www.dnb.de/SiteGlobals/Frontend/DNBWeb/Images/favicon.png?__blob=normal&v=4"
      }
    },
    {
      "@id": "http://catalogue.bnf.fr/ark:/12148/cb153988320",
      "collection": {
        "abbr": "BNF",
        "name": "Bibliothe\u0300que nationale de France",
        "publisher": "Bibliothe\u0300que nationale de France",
        "icon": "https://www.bnf.fr/themes/custom/bnfsi/favicon.ico"
      }
    },
    {
      "@id": "https://de.wikipedia.org/wiki/Michael_von_Aitzing",
      "collection": {
        "abbr": "dewiki",
        "name": "Wikipedia (Deutsch)",
        "publisher": "Wikimedia Foundation Inc.",
        "icon": "https://de.wikipedia.org/static/favicon/wikipedia.ico"
      }
    },
    {
      "@id": "https://en.wikipedia.org/wiki/Micha%C3%ABl_Eytzinger",
      "collection": {
        "abbr": "enwiki",
        "name": "Wikipedia (English)",
        "publisher": "Wikimedia Foundation Inc.",
        "icon": "https://en.wikipedia.org/static/favicon/wikipedia.ico"
      }
    },
    {
      "@id": "https://kaiserhof.geschichte.lmu.de/Q/GND=118644173",
      "collection": {
        "abbr": "KH",
        "name": "Kaiser und H\u00f6fe",
        "publisher": "Ludwig-Maximilians-Universit\u00e4t M\u00fcnchen - Historisches Seminar - Fr\u00fche Neuzeit",
        "icon": "https://kaiserhof.geschichte.lmu.de/favicon.ico"
      }
    },
    {
      "@id": "https://www.deutsche-biographie.de/pnd118644173.html#adbcontent",
      "collection": {
        "abbr": "ADB",
        "name": "Allgemeine Deutsche Biographie (ADB)",
        "publisher": "Historische Kommission bei der Bayerischen Akademie der Wissenschaften und Bayerische Staatsbibliothek",
        "icon": "https://www.deutsche-biographie.de/favicon.ico"
      }
    },
    {
      "@id": "https://www.deutsche-biographie.de/pnd118644173.html#ndbcontent",
      "collection": {
        "abbr": "NDB",
        "name": "Neue Deutsche Biographie (NDB)",
        "publisher": "Historische Kommission bei der Bayerischen Akademie der Wissenschaften und Bayerische Staatsbibliothek",
        "icon": "https://www.deutsche-biographie.de/favicon.ico"
      }
    },
    {
      "@id": "https://www.deutsche-digitale-bibliothek.de/person/gnd/118644173",
      "collection": {
        "abbr": "DDB",
        "name": "Deutsche Digitale Bibliothek",
        "publisher": "Deutsche Digitale Bibliothek",
        "icon": "https://www.deutsche-digitale-bibliothek.de/favicon.ico"
      }
    },
    {
      "@id": "https://www.portraitindex.de/dokumente/pnd/118644173",
      "collection": {
        "abbr": "Portraitindex",
        "name": "Digitaler Portraitindex der druckgraphischen Bildnisse der Fru\u0308hen Neuzeit",
        "publisher": "Deutsches Dokumentationszentrum fu\u0308r Kunstgeschichte - Bildarchiv Foto Marburg",
        "icon": "https://www.portraitindex.de/favicon.ico"
      }
    },
    {
      "@id": "http://id.loc.gov/rwo/agents/no96003913",
      "collection": {
        "abbr": "LC",
        "name": "NACO Authority File",
        "publisher": "Library of Congress",
        "icon": "https://www.loc.gov/favicon.ico"
      }
    },
    {
      "@id": "http://viaf.org/viaf/57408183",
      "collection": {
        "abbr": "VIAF",
        "name": "Virtual International Authority File (VIAF)",
        "publisher": "OCLC",
        "icon": "https://viaf.org/viaf/images/viaf.ico"
      }
    },
    {
      "@id": "http://www.wikidata.org/entity/Q279495",
      "collection": {
        "abbr": "WIKIDATA",
        "name": "Wikidata",
        "publisher": "Wikimedia Foundation Inc.",
        "icon": "https://www.wikidata.org/static/favicon/wikidata.ico"
      }
    },
    {
      "@id": "https://isni.org/isni/0000000079759335",
      "collection": {
        "abbr": "ISNI",
        "name": "International Standard Name Identifier (ISNI)",
        "publisher": "International Standard Name Identifier (ISNI)",
        "icon": "https://www.isni.org/sites/default/files/isni_new_favicon.ico"
      }
    }
  ]
}