{
  "@context": "http://hub.culturegraph.org/entityfacts/context/v1/entityfacts.jsonld",
  "@id": "https://d-nb.info/gnd/118637673",
  "describedBy": {
    "valid": "2026-05-03T14:19:11Z",
    "license": "https://creativecommons.org/publicdomain/zero/1.0/",
    "@id": "https://hub.culturegraph.org/entityfacts/118637673"
  },
  "preferredName": "Albrecht, Preu\u00dfen, Herzog",
  "surname": "Albrecht, Preu\u00dfen, Herzog",
  "@type": "person",
  "titleOfNobility": [
    "Herzog"
  ],
  "variantName": [
    "Albrecht, Brandenburg-Ansbach, Markgraf",
    "Albrecht, von Preu\u00dfen",
    "Albrecht, Brandenburg, Markgraf",
    "Albertus, Brandenburg, Markgraf",
    "Albertus, Preu\u00dfen, Herzog",
    "Albrecht, Brandenburg, Markgraf, V.",
    "Albrecht V., Brandenburg, Markgraf",
    "Albrecht, von Brandenburg-Ansbach",
    "Albrecht, Brandenburg-Ansbach, Herzog",
    "Albrecht, Deutscher Orden, Hochmeister",
    "Albertus, Brandenburgensis",
    "Albrecht, der A\u0308ltere",
    "Albrecht I, Herzog von Preussen",
    "Albertus, Herzog von Preussen",
    "Albert, Duke of Prussia",
    "Albert, Herzog von Preussen",
    "Albrecht, von Brandenburg",
    "Albrecht, von Preussen",
    "Albrecht, Herzog von Preussen",
    "Albrecht, Markgraf von Brandenburg-Ansbach",
    "Albertus, Preussen, Herzog",
    "Albrecht, von Preussen, Hochmeister des Deutschen Ordens",
    "Albrecht V, Markgraf von Brandenburg",
    "Albrecht, Markgraf von Brandenburg",
    "Friedrich Albrecht",
    "Albert, Markgraf von Brandenburg-Preu\u00dfen",
    "Albrecht, Preussen, Herzog",
    "Albrecht, Brandenburg-Ansbach, Markgraf"
  ],
  "dateOfBirth": "May 17, 1490",
  "dateOfDeath": "March 20, 1568",
  "placeOfBirth": [
    {
      "@id": "https://d-nb.info/gnd/4002170-1",
      "preferredName": "Ansbach"
    }
  ],
  "placeOfDeath": [
    {
      "@id": "https://d-nb.info/gnd/4362796-1",
      "preferredName": "Tapiau"
    }
  ],
  "associatedCountry": [
    {
      "@id": "https://d-nb.info/standards/vocab/gnd/geographic-area-code#XA-DE",
      "preferredName": "Deutschland"
    }
  ],
  "professionOrOccupation": [
    {
      "@id": "https://d-nb.info/gnd/4673757-1",
      "preferredName": "Gro\u00dfmeister"
    },
    {
      "preferredName": "Herzog von Preussen seit 1525"
    },
    {
      "preferredName": "Markgraf von Brandenburg-Ansbach"
    }
  ],
  "gender": {
    "@id": "https://d-nb.info/standards/vocab/gnd/gender#male",
    "label": "Mann"
  },
  "biographicalOrHistoricalInformation": "Dritter Sohn des Markgrafen von Ansbach-Bayreuth und seiner Gemahlin, einer Prinzessin von Polen; Ausbildung am Hof des Erzbischofs von Kurko\u0308ln, Hermann von Wied; Teilnahme an Kriegszug Kaiser Maximilians in Oberitalien; 1510 Wahl zum letzten Hochmeister des Deutschen Ordens; 1525 Frieden mit Polen; U\u0308bertritt zur Reformation, Einrichtung des ersten evangelischen Territoriums der Welt mit Landes- und Kirchenordnung; Begru\u0308ndung der preu\u00dfischen Landeskirche; 1526 Verma\u0308hlung mit da\u0308nischer Prinzessin Dorothea; 1544 Gru\u0308ndung der Universita\u0308t Ko\u0308nigsberg; Osiandrist und Laientheologe",
  "affiliation": [
    {
      "@id": "https://d-nb.info/gnd/1017688-3",
      "preferredName": "Deutscher Orden"
    }
  ],
  "relatedPerson": [
    {
      "@id": "https://d-nb.info/gnd/116713550",
      "relationship": "VD-16 Mitverf.",
      "preferredName": "Georg Sabinus"
    },
    {
      "@id": "https://d-nb.info/gnd/119662345",
      "relationship": "VD-16 Mitverf.",
      "preferredName": "Elisabeth, von Braunschweig-Calenberg"
    },
    {
      "@id": "https://d-nb.info/gnd/123936063",
      "relationship": "VD-16 Mitverf.",
      "preferredName": "Hermann Finck"
    },
    {
      "@id": "https://d-nb.info/gnd/118575449",
      "relationship": "VD-16 Mitverf.",
      "preferredName": "Martin Luther"
    },
    {
      "@id": "https://d-nb.info/gnd/119752719",
      "relationship": "VD-16 Mitverf.",
      "preferredName": "Hieronim Ma\u0142ecki"
    },
    {
      "@id": "https://d-nb.info/gnd/11692960X",
      "relationship": "VD-16 Mitverf.",
      "preferredName": "Joachim Mo\u0308rlin"
    },
    {
      "@id": "https://d-nb.info/gnd/118590375",
      "relationship": "VD-16 Mitverf.",
      "preferredName": "Andreas Osiander"
    },
    {
      "relationship": "VD-16 Mitverf.",
      "preferredName": "Pavao Skalic\u0301"
    },
    {
      "@id": "https://d-nb.info/gnd/119870789",
      "relationship": "VD-16 Mitverf.",
      "preferredName": "Abel Will"
    },
    {
      "@id": "https://d-nb.info/gnd/119614952",
      "relationship": "VD-16 Mitverf.",
      "preferredName": "Enoch Baumgartner"
    }
  ],
  "familialRelationship": [
    {
      "@id": "https://d-nb.info/gnd/118722697",
      "relationship": "Vater",
      "preferredName": "Friedrich, Brandenburg-Ansbach, Markgraf"
    },
    {
      "@id": "https://d-nb.info/gnd/143942921",
      "relationship": "Mutter",
      "preferredName": "Sofia, Brandenburg-Ansbach, Markgra\u0308fin"
    },
    {
      "@id": "https://d-nb.info/gnd/11868048X",
      "relationship": "1. Ehefrau",
      "preferredName": "Dorothea, Preu\u00dfen, Herzogin"
    },
    {
      "@id": "https://d-nb.info/gnd/104182040",
      "relationship": "Tochter",
      "preferredName": "Anna Sophie, Mecklenburg, Herzogin"
    },
    {
      "@id": "https://d-nb.info/gnd/131871684",
      "relationship": "2. Ehefrau",
      "preferredName": "Anna Maria, Preu\u00dfen, Herzogin"
    },
    {
      "@id": "https://d-nb.info/gnd/128453001",
      "relationship": "Tochter",
      "preferredName": "Elisabeth, Preu\u00dfen, Herzogin"
    },
    {
      "@id": "https://d-nb.info/gnd/119258447",
      "relationship": "Sohn",
      "preferredName": "Albrecht Friedrich, Preu\u00dfen, Herzog"
    }
  ],
  "depiction": {
    "@id": "https://commons.wikimedia.org/wiki/Special:FilePath/Albrecht%20von%20Hohenzollern.jpg",
    "publisher": "Wikimedia Commons",
    "copyrighted": "false",
    "creator": [
      "Hans Krell"
    ],
    "creditText": [
      "scan from A. Bumblauskas Senosios Lietuvos istorija 1009-1795"
    ],
    "license": [
      {
        "@id": "https://creativecommons.org/publicdomain/mark/1.0/",
        "abbr": "PD",
        "name": "Public Domain",
        "attributionRequired": "false",
        "restrictions": ""
      }
    ],
    "url": "https://commons.wikimedia.org/wiki/File:Albrecht%20von%20Hohenzollern.jpg?uselang=en",
    "thumbnail": {
      "@id": "https://commons.wikimedia.org/wiki/Special:FilePath/Albrecht%20von%20Hohenzollern.jpg?width=270"
    }
  },
  "sameAs": [
    {
      "@id": "https://d-nb.info/gnd/118637673/about",
      "collection": {
        "abbr": "DNB",
        "name": "Gemeinsame Normdatei (GND) im Katalog der Deutschen Nationalbibliothek",
        "publisher": "Deutsche Nationalbibliothek",
        "icon": "https://www.dnb.de/SiteGlobals/Frontend/DNBWeb/Images/favicon.png?__blob=normal&v=4"
      }
    },
    {
      "@id": "http://kulturportal-west-ost.eu/persons/albrecht-herzog-in-preusen/",
      "collection": {
        "abbr": "OSTDEBIB",
        "name": "Ostdeutsche Biographie",
        "publisher": "Kulturportal West-Ost"
      }
    },
    {
      "@id": "https://bmlo.de/Q/GND=118637673",
      "collection": {
        "abbr": "DE-M512",
        "name": "Bayerisches Musiker-Lexikon Online",
        "publisher": "Bayerisches Musiker-Lexikon Online",
        "icon": "https://bmlo.de/x/pic/favicon.gif"
      }
    },
    {
      "@id": "https://kaiserhof.geschichte.lmu.de/Q/GND=118637673",
      "collection": {
        "abbr": "KH",
        "name": "Kaiser und H\u00f6fe",
        "publisher": "Ludwig-Maximilians-Universit\u00e4t M\u00fcnchen - Historisches Seminar - Fr\u00fche Neuzeit",
        "icon": "https://kaiserhof.geschichte.lmu.de/favicon.ico"
      }
    },
    {
      "@id": "https://kalliope-verbund.info/gnd/118637673",
      "collection": {
        "abbr": "DE-611",
        "name": "Kalliope Verbundkatalog",
        "publisher": "Staatsbibliothek zu Berlin - Preu\u00dfischer Kulturbesitz",
        "icon": "https://kalliope-verbund.info/img/favicon.ico"
      }
    },
    {
      "@id": "https://www.archivportal-d.de/person/gnd/118637673",
      "collection": {
        "abbr": "ARCHIV-D",
        "name": "Archivportal-D",
        "publisher": "Deutsche Digitale Bibliothek",
        "icon": "https://www.archivportal-d.de/favicon.ico"
      }
    },
    {
      "@id": "https://www.deutsche-biographie.de/pnd118637673.html#adbcontent",
      "collection": {
        "abbr": "ADB",
        "name": "Allgemeine Deutsche Biographie (ADB)",
        "publisher": "Historische Kommission bei der Bayerischen Akademie der Wissenschaften und Bayerische Staatsbibliothek",
        "icon": "https://www.deutsche-biographie.de/favicon.ico"
      }
    },
    {
      "@id": "https://www.deutsche-biographie.de/pnd118637673.html#ndbcontent",
      "collection": {
        "abbr": "NDB",
        "name": "Neue Deutsche Biographie (NDB)",
        "publisher": "Historische Kommission bei der Bayerischen Akademie der Wissenschaften und Bayerische Staatsbibliothek",
        "icon": "https://www.deutsche-biographie.de/favicon.ico"
      }
    },
    {
      "@id": "https://www.deutsche-digitale-bibliothek.de/person/gnd/118637673",
      "collection": {
        "abbr": "DDB",
        "name": "Deutsche Digitale Bibliothek",
        "publisher": "Deutsche Digitale Bibliothek",
        "icon": "https://www.deutsche-digitale-bibliothek.de/favicon.ico"
      }
    },
    {
      "@id": "https://www.herder-institut.de/bildkatalog/gnd/118637673",
      "collection": {
        "abbr": "ba-herder",
        "name": "Bildarchiv / Herder-Institut",
        "publisher": "Herder-Institut f\u00fcr historische Ostmitteleuropaforschung \u2013 Institut der Leibniz-Gemeinschaft",
        "icon": "https://www.herder-institut.de/themes/custom/herder-institut/images/favicons/favicon.ico"
      }
    },
    {
      "@id": "https://www.portraitindex.de/dokumente/pnd/118637673",
      "collection": {
        "abbr": "Portraitindex",
        "name": "Digitaler Portraitindex der druckgraphischen Bildnisse der Fru\u0308hen Neuzeit",
        "publisher": "Deutsches Dokumentationszentrum fu\u0308r Kunstgeschichte - Bildarchiv Foto Marburg",
        "icon": "https://www.portraitindex.de/favicon.ico"
      }
    },
    {
      "@id": "http://viaf.org/viaf/285798077",
      "collection": {
        "abbr": "VIAF",
        "name": "Virtual International Authority File (VIAF)",
        "publisher": "OCLC",
        "icon": "https://viaf.org/viaf/images/viaf.ico"
      }
    },
    {
      "@id": "http://www.wikidata.org/entity/Q40433",
      "collection": {
        "abbr": "WIKIDATA",
        "name": "Wikidata",
        "publisher": "Wikimedia Foundation Inc.",
        "icon": "https://www.wikidata.org/static/favicon/wikidata.ico"
      }
    }
  ]
}