{
  "@context": "http://hub.culturegraph.org/entityfacts/context/v1/entityfacts.jsonld",
  "@id": "https://d-nb.info/gnd/118634453",
  "describedBy": {
    "valid": "2026-04-29T06:27:53Z",
    "license": "https://creativecommons.org/publicdomain/zero/1.0/",
    "@id": "https://hub.culturegraph.org/entityfacts/118634453"
  },
  "preferredName": "Vladislav II., Bo\u0308hmen, Ko\u0308nig",
  "surname": "Vladislav II., Bo\u0308hmen, Ko\u0308nig",
  "@type": "person",
  "titleOfNobility": [
    "Ko\u0308nig"
  ],
  "variantName": [
    "Wladislaw II., Ungarn, Ko\u0308nig",
    "Wladislaw II., Bo\u0308hmen, Ko\u0308nig",
    "Ula\u0301szlo\u0301 II., Ungarn, Ko\u0308nig",
    "Vladislav, Jagellovec",
    "La\u0301szlo\u0301 II., Ungarn, Ko\u0308nig",
    "Wladislaus II., Hungaria, Rex",
    "Wladislaw II., Magyarorsza\u0301g, Kira\u0301ly",
    "Vladislav II., Magyarorsza\u0301g, Kira\u0301ly",
    "Wladislaw II., Bo\u0308hmen und Ungarn, Ko\u0308nig",
    "Vladislaus II., Boemia et Hungaria, Rex",
    "Wladislaus II., Boemia, Rex",
    "Vladislaus II., Boemia, Rex",
    "Vladislaus II., Hungaria et Boemia, Rex",
    "W\u0142adys\u0142aw Jagiellon\u0301czyk II.",
    "Vladislav Jagellonsky\u0301",
    "Vladislav Jagelovic\u0301 II."
  ],
  "dateOfBirth": "May 1, 1456",
  "dateOfDeath": "March 13, 1516",
  "placeOfBirth": [
    {
      "@id": "https://d-nb.info/gnd/4073760-3",
      "preferredName": "Krakau"
    }
  ],
  "placeOfDeath": [
    {
      "@id": "https://d-nb.info/gnd/4137173-2",
      "preferredName": "Buda"
    }
  ],
  "associatedCountry": [
    {
      "@id": "https://d-nb.info/standards/vocab/gnd/geographic-area-code#XA-HU",
      "preferredName": "Ungarn"
    },
    {
      "@id": "https://d-nb.info/standards/vocab/gnd/geographic-area-code#XA-CZ",
      "preferredName": "Tschechische Republik"
    },
    {
      "@id": "https://d-nb.info/standards/vocab/gnd/geographic-area-code#XA-PL",
      "preferredName": "Polen"
    }
  ],
  "gender": {
    "@id": "https://d-nb.info/standards/vocab/gnd/gender#male",
    "label": "Mann"
  },
  "biographicalOrHistoricalInformation": "Bo\u0308hm. Ko\u0308nig aus der Familie der Jagiellonen; Ko\u0308nig von Kroatien u. Ungarn",
  "familialRelationship": [
    {
      "@id": "https://d-nb.info/gnd/118990217",
      "relationship": "Vater",
      "preferredName": "Kasimir IV., Polen, Ko\u0308nig"
    },
    {
      "@id": "https://d-nb.info/gnd/123396980",
      "relationship": "Mutter",
      "preferredName": "Elz\u0307bieta, Polen, Ko\u0308nigin"
    },
    {
      "@id": "https://d-nb.info/gnd/133664473",
      "relationship": "Tochter",
      "preferredName": "Anna, Heiliges Ro\u0308misches Reich, Kaiserin"
    },
    {
      "@id": "https://d-nb.info/gnd/119392895",
      "relationship": "Sohn",
      "preferredName": "Ludwig II., Ungarn, Ko\u0308nig"
    }
  ],
  "depiction": {
    "@id": "https://commons.wikimedia.org/wiki/Special:FilePath/Vladislaus%20II.%20of%20Bohemia%20and%20Hungary.gif",
    "publisher": "Wikimedia Commons",
    "copyrighted": "false",
    "creator": [
      ""
    ],
    "creditText": [
      ""
    ],
    "license": [
      {
        "@id": "https://creativecommons.org/publicdomain/mark/1.0/",
        "abbr": "PD",
        "name": "Public Domain",
        "attributionRequired": "false",
        "restrictions": ""
      }
    ],
    "url": "https://commons.wikimedia.org/wiki/File:Vladislaus%20II.%20of%20Bohemia%20and%20Hungary.gif?uselang=en",
    "thumbnail": {
      "@id": "https://commons.wikimedia.org/wiki/Special:FilePath/Vladislaus%20II.%20of%20Bohemia%20and%20Hungary.gif?width=270"
    }
  },
  "sameAs": [
    {
      "@id": "https://d-nb.info/gnd/118634453/about",
      "collection": {
        "abbr": "DNB",
        "name": "Gemeinsame Normdatei (GND) im Katalog der Deutschen Nationalbibliothek",
        "publisher": "Deutsche Nationalbibliothek",
        "icon": "https://www.dnb.de/SiteGlobals/Frontend/DNBWeb/Images/favicon.png?__blob=normal&v=4"
      }
    },
    {
      "@id": "https://de.wikipedia.org/wiki/Vladislav_II._%28B%C3%B6hmen_und_Ungarn%29",
      "collection": {
        "abbr": "dewiki",
        "name": "Wikipedia (Deutsch)",
        "publisher": "Wikimedia Foundation Inc.",
        "icon": "https://de.wikipedia.org/static/favicon/wikipedia.ico"
      }
    },
    {
      "@id": "https://en.wikipedia.org/wiki/Vladislaus_II_of_Hungary",
      "collection": {
        "abbr": "enwiki",
        "name": "Wikipedia (English)",
        "publisher": "Wikimedia Foundation Inc.",
        "icon": "https://en.wikipedia.org/static/favicon/wikipedia.ico"
      }
    },
    {
      "@id": "https://kaiserhof.geschichte.lmu.de/Q/GND=118634453",
      "collection": {
        "abbr": "KH",
        "name": "Kaiser und H\u00f6fe",
        "publisher": "Ludwig-Maximilians-Universit\u00e4t M\u00fcnchen - Historisches Seminar - Fr\u00fche Neuzeit",
        "icon": "https://kaiserhof.geschichte.lmu.de/favicon.ico"
      }
    },
    {
      "@id": "https://kalliope-verbund.info/gnd/118634453",
      "collection": {
        "abbr": "DE-611",
        "name": "Kalliope Verbundkatalog",
        "publisher": "Staatsbibliothek zu Berlin - Preu\u00dfischer Kulturbesitz",
        "icon": "https://kalliope-verbund.info/img/favicon.ico"
      }
    },
    {
      "@id": "https://www.archivportal-d.de/person/gnd/118634453",
      "collection": {
        "abbr": "ARCHIV-D",
        "name": "Archivportal-D",
        "publisher": "Deutsche Digitale Bibliothek",
        "icon": "https://www.archivportal-d.de/favicon.ico"
      }
    },
    {
      "@id": "https://www.deutsche-biographie.de/pnd118634453.html#adbcontent",
      "collection": {
        "abbr": "ADB",
        "name": "Allgemeine Deutsche Biographie (ADB)",
        "publisher": "Historische Kommission bei der Bayerischen Akademie der Wissenschaften und Bayerische Staatsbibliothek",
        "icon": "https://www.deutsche-biographie.de/favicon.ico"
      }
    },
    {
      "@id": "https://www.deutsche-digitale-bibliothek.de/person/gnd/118634453",
      "collection": {
        "abbr": "DDB",
        "name": "Deutsche Digitale Bibliothek",
        "publisher": "Deutsche Digitale Bibliothek",
        "icon": "https://www.deutsche-digitale-bibliothek.de/favicon.ico"
      }
    },
    {
      "@id": "https://www.portraitindex.de/dokumente/pnd/118634453",
      "collection": {
        "abbr": "Portraitindex",
        "name": "Digitaler Portraitindex der druckgraphischen Bildnisse der Fru\u0308hen Neuzeit",
        "publisher": "Deutsches Dokumentationszentrum fu\u0308r Kunstgeschichte - Bildarchiv Foto Marburg",
        "icon": "https://www.portraitindex.de/favicon.ico"
      }
    },
    {
      "@id": "http://id.loc.gov/rwo/agents/n88065574",
      "collection": {
        "abbr": "LC",
        "name": "NACO Authority File",
        "publisher": "Library of Congress",
        "icon": "https://www.loc.gov/favicon.ico"
      }
    },
    {
      "@id": "http://viaf.org/viaf/35999262",
      "collection": {
        "abbr": "VIAF",
        "name": "Virtual International Authority File (VIAF)",
        "publisher": "OCLC",
        "icon": "https://viaf.org/viaf/images/viaf.ico"
      }
    },
    {
      "@id": "http://www.wikidata.org/entity/Q155599",
      "collection": {
        "abbr": "WIKIDATA",
        "name": "Wikidata",
        "publisher": "Wikimedia Foundation Inc.",
        "icon": "https://www.wikidata.org/static/favicon/wikidata.ico"
      }
    },
    {
      "@id": "https://isni.org/isni/0000000374219251",
      "collection": {
        "abbr": "ISNI",
        "name": "International Standard Name Identifier (ISNI)",
        "publisher": "International Standard Name Identifier (ISNI)",
        "icon": "https://www.isni.org/sites/default/files/isni_new_favicon.ico"
      }
    }
  ]
}