{
  "@context": "http://hub.culturegraph.org/entityfacts/context/v1/entityfacts.jsonld",
  "@id": "https://d-nb.info/gnd/118632876",
  "describedBy": {
    "valid": "2026-05-02T05:47:45Z",
    "license": "https://creativecommons.org/publicdomain/zero/1.0/",
    "@id": "https://hub.culturegraph.org/entityfacts/118632876"
  },
  "preferredName": "Wilhelm, Baden-Baden, Markgraf",
  "surname": "Wilhelm, Baden-Baden, Markgraf",
  "@type": "person",
  "titleOfNobility": [
    "Markgraf"
  ],
  "variantName": [
    "Wilhelm, Baden, Markgraf, 1593-1677"
  ],
  "dateOfBirth": "July 30, 1593",
  "dateOfDeath": "May 22, 1677",
  "placeOfBirth": [
    {
      "@id": "https://d-nb.info/gnd/4004169-4",
      "preferredName": "Baden-Baden"
    }
  ],
  "placeOfDeath": [
    {
      "@id": "https://d-nb.info/gnd/4004169-4",
      "preferredName": "Baden-Baden"
    }
  ],
  "placeOfActivity": [
    {
      "@id": "https://d-nb.info/gnd/4056179-3",
      "preferredName": "Speyer"
    }
  ],
  "associatedCountry": [
    {
      "@id": "https://d-nb.info/standards/vocab/gnd/geographic-area-code#XA-DE",
      "preferredName": "Deutschland"
    }
  ],
  "gender": {
    "@id": "https://d-nb.info/standards/vocab/gnd/gender#male",
    "label": "Mann"
  },
  "biographicalOrHistoricalInformation": "1621-1677 regierender Markgraf von Baden-Baden; kaiserlicher Kammerrichter zu Speyer seit 1652",
  "affiliation": [
    {
      "@id": "https://d-nb.info/gnd/64409-2",
      "preferredName": "Heiliges Ro\u0308misches Reich. Reichskammergericht"
    }
  ],
  "familialRelationship": [
    {
      "@id": "https://d-nb.info/gnd/132102315",
      "relationship": "Vater",
      "preferredName": "Eduard Fortunat, Baden-Baden, Markgraf"
    },
    {
      "@id": "https://d-nb.info/gnd/1017916683",
      "relationship": "Mutter",
      "preferredName": "Maria, Baden-Baden, Markgra\u0308fin"
    },
    {
      "@id": "https://d-nb.info/gnd/1018341846",
      "relationship": "Bruder",
      "preferredName": "Hermann Fortunat, Baden-Rodemachern, Markgraf"
    },
    {
      "@id": "https://d-nb.info/gnd/173318800",
      "relationship": "1. Ehefrau",
      "preferredName": "Katharina Ursula, Baden-Baden, Markgra\u0308fin"
    },
    {
      "@id": "https://d-nb.info/gnd/129458139",
      "relationship": "Sohn aus 1. Ehe",
      "preferredName": "Ferdinand Maximilian, Baden-Baden, Markgraf"
    },
    {
      "@id": "https://d-nb.info/gnd/115883266",
      "relationship": "Sohn aus 1. Ehe",
      "preferredName": "Leopold Wilhelm, Baden, Markgraf"
    },
    {
      "@id": "https://d-nb.info/gnd/120145686X",
      "relationship": "Sohn aus 1. Ehe",
      "preferredName": "Philipp Siegmund, Baden-Baden, Markgraf"
    },
    {
      "@id": "https://d-nb.info/gnd/136800335",
      "relationship": "Sohn aus 1. Ehe",
      "preferredName": "Wilhelm Christoph, Baden-Baden, Markgraf"
    },
    {
      "@id": "https://d-nb.info/gnd/118981722",
      "relationship": "Sohn aus 1. Ehe",
      "preferredName": "Hermann, Baden-Baden, Markgraf"
    },
    {
      "@id": "https://d-nb.info/gnd/1013572513",
      "relationship": "Sohn aus 1. Ehe",
      "preferredName": "Bernhard, Baden-Baden, Markgraf"
    },
    {
      "@id": "https://d-nb.info/gnd/1202829635",
      "relationship": "Tochter aus 1. Ehe",
      "preferredName": "Isabella Eugenia Klara, Baden-Baden, Markgra\u0308fin"
    },
    {
      "@id": "https://d-nb.info/gnd/120138737X",
      "relationship": "Tochter aus 1. Ehe",
      "preferredName": "Katharina Franziska Henriette, Baden-Baden, Markgra\u0308fin"
    },
    {
      "@id": "https://d-nb.info/gnd/1203261764",
      "relationship": "Tochter aus 1. Ehe",
      "preferredName": "Claudia, Baden-Baden, Markgra\u0308fin"
    },
    {
      "@id": "https://d-nb.info/gnd/1203262299",
      "relationship": "Tochter aus 1. Ehe",
      "preferredName": "Henriette, Baden-Baden, Markgra\u0308fin"
    },
    {
      "@id": "https://d-nb.info/gnd/1201143942",
      "relationship": "Tochter aus 1. Ehe",
      "preferredName": "Anna, Baden-Baden, Markgra\u0308fin"
    },
    {
      "@id": "https://d-nb.info/gnd/1203260148",
      "relationship": "Tochter aus 1. Ehe",
      "preferredName": "Maria, Baden-Baden, Markgra\u0308fin"
    },
    {
      "@id": "https://d-nb.info/gnd/1203259581",
      "relationship": "Tochter aus 1. Ehe",
      "preferredName": "Maria Juliana, Baden-Baden, Markgra\u0308fin"
    },
    {
      "@id": "https://d-nb.info/gnd/1201434998",
      "relationship": "2. Ehefrau",
      "preferredName": "Maria Magdalena, Baden-Baden, Markgra\u0308fin"
    },
    {
      "@id": "https://d-nb.info/gnd/1202833330",
      "relationship": "Sohn aus 2. Ehe",
      "preferredName": "Philipp Franz Wilhelm, Baden-Baden, Markgraf"
    },
    {
      "@id": "https://d-nb.info/gnd/1201526655",
      "relationship": "Tochter aus 2. Ehe",
      "preferredName": "Maria Anna Wilhelmine von Lobkowitz"
    },
    {
      "@id": "https://d-nb.info/gnd/1233335847",
      "relationship": "Sohn aus 2. Ehe",
      "preferredName": "Karl Bernhard, Baden-Baden, Markgraf"
    },
    {
      "@id": "https://d-nb.info/gnd/1201204852",
      "relationship": "Tochter aus 2. Ehe",
      "preferredName": "Eva, Baden-Baden, Markgra\u0308fin"
    }
  ],
  "depiction": {
    "@id": "https://commons.wikimedia.org/wiki/Special:FilePath/Wilhelm%20I%20von%20Baden.jpg",
    "publisher": "Wikimedia Commons",
    "copyrighted": "false",
    "creator": [
      ""
    ],
    "creditText": [
      "http://de.wikipedia.org/wiki/Bild:Wilhelm_I.jpg"
    ],
    "license": [
      {
        "@id": "https://creativecommons.org/publicdomain/mark/1.0/",
        "abbr": "PD",
        "name": "Public Domain",
        "attributionRequired": "false",
        "restrictions": ""
      }
    ],
    "url": "https://commons.wikimedia.org/wiki/File:Wilhelm%20I%20von%20Baden.jpg?uselang=en",
    "thumbnail": {
      "@id": "https://commons.wikimedia.org/wiki/Special:FilePath/Wilhelm%20I%20von%20Baden.jpg?width=270"
    }
  },
  "sameAs": [
    {
      "@id": "https://d-nb.info/gnd/118632876/about",
      "collection": {
        "abbr": "DNB",
        "name": "Gemeinsame Normdatei (GND) im Katalog der Deutschen Nationalbibliothek",
        "publisher": "Deutsche Nationalbibliothek",
        "icon": "https://www.dnb.de/SiteGlobals/Frontend/DNBWeb/Images/favicon.png?__blob=normal&v=4"
      }
    },
    {
      "@id": "https://de.wikipedia.org/wiki/Wilhelm_%28Baden-Baden%29",
      "collection": {
        "abbr": "dewiki",
        "name": "Wikipedia (Deutsch)",
        "publisher": "Wikimedia Foundation Inc.",
        "icon": "https://de.wikipedia.org/static/favicon/wikipedia.ico"
      }
    },
    {
      "@id": "https://en.wikipedia.org/wiki/William%2C_Margrave_of_Baden-Baden",
      "collection": {
        "abbr": "enwiki",
        "name": "Wikipedia (English)",
        "publisher": "Wikimedia Foundation Inc.",
        "icon": "https://en.wikipedia.org/static/favicon/wikipedia.ico"
      }
    },
    {
      "@id": "https://kaiserhof.geschichte.lmu.de/Q/GND=118632876",
      "collection": {
        "abbr": "KH",
        "name": "Kaiser und H\u00f6fe",
        "publisher": "Ludwig-Maximilians-Universit\u00e4t M\u00fcnchen - Historisches Seminar - Fr\u00fche Neuzeit",
        "icon": "https://kaiserhof.geschichte.lmu.de/favicon.ico"
      }
    },
    {
      "@id": "https://kalliope-verbund.info/gnd/118632876",
      "collection": {
        "abbr": "DE-611",
        "name": "Kalliope Verbundkatalog",
        "publisher": "Staatsbibliothek zu Berlin - Preu\u00dfischer Kulturbesitz",
        "icon": "https://kalliope-verbund.info/img/favicon.ico"
      }
    },
    {
      "@id": "https://www.archivportal-d.de/person/gnd/118632876",
      "collection": {
        "abbr": "ARCHIV-D",
        "name": "Archivportal-D",
        "publisher": "Deutsche Digitale Bibliothek",
        "icon": "https://www.archivportal-d.de/favicon.ico"
      }
    },
    {
      "@id": "https://www.deutsche-biographie.de/pnd118632876.html#adbcontent",
      "collection": {
        "abbr": "ADB",
        "name": "Allgemeine Deutsche Biographie (ADB)",
        "publisher": "Historische Kommission bei der Bayerischen Akademie der Wissenschaften und Bayerische Staatsbibliothek",
        "icon": "https://www.deutsche-biographie.de/favicon.ico"
      }
    },
    {
      "@id": "https://www.deutsche-digitale-bibliothek.de/person/gnd/118632876",
      "collection": {
        "abbr": "DDB",
        "name": "Deutsche Digitale Bibliothek",
        "publisher": "Deutsche Digitale Bibliothek",
        "icon": "https://www.deutsche-digitale-bibliothek.de/favicon.ico"
      }
    },
    {
      "@id": "https://www.portraitindex.de/dokumente/pnd/118632876",
      "collection": {
        "abbr": "Portraitindex",
        "name": "Digitaler Portraitindex der druckgraphischen Bildnisse der Fru\u0308hen Neuzeit",
        "publisher": "Deutsches Dokumentationszentrum fu\u0308r Kunstgeschichte - Bildarchiv Foto Marburg",
        "icon": "https://www.portraitindex.de/favicon.ico"
      }
    },
    {
      "@id": "http://viaf.org/viaf/27864590",
      "collection": {
        "abbr": "VIAF",
        "name": "Virtual International Authority File (VIAF)",
        "publisher": "OCLC",
        "icon": "https://viaf.org/viaf/images/viaf.ico"
      }
    },
    {
      "@id": "http://www.wikidata.org/entity/Q66842",
      "collection": {
        "abbr": "WIKIDATA",
        "name": "Wikidata",
        "publisher": "Wikimedia Foundation Inc.",
        "icon": "https://www.wikidata.org/static/favicon/wikidata.ico"
      }
    },
    {
      "@id": "https://isni.org/isni/0000000013642927",
      "collection": {
        "abbr": "ISNI",
        "name": "International Standard Name Identifier (ISNI)",
        "publisher": "International Standard Name Identifier (ISNI)",
        "icon": "https://www.isni.org/sites/default/files/isni_new_favicon.ico"
      }
    }
  ]
}