{
  "@context": "http://hub.culturegraph.org/entityfacts/context/v1/entityfacts.jsonld",
  "@id": "https://d-nb.info/gnd/11863075X",
  "describedBy": {
    "valid": "2026-05-03T14:52:43Z",
    "license": "https://creativecommons.org/publicdomain/zero/1.0/",
    "@id": "https://hub.culturegraph.org/entityfacts/11863075X"
  },
  "preferredName": "Karl Theodor Welcker",
  "surname": "Welcker",
  "forename": "Karl Theodor",
  "@type": "person",
  "academicDegree": [
    "Prof. Dr. jur."
  ],
  "completeName": [
    "Carl Theodor Georg Philipp Welcker"
  ],
  "variantName": [
    "Karl T. Welcker",
    "Karl Welcker",
    "Carl-Theodor Welcker",
    "Carl Theodor Welcker",
    "C. Th. Welcker",
    "Carl Welcker",
    "Karl T. Welcker"
  ],
  "dateOfBirth": "March 29, 1790",
  "dateOfDeath": "March 10, 1869",
  "placeOfBirth": [
    {
      "@id": "https://d-nb.info/gnd/2058079-4",
      "preferredName": "Ober-Ofleiden"
    }
  ],
  "placeOfDeath": [
    {
      "@id": "https://d-nb.info/gnd/4205696-2",
      "preferredName": "Neuenheim"
    }
  ],
  "placeOfActivity": [
    {
      "@id": "https://d-nb.info/gnd/4020989-1",
      "preferredName": "Gie\u00dfen"
    },
    {
      "@id": "https://d-nb.info/gnd/4030481-4",
      "preferredName": "Kiel"
    },
    {
      "@id": "https://d-nb.info/gnd/4023996-2",
      "preferredName": "Heidelberg"
    },
    {
      "@id": "https://d-nb.info/gnd/4007666-0",
      "preferredName": "Bonn"
    },
    {
      "@id": "https://d-nb.info/gnd/4018272-1",
      "preferredName": "Freiburg im Breisgau"
    },
    {
      "@id": "https://d-nb.info/gnd/4018118-2",
      "preferredName": "Frankfurt am Main"
    }
  ],
  "associatedCountry": [
    {
      "@id": "https://d-nb.info/standards/vocab/gnd/geographic-area-code#XA-DE",
      "preferredName": "Deutschland"
    }
  ],
  "professionOrOccupation": [
    {
      "@id": "https://d-nb.info/gnd/4029050-5",
      "preferredName": "Jurist"
    },
    {
      "@id": "https://d-nb.info/gnd/4025243-7",
      "preferredName": "Hochschullehrer"
    },
    {
      "@id": "https://d-nb.info/gnd/4176310-5",
      "preferredName": "Publizist"
    },
    {
      "@id": "https://d-nb.info/gnd/4046517-2",
      "preferredName": "Politiker"
    },
    {
      "@id": "https://d-nb.info/gnd/4000135-0",
      "preferredName": "Abgeordneter"
    }
  ],
  "gender": {
    "@id": "https://d-nb.info/standards/vocab/gnd/gender#male",
    "label": "Mann"
  },
  "biographicalOrHistoricalInformation": "Dt. Jurist, Staatsrechtslehrer, Politiker; 1813 Privatdozent, 1814 Professor der Rechtswissenschaften an der Universita\u0308t Gie\u00dfen, 1814-1816 an der Universita\u0308t Kiel, 1816-1819 an der Universita\u0308t Heidelberg, 1819-1822 an der Universita\u0308t Bonn, 1822-1832 und 1840-1841 Professor des Staatsrechts an der Universita\u0308t Freiburg; 1831-1851 Mitglied der Zweiten Badischen Kammer, 1848-1849 Abgeordneter der Frankfurter Nationalversammlung; 1828 gro\u00dfherzogl. badischer Hofrat, 1848 Geheimrat",
  "affiliation": [
    {
      "@id": "https://d-nb.info/gnd/2024338-8",
      "preferredName": "Albert-Ludwigs-Universita\u0308t Freiburg"
    },
    {
      "@id": "https://d-nb.info/gnd/36150-1",
      "preferredName": "Rheinische Friedrich-Wilhelms-Universita\u0308t Bonn"
    },
    {
      "@id": "https://d-nb.info/gnd/2024349-2",
      "preferredName": "Universita\u0308t Heidelberg"
    },
    {
      "@id": "https://d-nb.info/gnd/2024175-6",
      "preferredName": "Christian-Albrechts-Universita\u0308t zu Kiel"
    },
    {
      "@id": "https://d-nb.info/gnd/36154-9",
      "preferredName": "Justus-Liebig-Universita\u0308t Gie\u00dfen"
    },
    {
      "@id": "https://d-nb.info/gnd/4018128-5",
      "preferredName": "Frankfurter Nationalversammlung"
    },
    {
      "@id": "https://d-nb.info/gnd/136328875X",
      "preferredName": "Siebener-Ausschuss"
    }
  ],
  "familialRelationship": [
    {
      "@id": "https://d-nb.info/gnd/117309184",
      "relationship": "Mutter",
      "preferredName": "Johanna Welcker"
    },
    {
      "@id": "https://d-nb.info/gnd/117309494",
      "relationship": "Vater",
      "preferredName": "Philipp Christoph Welcker"
    },
    {
      "@id": "https://d-nb.info/gnd/117308986",
      "relationship": "Ehefrau 1816-1844",
      "preferredName": "Emma Welcker"
    },
    {
      "@id": "https://d-nb.info/gnd/117309516",
      "relationship": "Sohn",
      "preferredName": "Rudolf Welcker"
    },
    {
      "@id": "https://d-nb.info/gnd/117309435",
      "relationship": "Sohn",
      "preferredName": "Otto Welcker"
    },
    {
      "@id": "https://d-nb.info/gnd/117308943",
      "relationship": "Tochter",
      "preferredName": "Bertha Welcker"
    },
    {
      "@id": "https://d-nb.info/gnd/117309427",
      "relationship": "Tochter",
      "preferredName": "Ottilie Welcker"
    },
    {
      "@id": "https://d-nb.info/gnd/117309370",
      "relationship": "Tochter",
      "preferredName": "Mathilde Welcker"
    },
    {
      "@id": "https://d-nb.info/gnd/117309001",
      "relationship": "Tochter",
      "preferredName": "Emma Welcker"
    }
  ],
  "depiction": {
    "@id": "https://commons.wikimedia.org/wiki/Special:FilePath/CarlTheodorWelcker1848.jpg",
    "publisher": "Wikimedia Commons",
    "copyrighted": "false",
    "creator": [
      ""
    ],
    "creditText": [
      ""
    ],
    "license": [
      {
        "@id": "https://creativecommons.org/publicdomain/mark/1.0/",
        "abbr": "PD",
        "name": "Public Domain",
        "attributionRequired": "false",
        "restrictions": ""
      }
    ],
    "url": "https://commons.wikimedia.org/wiki/File:CarlTheodorWelcker1848.jpg?uselang=en",
    "thumbnail": {
      "@id": "https://commons.wikimedia.org/wiki/Special:FilePath/CarlTheodorWelcker1848.jpg?width=270"
    }
  },
  "sameAs": [
    {
      "@id": "https://d-nb.info/gnd/11863075X/about",
      "collection": {
        "abbr": "DNB",
        "name": "Gemeinsame Normdatei (GND) im Katalog der Deutschen Nationalbibliothek",
        "publisher": "Deutsche Nationalbibliothek",
        "icon": "https://www.dnb.de/SiteGlobals/Frontend/DNBWeb/Images/favicon.png?__blob=normal&v=4"
      }
    },
    {
      "@id": "https://de.wikipedia.org/wiki/Carl_Theodor_Welcker",
      "collection": {
        "abbr": "dewiki",
        "name": "Wikipedia (Deutsch)",
        "publisher": "Wikimedia Foundation Inc.",
        "icon": "https://de.wikipedia.org/static/favicon/wikipedia.ico"
      }
    },
    {
      "@id": "https://en.wikipedia.org/wiki/Carl_Theodor_Welcker",
      "collection": {
        "abbr": "enwiki",
        "name": "Wikipedia (English)",
        "publisher": "Wikimedia Foundation Inc.",
        "icon": "https://en.wikipedia.org/static/favicon/wikipedia.ico"
      }
    },
    {
      "@id": "https://kalliope-verbund.info/gnd/11863075X",
      "collection": {
        "abbr": "DE-611",
        "name": "Kalliope Verbundkatalog",
        "publisher": "Staatsbibliothek zu Berlin - Preu\u00dfischer Kulturbesitz",
        "icon": "https://kalliope-verbund.info/img/favicon.ico"
      }
    },
    {
      "@id": "https://raa.gf-franken.de/de/suche-nach-stammbucheintraegen.html?permaLink=1806_welcker;0",
      "collection": {
        "abbr": "RAAE",
        "name": "Repertorium Alborum Amicorum (RAA) - Stammbucheintr\u00e4ge",
        "publisher": "Department Germanistik und Komparatistik der Friedrich-Alexander-Universit\u00e4t Erlangen-N\u00fcrnberg in Zusammenarbeit mit der Gesellschaft f\u00fcr Familienforschung in Franken",
        "icon": "https://www.gf-franken.de/favicon.ico"
      }
    },
    {
      "@id": "https://raa.gf-franken.de/de/suche-nach-stammbucheintraegen.html?permaLink=1848_schorn;94",
      "collection": {
        "abbr": "RAAE",
        "name": "Repertorium Alborum Amicorum (RAA) - Stammbucheintr\u00e4ge",
        "publisher": "Department Germanistik und Komparatistik der Friedrich-Alexander-Universit\u00e4t Erlangen-N\u00fcrnberg in Zusammenarbeit mit der Gesellschaft f\u00fcr Familienforschung in Franken",
        "icon": "https://www.gf-franken.de/favicon.ico"
      }
    },
    {
      "@id": "https://raa.gf-franken.de/de/suche-nach-stammbuechern.html?permaLink=1806_welcker",
      "collection": {
        "abbr": "RAAS",
        "name": "Repertorium Alborum Amicorum (RAA) - Stammb\u00fccher",
        "publisher": "Department Germanistik und Komparatistik der Friedrich-Alexander-Universit\u00e4t Erlangen-N\u00fcrnberg in Zusammenarbeit mit der Gesellschaft f\u00fcr Familienforschung in Franken",
        "icon": "https://www.gf-franken.de/favicon.ico"
      }
    },
    {
      "@id": "https://www.archivportal-d.de/person/gnd/11863075X",
      "collection": {
        "abbr": "ARCHIV-D",
        "name": "Archivportal-D",
        "publisher": "Deutsche Digitale Bibliothek",
        "icon": "https://www.archivportal-d.de/favicon.ico"
      }
    },
    {
      "@id": "https://www.deutsche-biographie.de/pnd11863075X.html#adbcontent",
      "collection": {
        "abbr": "ADB",
        "name": "Allgemeine Deutsche Biographie (ADB)",
        "publisher": "Historische Kommission bei der Bayerischen Akademie der Wissenschaften und Bayerische Staatsbibliothek",
        "icon": "https://www.deutsche-biographie.de/favicon.ico"
      }
    },
    {
      "@id": "https://www.deutsche-digitale-bibliothek.de/person/gnd/11863075X",
      "collection": {
        "abbr": "DDB",
        "name": "Deutsche Digitale Bibliothek",
        "publisher": "Deutsche Digitale Bibliothek",
        "icon": "https://www.deutsche-digitale-bibliothek.de/favicon.ico"
      }
    },
    {
      "@id": "https://www.lagis-hessen.de/pnd/11863075X",
      "collection": {
        "abbr": "LAGIS",
        "name": "Hessische Biografie",
        "publisher": "Hessisches Landesamt fu\u0308r geschichtliche Landeskunde",
        "icon": "https://www.lagis-hessen.de/favicon.ico"
      }
    },
    {
      "@id": "https://www.portraitindex.de/dokumente/pnd/11863075X",
      "collection": {
        "abbr": "Portraitindex",
        "name": "Digitaler Portraitindex der druckgraphischen Bildnisse der Fru\u0308hen Neuzeit",
        "publisher": "Deutsches Dokumentationszentrum fu\u0308r Kunstgeschichte - Bildarchiv Foto Marburg",
        "icon": "https://www.portraitindex.de/favicon.ico"
      }
    },
    {
      "@id": "http://id.loc.gov/rwo/agents/n81125553",
      "collection": {
        "abbr": "LC",
        "name": "NACO Authority File",
        "publisher": "Library of Congress",
        "icon": "https://www.loc.gov/favicon.ico"
      }
    },
    {
      "@id": "http://viaf.org/viaf/13100466",
      "collection": {
        "abbr": "VIAF",
        "name": "Virtual International Authority File (VIAF)",
        "publisher": "OCLC",
        "icon": "https://viaf.org/viaf/images/viaf.ico"
      }
    },
    {
      "@id": "http://www.wikidata.org/entity/Q64180",
      "collection": {
        "abbr": "WIKIDATA",
        "name": "Wikidata",
        "publisher": "Wikimedia Foundation Inc.",
        "icon": "https://www.wikidata.org/static/favicon/wikidata.ico"
      }
    },
    {
      "@id": "https://isni.org/isni/0000000108713839",
      "collection": {
        "abbr": "ISNI",
        "name": "International Standard Name Identifier (ISNI)",
        "publisher": "International Standard Name Identifier (ISNI)",
        "icon": "https://www.isni.org/sites/default/files/isni_new_favicon.ico"
      }
    }
  ]
}