{
  "@context": "http://hub.culturegraph.org/entityfacts/context/v1/entityfacts.jsonld",
  "@id": "https://d-nb.info/gnd/118610058",
  "describedBy": {
    "valid": "2026-05-02T10:01:11Z",
    "license": "https://creativecommons.org/publicdomain/zero/1.0/",
    "@id": "https://hub.culturegraph.org/entityfacts/118610058"
  },
  "preferredName": "Friedrich Karl, Bamberg, Bischof",
  "surname": "Friedrich Karl, Bamberg, Bischof",
  "@type": "person",
  "titleOfNobility": [
    "Graf"
  ],
  "variantName": [
    "Friedrich Karl, Wu\u0308rzburg, Bischof",
    "Friedrich Karl, Reichsvizekanzler",
    "Friedrich Karl, von Scho\u0308nborn-Buchheim",
    "Friedrich Karl von Scho\u0308nborn-Buchheim",
    "Friedrich Karl von Scho\u0308nborn-Buchheim",
    "Friedrich Karl von Scho\u0308nborn",
    "Friedrich Carl, Bamberg, Bischof",
    "Friedrich Carl, Wu\u0308rzburg, Bischof",
    "Friedrich Carl, Reichsvizekanzler",
    "Friedrich Carl, Vizekanzler",
    "Friedrich Carl, von Scho\u0308nborn-Buchheim",
    "Friedrich Carl von Scho\u0308nborn-Buchheim",
    "Friedrich Carl von Scho\u0308nborn-Buchheim",
    "Friedrich Carl, von Scho\u0308nborn",
    "Friedrich Carl von Scho\u0308nborn",
    "Fridericus Carolus, Bamberga, Episcopus",
    "Fridericus Carolus, Episcopus Bambergensis",
    "Fridericus Carolus, Herbipolis, Episcopus",
    "Fridericus Carolus, Episcopus Herbipolensis",
    "Fridericus Carolus, Vice-Cancellarius",
    "Fridericus Carolus, a Scho\u0308nborn-Buchheim",
    "Fridericus Carolus a Scho\u0308nborn-Buchheim",
    "Fridericus Carolus a Scho\u0308nborn-Buchheim",
    "Fridericus Carolus, a Scho\u0308nborn",
    "Fridericus Carolus a Scho\u0308nborn",
    "Friedrich Karl, von Scho\u0308nborn",
    "Friedrich K. von Scho\u0308nborn"
  ],
  "dateOfBirth": "March 3, 1674",
  "dateOfDeath": "July 26, 1746",
  "placeOfBirth": [
    {
      "@id": "https://d-nb.info/gnd/4037124-4",
      "preferredName": "Mainz"
    }
  ],
  "placeOfDeath": [
    {
      "@id": "https://d-nb.info/gnd/4067037-5",
      "preferredName": "Wu\u0308rzburg"
    }
  ],
  "placeOfActivity": [
    {
      "@id": "https://d-nb.info/gnd/4066009-6",
      "preferredName": "Wien"
    },
    {
      "@id": "https://d-nb.info/gnd/4004391-5",
      "preferredName": "Bamberg"
    },
    {
      "@id": "https://d-nb.info/gnd/4067037-5",
      "preferredName": "Wu\u0308rzburg"
    },
    {
      "@id": "https://d-nb.info/gnd/4080249-8",
      "preferredName": "Hochstift Bamberg"
    },
    {
      "@id": "https://d-nb.info/gnd/4128539-6",
      "preferredName": "Hochstift Wu\u0308rzburg"
    }
  ],
  "associatedCountry": [
    {
      "@id": "https://d-nb.info/standards/vocab/gnd/geographic-area-code#XA-DE",
      "preferredName": "Deutschland"
    },
    {
      "@id": "https://d-nb.info/standards/vocab/gnd/geographic-area-code#XA-AT",
      "preferredName": "\u00d6sterreich"
    }
  ],
  "professionOrOccupation": [
    {
      "@id": "https://d-nb.info/gnd/4188461-9",
      "preferredName": "Vizekanzler"
    },
    {
      "@id": "https://d-nb.info/gnd/7793255-9",
      "preferredName": "Titularbischof"
    },
    {
      "@id": "https://d-nb.info/gnd/4006949-7",
      "preferredName": "Bischof"
    },
    {
      "@id": "https://d-nb.info/gnd/4304876-6",
      "preferredName": "Fu\u0308rstbischof"
    },
    {
      "@id": "https://d-nb.info/gnd/4156371-2",
      "preferredName": "Geistlicher Fu\u0308rst"
    }
  ],
  "gender": {
    "@id": "https://d-nb.info/standards/vocab/gnd/gender#male",
    "label": "Mann"
  },
  "affiliation": [
    {
      "@id": "https://d-nb.info/gnd/4076627-5",
      "preferredName": "Deutschland. Reichshofkanzlei"
    },
    {
      "@id": "https://d-nb.info/gnd/1080665633",
      "preferredName": "Katholische Kirche. Dio\u0308zese Bamberg"
    },
    {
      "@id": "https://d-nb.info/gnd/1080665633",
      "preferredName": "Katholische Kirche. Dio\u0308zese Bamberg"
    },
    {
      "@id": "https://d-nb.info/gnd/1123849374",
      "preferredName": "Katholische Kirche. Dio\u0308zese Wu\u0308rzburg"
    }
  ],
  "relatedPerson": [
    {
      "@id": "https://d-nb.info/gnd/122416643",
      "preferredName": "Scho\u0308nborn-Buchheim, Familie"
    },
    {
      "@id": "https://d-nb.info/gnd/118610082",
      "preferredName": "Scho\u0308nborn, Familie, Adel"
    }
  ],
  "familialRelationship": [
    {
      "@id": "https://d-nb.info/gnd/119475936",
      "relationship": "Vater",
      "preferredName": "Melchior Friedrich von Scho\u0308nborn"
    },
    {
      "@id": "https://d-nb.info/gnd/118976788",
      "relationship": "Bruder",
      "preferredName": "Johann Philipp Franz, Wu\u0308rzburg, Bischof"
    },
    {
      "@id": "https://d-nb.info/gnd/118820613",
      "relationship": "Bruder",
      "preferredName": "Damian Hugo, Speyer, Bischof"
    },
    {
      "@id": "https://d-nb.info/gnd/118610074",
      "relationship": "Bruder",
      "preferredName": "Rudolf Franz Erwein von Scho\u0308nborn"
    },
    {
      "@id": "https://d-nb.info/gnd/11882077X",
      "relationship": "Bruder",
      "preferredName": "Franz Georg, Trier, Erzbischof"
    },
    {
      "@id": "https://d-nb.info/gnd/118729187",
      "relationship": "Onkel",
      "preferredName": "Lothar Franz, Mainz, Erzbischof, Kurfu\u0308rst"
    }
  ],
  "depiction": {
    "@id": "https://commons.wikimedia.org/wiki/Special:FilePath/Sch%C3%B6nborn%20W%C3%BCrzburg%20Mainfr%C3%A4nkisches%20Museum%20Marienberg.jpg",
    "publisher": "Wikimedia Commons",
    "copyrighted": "false",
    "creator": [
      "Johann Gottfried Auerbach"
    ],
    "creditText": [
      "uploader was Hajotthu at de.wikipedia"
    ],
    "license": [
      {
        "@id": "https://creativecommons.org/publicdomain/mark/1.0/",
        "abbr": "PD",
        "name": "Public Domain",
        "attributionRequired": "false",
        "restrictions": ""
      }
    ],
    "url": "https://commons.wikimedia.org/wiki/File:Sch%C3%B6nborn%20W%C3%BCrzburg%20Mainfr%C3%A4nkisches%20Museum%20Marienberg.jpg?uselang=en",
    "thumbnail": {
      "@id": "https://commons.wikimedia.org/wiki/Special:FilePath/Sch%C3%B6nborn%20W%C3%BCrzburg%20Mainfr%C3%A4nkisches%20Museum%20Marienberg.jpg?width=270"
    }
  },
  "sameAs": [
    {
      "@id": "https://d-nb.info/gnd/118610058/about",
      "collection": {
        "abbr": "DNB",
        "name": "Gemeinsame Normdatei (GND) im Katalog der Deutschen Nationalbibliothek",
        "publisher": "Deutsche Nationalbibliothek",
        "icon": "https://www.dnb.de/SiteGlobals/Frontend/DNBWeb/Images/favicon.png?__blob=normal&v=4"
      }
    },
    {
      "@id": "https://de.wikipedia.org/wiki/Friedrich_Karl_von_Sch%C3%B6nborn-Buchheim",
      "collection": {
        "abbr": "dewiki",
        "name": "Wikipedia (Deutsch)",
        "publisher": "Wikimedia Foundation Inc.",
        "icon": "https://de.wikipedia.org/static/favicon/wikipedia.ico"
      }
    },
    {
      "@id": "https://en.wikipedia.org/wiki/Friedrich_Karl_von_Sch%C3%B6nborn",
      "collection": {
        "abbr": "enwiki",
        "name": "Wikipedia (English)",
        "publisher": "Wikimedia Foundation Inc.",
        "icon": "https://en.wikipedia.org/static/favicon/wikipedia.ico"
      }
    },
    {
      "@id": "https://kaiserhof.geschichte.lmu.de/Q/GND=118610058",
      "collection": {
        "abbr": "KH",
        "name": "Kaiser und H\u00f6fe",
        "publisher": "Ludwig-Maximilians-Universit\u00e4t M\u00fcnchen - Historisches Seminar - Fr\u00fche Neuzeit",
        "icon": "https://kaiserhof.geschichte.lmu.de/favicon.ico"
      }
    },
    {
      "@id": "https://kalliope-verbund.info/gnd/118610058",
      "collection": {
        "abbr": "DE-611",
        "name": "Kalliope Verbundkatalog",
        "publisher": "Staatsbibliothek zu Berlin - Preu\u00dfischer Kulturbesitz",
        "icon": "https://kalliope-verbund.info/img/favicon.ico"
      }
    },
    {
      "@id": "https://www.archivportal-d.de/person/gnd/118610058",
      "collection": {
        "abbr": "ARCHIV-D",
        "name": "Archivportal-D",
        "publisher": "Deutsche Digitale Bibliothek",
        "icon": "https://www.archivportal-d.de/favicon.ico"
      }
    },
    {
      "@id": "https://www.deutsche-biographie.de/pnd118610058.html#adbcontent",
      "collection": {
        "abbr": "ADB",
        "name": "Allgemeine Deutsche Biographie (ADB)",
        "publisher": "Historische Kommission bei der Bayerischen Akademie der Wissenschaften und Bayerische Staatsbibliothek",
        "icon": "https://www.deutsche-biographie.de/favicon.ico"
      }
    },
    {
      "@id": "https://www.deutsche-biographie.de/pnd118610058.html#ndbcontent",
      "collection": {
        "abbr": "NDB",
        "name": "Neue Deutsche Biographie (NDB)",
        "publisher": "Historische Kommission bei der Bayerischen Akademie der Wissenschaften und Bayerische Staatsbibliothek",
        "icon": "https://www.deutsche-biographie.de/favicon.ico"
      }
    },
    {
      "@id": "https://www.deutsche-digitale-bibliothek.de/person/gnd/118610058",
      "collection": {
        "abbr": "DDB",
        "name": "Deutsche Digitale Bibliothek",
        "publisher": "Deutsche Digitale Bibliothek",
        "icon": "https://www.deutsche-digitale-bibliothek.de/favicon.ico"
      }
    },
    {
      "@id": "https://www.portraitindex.de/dokumente/pnd/118610058",
      "collection": {
        "abbr": "Portraitindex",
        "name": "Digitaler Portraitindex der druckgraphischen Bildnisse der Fru\u0308hen Neuzeit",
        "publisher": "Deutsches Dokumentationszentrum fu\u0308r Kunstgeschichte - Bildarchiv Foto Marburg",
        "icon": "https://www.portraitindex.de/favicon.ico"
      }
    },
    {
      "@id": "http://id.loc.gov/rwo/agents/n88273347",
      "collection": {
        "abbr": "LC",
        "name": "NACO Authority File",
        "publisher": "Library of Congress",
        "icon": "https://www.loc.gov/favicon.ico"
      }
    },
    {
      "@id": "http://viaf.org/viaf/54941197",
      "collection": {
        "abbr": "VIAF",
        "name": "Virtual International Authority File (VIAF)",
        "publisher": "OCLC",
        "icon": "https://viaf.org/viaf/images/viaf.ico"
      }
    },
    {
      "@id": "http://www.wikidata.org/entity/Q67281",
      "collection": {
        "abbr": "WIKIDATA",
        "name": "Wikidata",
        "publisher": "Wikimedia Foundation Inc.",
        "icon": "https://www.wikidata.org/static/favicon/wikidata.ico"
      }
    },
    {
      "@id": "https://isni.org/isni/0000000055352186",
      "collection": {
        "abbr": "ISNI",
        "name": "International Standard Name Identifier (ISNI)",
        "publisher": "International Standard Name Identifier (ISNI)",
        "icon": "https://www.isni.org/sites/default/files/isni_new_favicon.ico"
      }
    }
  ]
}