{
  "@context": "http://hub.culturegraph.org/entityfacts/context/v1/entityfacts.jsonld",
  "@id": "https://d-nb.info/gnd/118607626",
  "describedBy": {
    "valid": "2026-05-03T09:53:13Z",
    "license": "https://creativecommons.org/publicdomain/zero/1.0/",
    "@id": "https://hub.culturegraph.org/entityfacts/118607626"
  },
  "preferredName": "Friedrich Schiller",
  "surname": "Schiller",
  "forename": "Friedrich",
  "@type": "person",
  "academicDegree": [
    "Dr. med."
  ],
  "laterName": [
    "Friedrich von Schiller"
  ],
  "variantName": [
    "Friederich Schiller",
    "Friederich von Schiller",
    "C. Friedrich von Schiller",
    "Federico de Schiller",
    "Fridrich von Schiller",
    "Fridrich Schiller",
    "Friderich Schiller",
    "Friedrich Johann Christoph von Schiller",
    "Friedrich v. Schiller",
    "Friedr. von Schiller",
    "Fr. Schiller",
    "Federicus Schiller",
    "Johann Christoph Friedrich von Schiller",
    "Johann Christoph Friderich Schiller",
    "Johann Christoph Friedrich Schiller",
    "Joh. Christoph Frid. Schiller",
    "Johann C. von Schiller",
    "Johann C. Schiller",
    "Johann Friedrich Christoph von Schiller",
    "Giovanni Cristoforo Federico Schiller",
    "Johann F. von Schiller",
    "J. C. Friedrich von Schiller",
    "J. C. F. Schiller",
    "Johann Frederich Schiller",
    "Bedr\u030cich Schiller",
    "C. F. Schiller",
    "Federico Schiller",
    "Frederic Schiller",
    "Fre\u0301de\u0301ric Schiller",
    "Fre\u0301de\u0301ric de Schiller",
    "Fre\u0301de\u0301ric von Schiller",
    "Frederik Schiller",
    "Frederick Schiller",
    "Frederico Schiller",
    "Friderico Schiller",
    "Fridericus Schiller",
    "Fridericus de Schiller",
    "Frideriko Schiller",
    "Fridrik Schiller",
    "Fridrick Schiller",
    "Fryderyk Schiller",
    "Frigyes Schiller",
    "Fr. v. Schiller",
    "Fr. von Schiller",
    "F. von Schiller",
    "F. Schiller",
    "Bjedrich Schiller",
    "Fridericus Schillerus",
    "Fridericus de Schillerus",
    "Schiller",
    "Schu\u0308ller",
    "Hsilo\u0302",
    "Fridrih Shiler",
    "Shira\u0302",
    "Shirureru",
    "Fridrich S\u030ciler",
    "Fridrih S\u030ciler",
    "Fridrik S\u030ciler",
    "Johan Hristof Fridrih fon S\u030ciler",
    "S\u030ciler",
    "Phridrih S\u030cileri",
    "Fridrichas S\u030cileris",
    "Frydrichas S\u030cileris",
    "Frydrychas S\u030cileris",
    "Fri\u0304dri\u0304s\u030c S\u030ci\u0304lir",
    "Fri\u0304dri\u0304s\u030c fu\u0304n S\u030ci\u0304lir",
    "Fridri\u0304k S\u030ci\u0304lir",
    "Frederik fon S\u0327iller",
    "Fridricku Siller",
    "Fridrich S\u030ciller",
    "Fridrih S\u030ciller",
    "Bedr\u030cich S\u030ciller",
    "Fridrix S\u030ciller",
    "Firedirix S\u030ciller",
    "Fr. S\u030ciller",
    "F. S\u030ciller",
    "Iogann Christof Fridrich S\u030ciller",
    "Phre\u0304ntrich Siller",
    "Phriderikos Siller",
    "S\u030ciller",
    "S\u0327iller",
    "Fr. S\u030cillers",
    "S\u030ci\u0304llir",
    "P'u\u0306ridu\u0306rihi Sillo\u0306",
    "Shih-lo",
    "Yu\u0304ha\u0304n Kri\u0304stuf Fridi\u0304k fun S\u030ci\u0304lir",
    "F. Sillr",
    "Schyller",
    "Fu li de li xi Xi le",
    "Fulidelixi-Xile",
    "Fulidelixi Xile",
    "Xile",
    "Fridrikh Shiler",
    "Fridrikh Shiller",
    "F. Sinle",
    "Piririx Sileri",
    "P\u02b9ridrix S\u030cileri",
    "Piaeuridaeurihi Swillaeo",
    "Frydrych S\u030cyler",
    "Fryderyk Szyller",
    "Fari\u0304dri\u0304k S\u030ci\u0304lar",
    "Y.",
    "Hsi-le",
    "Hsi-lo",
    "Fridrih\u0331 S\u030ciller",
    "Fridrichy\u0307 S\u030ciller",
    "Frydrych S\u030cyler",
    "Furi\u0304dorihi fon Shira\u0304",
    "Miroslav S\u030ciler",
    "Peu li deu li hi Sil leo",
    "Peu li deu li hi Sil leo",
    "P'u\u0306ridu\u0306rihi Sillo\u0306",
    "P'u\u0306ridu\u0306rihi Sillo\u0306",
    "Friedrich von Schiller",
    "\u1111\u1173\u1105\u1175\u1103\u1173\u1105\u1175\u1112\u1175 \u1109\u1175\u11af\u1105\u1165",
    "\u1109\u1175\u11af\u1105\u1165 \u1111\u1173\u1105\u1175\u1103\u1173\u1105\u1175\u1112\u1175",
    "\u5f17\u91cc\u5fb7\u91cc\u5e0c\u00b7\u5e2d\u52d2",
    "\u5e2d\u52d2",
    "\u5f17\u91cc\u5fb7\u91cc\u5e0c\u00b7\u5e2d\u52d2",
    "\u5e2d\u52d2",
    "\u0424\u0440\u0438\u0434\u0440\u0438\u0445 \u0428\u0438\u043b\u0435\u0440",
    "\u0424\u0440\u044b\u0434\u0440\u044b\u0445 \u0428\u044b\u043b\u0435\u0440",
    "\u0424\u0440\u0438\u0434\u0440\u0438\u0445 \u0428\u0438\u043b\u043b\u0435\u0440",
    "\u0424. \u0428\u0438\u043b\u043b\u0435\u0440",
    "\u5f17\u91cc\u5fb7\u91cc\u5e0c\u00b7\u5e2d\u52d2",
    "\u06a7\u0649\u0631\u06d0\u062f\u0649\u0631\u0649 \u0634\u0649\u0644\u0644\u06d0\u0631"
  ],
  "pseudonym": [
    {
      "preferredName": "Hogarth"
    }
  ],
  "realIdentity": [
    {
      "preferredName": "Johann Christoph Friedrich von Schiller"
    }
  ],
  "dateOfBirth": "November 10, 1759",
  "dateOfDeath": "May 9, 1805",
  "placeOfBirth": [
    {
      "@id": "https://d-nb.info/gnd/4037443-9",
      "preferredName": "Marbach am Neckar"
    }
  ],
  "placeOfDeath": [
    {
      "@id": "https://d-nb.info/gnd/4065105-8",
      "preferredName": "Weimar"
    }
  ],
  "placeOfActivity": [
    {
      "@id": "https://d-nb.info/gnd/4037372-1",
      "preferredName": "Mannheim"
    },
    {
      "@id": "https://d-nb.info/gnd/4028557-1",
      "preferredName": "Jena"
    },
    {
      "@id": "https://d-nb.info/gnd/4065105-8",
      "preferredName": "Weimar"
    }
  ],
  "associatedCountry": [
    {
      "@id": "https://d-nb.info/standards/vocab/gnd/geographic-area-code#XA-DE",
      "preferredName": "Deutschland"
    }
  ],
  "professionOrOccupation": [
    {
      "@id": "https://d-nb.info/gnd/4053309-8",
      "preferredName": "Schriftsteller"
    },
    {
      "@id": "https://d-nb.info/gnd/4140241-8",
      "preferredName": "Dramatiker"
    },
    {
      "@id": "https://d-nb.info/gnd/4152967-4",
      "preferredName": "Erza\u0308hler"
    },
    {
      "@id": "https://d-nb.info/gnd/4168391-2",
      "preferredName": "Lyriker"
    },
    {
      "@id": "https://d-nb.info/gnd/4167564-2",
      "preferredName": "Librettist"
    },
    {
      "@id": "https://d-nb.info/gnd/4025098-2",
      "preferredName": "Historiker"
    },
    {
      "@id": "https://d-nb.info/gnd/4025243-7",
      "preferredName": "Hochschullehrer"
    },
    {
      "@id": "https://d-nb.info/gnd/4003157-3",
      "preferredName": "Arzt"
    }
  ],
  "gender": {
    "@id": "https://d-nb.info/standards/vocab/gnd/gender#male",
    "label": "Mann"
  },
  "biographicalOrHistoricalInformation": "1789 Professor fu\u0308r Geschichte in Jena; 1802 nobilitiert",
  "affiliation": [
    {
      "@id": "https://d-nb.info/gnd/6018412-7",
      "preferredName": "Schillers Geburtshaus"
    },
    {
      "@id": "https://d-nb.info/gnd/2060690-4",
      "preferredName": "Grossherzogliches Hof- und Nationaltheater Mannheim"
    }
  ],
  "relatedPerson": [
    {
      "@id": "https://d-nb.info/gnd/1110061242",
      "relationship": "Jugendliebe",
      "preferredName": "Charlotte von Wolzogen"
    },
    {
      "@id": "https://d-nb.info/gnd/10105128X",
      "relationship": "Mitschu\u0308ler",
      "preferredName": "Ludwig Friedrich Grub"
    },
    {
      "@id": "https://d-nb.info/gnd/1012276740",
      "relationship": "Freund",
      "preferredName": "Franz Joseph Kapf"
    },
    {
      "@id": "https://d-nb.info/gnd/1079186107",
      "relationship": "Freund",
      "preferredName": "Johann Christian Weckerlin"
    },
    {
      "@id": "https://d-nb.info/gnd/118540238",
      "preferredName": "Johann Wolfgang von Goethe"
    },
    {
      "@id": "https://d-nb.info/gnd/11852240X",
      "preferredName": "Johann Friedrich von Cotta"
    },
    {
      "@id": "https://d-nb.info/gnd/1012273571",
      "relationship": "Bekannte",
      "preferredName": "Anna Ho\u0308lzel"
    },
    {
      "@id": "https://d-nb.info/gnd/1012412709",
      "relationship": "Lehrer",
      "preferredName": "Johann Friedrich Jahn"
    }
  ],
  "familialRelationship": [
    {
      "@id": "https://d-nb.info/gnd/119072769",
      "relationship": "Vater",
      "preferredName": "Johann Caspar Schiller"
    },
    {
      "@id": "https://d-nb.info/gnd/11879499X",
      "relationship": "Mutter",
      "preferredName": "Elisabetha Dorothea Schiller"
    },
    {
      "@id": "https://d-nb.info/gnd/118754971",
      "relationship": "Ehefrau",
      "preferredName": "Charlotte von Schiller"
    },
    {
      "@id": "https://d-nb.info/gnd/117267953",
      "relationship": "Sohn",
      "preferredName": "Karl Schiller"
    },
    {
      "@id": "https://d-nb.info/gnd/117267090",
      "relationship": "Sohn",
      "preferredName": "Ernst von Schiller"
    },
    {
      "@id": "https://d-nb.info/gnd/117240281",
      "relationship": "Tochter",
      "preferredName": "Caroline Friederike Luise Junot"
    },
    {
      "@id": "https://d-nb.info/gnd/116657979",
      "relationship": "Tochter",
      "preferredName": "Emilie von Gleichen-Russwurm"
    },
    {
      "@id": "https://d-nb.info/gnd/116658002",
      "relationship": "Schwiegersohn",
      "preferredName": "Heinrich Adalbert von Gleichen-Russwurm"
    },
    {
      "@id": "https://d-nb.info/gnd/119371456",
      "relationship": "Urenkel",
      "preferredName": "Alexander Gleichen-Ru\u00dfwurm, Freiherr von"
    },
    {
      "@id": "https://d-nb.info/gnd/118771272",
      "relationship": "Schwa\u0308gerin",
      "preferredName": "Karoline von Wolzogen"
    },
    {
      "@id": "https://d-nb.info/gnd/135995310",
      "relationship": "Vorfahren",
      "preferredName": "Uschalk, Familie"
    }
  ],
  "depiction": {
    "@id": "https://commons.wikimedia.org/wiki/Special:FilePath/Friedrich%20Schiller%20by%20Ludovike%20Simanowiz.jpg",
    "publisher": "Wikimedia Commons",
    "copyrighted": "false",
    "creator": [
      "Ludovike Simanowiz"
    ],
    "creditText": [
      "Neue Deutsche Biographie, hrsg. von der Historischen Kommission bei der Bayerischen Akademie der Wissenschaften durch Hans G\u00fcnter Hockerts, redigiert von Franz Menges, Bernhard Ebneth, Stefan Jordan, Claus Priesner, Maria Schimke und Regine Sonntag, 22. Band: Rohmer-Schinkel, mit ADB &amp; NDB-Gesamtregister auf CD-ROM, zweite Ausgabe; Verlag Duncker &amp; Humblot, Berlin 2005, XVI und 816 S., ISBN&nbsp;3 428 11203-2 bzw. 3 428 11291-1http://idw-online.de/pages/en/image18163"
    ],
    "license": [
      {
        "@id": "https://creativecommons.org/publicdomain/mark/1.0/",
        "abbr": "PD",
        "name": "Public Domain",
        "attributionRequired": "false",
        "restrictions": ""
      }
    ],
    "url": "https://commons.wikimedia.org/wiki/File:Friedrich%20Schiller%20by%20Ludovike%20Simanowiz.jpg?uselang=en",
    "thumbnail": {
      "@id": "https://commons.wikimedia.org/wiki/Special:FilePath/Friedrich%20Schiller%20by%20Ludovike%20Simanowiz.jpg?width=270"
    }
  },
  "sameAs": [
    {
      "@id": "https://d-nb.info/gnd/118607626/about",
      "collection": {
        "abbr": "DNB",
        "name": "Gemeinsame Normdatei (GND) im Katalog der Deutschen Nationalbibliothek",
        "publisher": "Deutsche Nationalbibliothek",
        "icon": "https://www.dnb.de/SiteGlobals/Frontend/DNBWeb/Images/favicon.png?__blob=normal&v=4"
      }
    },
    {
      "@id": "https://www.filmportal.de/76DC042C1C20404EB780B3BA8A3B1BA7",
      "collection": {
        "abbr": "filmportal.de",
        "name": "Filmportal",
        "publisher": "Deutsches Filminstitut",
        "icon": "https://www.filmportal.de/themes/custom/filmportal/favicon.ico"
      }
    },
    {
      "@id": "http://www.hls-dhs-dss.ch/textes/d/D12255.php",
      "collection": {
        "abbr": "CH_HLS",
        "name": "Historisches Lexikon der Schweiz (HLS)",
        "publisher": "Historisches Lexikon der Schweiz (HLS)",
        "icon": "https://www.hls-dhs-dss.ch/favicon.ico"
      }
    },
    {
      "@id": "https://bmlo.de/Q/GND=118607626",
      "collection": {
        "abbr": "DE-M512",
        "name": "Bayerisches Musiker-Lexikon Online",
        "publisher": "Bayerisches Musiker-Lexikon Online",
        "icon": "https://bmlo.de/x/pic/favicon.gif"
      }
    },
    {
      "@id": "https://data.judaicalink.org/data/gnd/118607626",
      "collection": {
        "abbr": "JudaicaLink",
        "name": "JudaicaLink",
        "publisher": "Stuttgart Media University",
        "icon": "https://data.judaicalink.org/static/img/favicon.ico"
      }
    },
    {
      "@id": "https://de.wikipedia.org/wiki/Friedrich_Schiller",
      "collection": {
        "abbr": "dewiki",
        "name": "Wikipedia (Deutsch)",
        "publisher": "Wikimedia Foundation Inc.",
        "icon": "https://de.wikipedia.org/static/favicon/wikipedia.ico"
      }
    },
    {
      "@id": "https://de.wikisource.org/wiki/Friedrich_Schiller",
      "collection": {
        "abbr": "WIKISOURCE",
        "name": "Wikisource",
        "publisher": "Wikimedia Foundation Inc.",
        "icon": "https://wikisource.org/static/favicon/wikisource.ico"
      }
    },
    {
      "@id": "https://en.wikipedia.org/wiki/Friedrich_Schiller",
      "collection": {
        "abbr": "enwiki",
        "name": "Wikipedia (English)",
        "publisher": "Wikimedia Foundation Inc.",
        "icon": "https://en.wikipedia.org/static/favicon/wikipedia.ico"
      }
    },
    {
      "@id": "https://frankfurter-personenlexikon.de/beacon/beacon.php?118607626",
      "collection": {
        "abbr": "FFMPL",
        "name": "Frankfurter Personenlexikon",
        "publisher": "Frankfurter Bu\u0308rgerstiftung im Holzhausenschlo\u0308sschen"
      }
    },
    {
      "@id": "https://kalliope-verbund.info/gnd/118607626",
      "collection": {
        "abbr": "DE-611",
        "name": "Kalliope Verbundkatalog",
        "publisher": "Staatsbibliothek zu Berlin - Preu\u00dfischer Kulturbesitz",
        "icon": "https://kalliope-verbund.info/img/favicon.ico"
      }
    },
    {
      "@id": "https://raa.gf-franken.de/de/suche-nach-stammbucheintraegen.html?permaLink=1778_wekherlin;1",
      "collection": {
        "abbr": "RAAE",
        "name": "Repertorium Alborum Amicorum (RAA) - Stammbucheintr\u00e4ge",
        "publisher": "Department Germanistik und Komparatistik der Friedrich-Alexander-Universit\u00e4t Erlangen-N\u00fcrnberg in Zusammenarbeit mit der Gesellschaft f\u00fcr Familienforschung in Franken",
        "icon": "https://www.gf-franken.de/favicon.ico"
      }
    },
    {
      "@id": "https://www.archivportal-d.de/person/gnd/118607626",
      "collection": {
        "abbr": "ARCHIV-D",
        "name": "Archivportal-D",
        "publisher": "Deutsche Digitale Bibliothek",
        "icon": "https://www.archivportal-d.de/favicon.ico"
      }
    },
    {
      "@id": "https://www.deutsche-biographie.de/pnd118607626.html#adbcontent",
      "collection": {
        "abbr": "ADB",
        "name": "Allgemeine Deutsche Biographie (ADB)",
        "publisher": "Historische Kommission bei der Bayerischen Akademie der Wissenschaften und Bayerische Staatsbibliothek",
        "icon": "https://www.deutsche-biographie.de/favicon.ico"
      }
    },
    {
      "@id": "https://www.deutsche-biographie.de/pnd118607626.html#ndbcontent",
      "collection": {
        "abbr": "NDB",
        "name": "Neue Deutsche Biographie (NDB)",
        "publisher": "Historische Kommission bei der Bayerischen Akademie der Wissenschaften und Bayerische Staatsbibliothek",
        "icon": "https://www.deutsche-biographie.de/favicon.ico"
      }
    },
    {
      "@id": "https://www.deutsche-digitale-bibliothek.de/person/gnd/118607626",
      "collection": {
        "abbr": "DDB",
        "name": "Deutsche Digitale Bibliothek",
        "publisher": "Deutsche Digitale Bibliothek",
        "icon": "https://www.deutsche-digitale-bibliothek.de/favicon.ico"
      }
    },
    {
      "@id": "https://www.herder-institut.de/bildkatalog/gnd/118607626",
      "collection": {
        "abbr": "ba-herder",
        "name": "Bildarchiv / Herder-Institut",
        "publisher": "Herder-Institut f\u00fcr historische Ostmitteleuropaforschung \u2013 Institut der Leibniz-Gemeinschaft",
        "icon": "https://www.herder-institut.de/themes/custom/herder-institut/images/favicons/favicon.ico"
      }
    },
    {
      "@id": "https://www.lagis-hessen.de/pnd/118607626",
      "collection": {
        "abbr": "LAGIS",
        "name": "Hessische Biografie",
        "publisher": "Hessisches Landesamt fu\u0308r geschichtliche Landeskunde",
        "icon": "https://www.lagis-hessen.de/favicon.ico"
      }
    },
    {
      "@id": "https://www.pacelli-edition.de/gnd/118607626",
      "collection": {
        "abbr": "PACELLI",
        "name": "Kritische Online-Edition der Nuntiaturberichte Eugenio Pacellis (1917-1929)",
        "publisher": "Kritische Online-Edition der Nuntiaturberichte Eugenio Pacellis (1917-1929)"
      }
    },
    {
      "@id": "https://www.portraitindex.de/dokumente/pnd/118607626",
      "collection": {
        "abbr": "Portraitindex",
        "name": "Digitaler Portraitindex der druckgraphischen Bildnisse der Fru\u0308hen Neuzeit",
        "publisher": "Deutsches Dokumentationszentrum fu\u0308r Kunstgeschichte - Bildarchiv Foto Marburg",
        "icon": "https://www.portraitindex.de/favicon.ico"
      }
    },
    {
      "@id": "http://id.loc.gov/rwo/agents/n79111538",
      "collection": {
        "abbr": "LC",
        "name": "NACO Authority File",
        "publisher": "Library of Congress",
        "icon": "https://www.loc.gov/favicon.ico"
      }
    },
    {
      "@id": "http://viaf.org/viaf/96994450",
      "collection": {
        "abbr": "VIAF",
        "name": "Virtual International Authority File (VIAF)",
        "publisher": "OCLC",
        "icon": "https://viaf.org/viaf/images/viaf.ico"
      }
    },
    {
      "@id": "http://www.wikidata.org/entity/Q22670",
      "collection": {
        "abbr": "WIKIDATA",
        "name": "Wikidata",
        "publisher": "Wikimedia Foundation Inc.",
        "icon": "https://www.wikidata.org/static/favicon/wikidata.ico"
      }
    },
    {
      "@id": "https://isni.org/isni/0000000121032691",
      "collection": {
        "abbr": "ISNI",
        "name": "International Standard Name Identifier (ISNI)",
        "publisher": "International Standard Name Identifier (ISNI)",
        "icon": "https://www.isni.org/sites/default/files/isni_new_favicon.ico"
      }
    }
  ]
}