{
  "@context": "http://hub.culturegraph.org/entityfacts/context/v1/entityfacts.jsonld",
  "@id": "https://d-nb.info/gnd/118603701",
  "describedBy": {
    "valid": "2026-04-28T03:20:03Z",
    "license": "https://creativecommons.org/publicdomain/zero/1.0/",
    "@id": "https://hub.culturegraph.org/entityfacts/118603701"
  },
  "preferredName": "Rudolf II., Heiliges Ro\u0308misches Reich, Kaiser",
  "surname": "Rudolf II., Heiliges Ro\u0308misches Reich, Kaiser",
  "@type": "person",
  "titleOfNobility": [
    "Kaiser",
    "Ko\u0308nig"
  ],
  "variantName": [
    "Rudolff II., Heiliges Ro\u0308misches Reich, Kaiser",
    "Rudolph II., Heiliges Ro\u0308misches Reich, Kaiser",
    "Rudolphus II., Germania, Imperator",
    "Rudolphus II., Imperator Romanus",
    "Rudolphus II., Imperator",
    "Rudolphus II., Imperium Romano-Germanicum, Imperator",
    "Rudolf, O\u0308sterreich, Erzherzog",
    "Rudolf, Bo\u0308hmen, Ko\u0308nig",
    "Rudolf, Ungarn, Ko\u0308nig",
    "Kaiser Rudolf II.",
    "Rudolf II., von Habsburg",
    "Rudolf II, Empereur de l'Empire Romain-Germanique",
    "Rudolf II, Emperor of the Roman-German Empire",
    "Rudolph II, Kaiser des Ro\u0308misch-deutschen Reiches",
    "Rudolph II, Empereur de l'Empire Romain-Germanique",
    "Rudolph II, Emperor of the Roman-German Empire",
    "Rudolf, von Habsburg, Kaiser des Ro\u0308misch-deutschen Reiches",
    "Rudolf, von Habsburg, Empereur de l'Empire Romain-Germanique",
    "Rudolf, von Habsburg, Emperor of the Roman-German Empire",
    "Rudolf von Habsburg, Kaiser des Ro\u0308misch-deutschen Reiches",
    "Rudolf von Habsburg, Empereur de l'Empire Romain-Germanique",
    "Rudolf von Habsburg, Emperor of the Roman-German Empire",
    "Rodolphe II, Kaiser des Ro\u0308misch-deutschen Reiches",
    "Rodolphe II, Empereur de l'Empire Romain-Germanique",
    "Rodolphe II, Emperor of the Roman-German Empire",
    "Rudolf, Ro\u0308misch-Deutsches Reich, Kaiser, II.",
    "Rudolf II, Ro\u0308misch-Deutscher Kaiser",
    "Kaiser Rudolf II."
  ],
  "dateOfBirth": "July 18, 1552",
  "dateOfDeath": "January 20, 1612",
  "placeOfBirth": [
    {
      "@id": "https://d-nb.info/gnd/4066009-6",
      "preferredName": "Wien"
    }
  ],
  "placeOfDeath": [
    {
      "@id": "https://d-nb.info/gnd/4076310-9",
      "preferredName": "Prag"
    }
  ],
  "associatedCountry": [
    {
      "@id": "https://d-nb.info/standards/vocab/gnd/geographic-area-code#XA-DE",
      "preferredName": "Deutschland"
    },
    {
      "@id": "https://d-nb.info/standards/vocab/gnd/geographic-area-code#XA-AT",
      "preferredName": "\u00d6sterreich"
    }
  ],
  "gender": {
    "@id": "https://d-nb.info/standards/vocab/gnd/gender#male",
    "label": "Mann"
  },
  "biographicalOrHistoricalInformation": "1572 Ko\u0308nig von Ungarn, 1575 Ko\u0308nig von Bo\u0308hmen und Ro\u0308m. Kg., 1576-1612 Kaiser; Erzherzog von O\u0308sterreich: 1576-1608",
  "affiliation": [
    {
      "@id": "https://d-nb.info/gnd/1178632377",
      "preferredName": "Heiliges Ro\u0308misches Reich. Kaiser (1576-1612 : Rudolf II.)"
    }
  ],
  "relatedPerson": [
    {
      "@id": "https://d-nb.info/gnd/136773370",
      "relationship": "Bankier",
      "preferredName": "Mordechai Meisel"
    },
    {
      "@id": "https://d-nb.info/gnd/120649233",
      "relationship": "VD-16 Mitverf.",
      "preferredName": "Hermann Kirchner"
    },
    {
      "@id": "https://d-nb.info/gnd/118709917",
      "relationship": "Kammermaler",
      "preferredName": "Joseph Heintz"
    },
    {
      "@id": "https://d-nb.info/gnd/119482231",
      "relationship": "Kammermaler",
      "preferredName": "Mattha\u0308us Gundelach"
    },
    {
      "relationship": "VD-16 Mitverf.",
      "preferredName": "Georg Eder"
    },
    {
      "@id": "https://d-nb.info/gnd/119762978",
      "relationship": "VD-16 Mitverf.",
      "preferredName": "Georg Mitkreuch"
    },
    {
      "relationship": "Reutte; VD-16 Mitverf.",
      "preferredName": "Thomas Ruef"
    },
    {
      "@id": "https://d-nb.info/gnd/119612658",
      "relationship": "VD-16 Mitverf.",
      "preferredName": "Nathanael Balsmann"
    },
    {
      "@id": "https://d-nb.info/gnd/119679175",
      "relationship": "VD-16 Mitverf.",
      "preferredName": "Cornelius Fuchs"
    },
    {
      "@id": "https://d-nb.info/gnd/119639491",
      "relationship": "VD-16 Mitverf.",
      "preferredName": "Matthaeus Cervus"
    },
    {
      "@id": "https://d-nb.info/gnd/119807874",
      "relationship": "VD-16 Mitverf.",
      "preferredName": "Petrus de Roeulcz"
    },
    {
      "@id": "https://d-nb.info/gnd/119795817",
      "relationship": "VD-16 Mitverf.",
      "preferredName": "Dionysius Pucler"
    },
    {
      "@id": "https://d-nb.info/gnd/11982521X",
      "relationship": "VD-16 Mitverf.",
      "preferredName": "Adam Schro\u0308ter"
    },
    {
      "@id": "https://d-nb.info/gnd/124306241",
      "relationship": "VD-16 Mitverf.",
      "preferredName": "Bartholomaeus Reisacher"
    }
  ],
  "familialRelationship": [
    {
      "@id": "https://d-nb.info/gnd/11857938X",
      "relationship": "Vater",
      "preferredName": "Maximilian II., Heiliges Ro\u0308misches Reich, Kaiser"
    },
    {
      "@id": "https://d-nb.info/gnd/128775823",
      "relationship": "Ma\u0308tresse",
      "preferredName": "Katharina Strada"
    },
    {
      "@id": "https://d-nb.info/gnd/1162413093",
      "relationship": "Sohn",
      "preferredName": "Julius d' Austria"
    }
  ],
  "depiction": {
    "@id": "https://commons.wikimedia.org/wiki/Special:FilePath/Joseph%20Heintz%20d.%20%C3%84.%20002.jpg",
    "publisher": "Wikimedia Commons",
    "copyrighted": "false",
    "creator": [
      "Joseph Heintz the Elder"
    ],
    "creditText": [
      "The Yorck Project (2002) 10.000 Meisterwerke der Malerei (DVD-ROM), distributed by DIRECTMEDIA Publishing GmbH. ISBN: 3936122202."
    ],
    "license": [
      {
        "@id": "https://creativecommons.org/publicdomain/mark/1.0/",
        "abbr": "PD",
        "name": "Public Domain",
        "attributionRequired": "false",
        "restrictions": ""
      }
    ],
    "url": "https://commons.wikimedia.org/wiki/File:Joseph%20Heintz%20d.%20%C3%84.%20002.jpg?uselang=en",
    "thumbnail": {
      "@id": "https://commons.wikimedia.org/wiki/Special:FilePath/Joseph%20Heintz%20d.%20%C3%84.%20002.jpg?width=270"
    }
  },
  "sameAs": [
    {
      "@id": "https://d-nb.info/gnd/118603701/about",
      "collection": {
        "abbr": "DNB",
        "name": "Gemeinsame Normdatei (GND) im Katalog der Deutschen Nationalbibliothek",
        "publisher": "Deutsche Nationalbibliothek",
        "icon": "https://www.dnb.de/SiteGlobals/Frontend/DNBWeb/Images/favicon.png?__blob=normal&v=4"
      }
    },
    {
      "@id": "http://catalogue.bnf.fr/ark:/12148/cb13168504p",
      "collection": {
        "abbr": "BNF",
        "name": "Bibliothe\u0300que nationale de France",
        "publisher": "Bibliothe\u0300que nationale de France",
        "icon": "https://www.bnf.fr/themes/custom/bnfsi/favicon.ico"
      }
    },
    {
      "@id": "https://bmlo.de/Q/GND=118603701",
      "collection": {
        "abbr": "DE-M512",
        "name": "Bayerisches Musiker-Lexikon Online",
        "publisher": "Bayerisches Musiker-Lexikon Online",
        "icon": "https://bmlo.de/x/pic/favicon.gif"
      }
    },
    {
      "@id": "https://de.wikipedia.org/wiki/Rudolf_II._%28HRR%29",
      "collection": {
        "abbr": "dewiki",
        "name": "Wikipedia (Deutsch)",
        "publisher": "Wikimedia Foundation Inc.",
        "icon": "https://de.wikipedia.org/static/favicon/wikipedia.ico"
      }
    },
    {
      "@id": "https://en.wikipedia.org/wiki/Rudolf_II%2C_Holy_Roman_Emperor",
      "collection": {
        "abbr": "enwiki",
        "name": "Wikipedia (English)",
        "publisher": "Wikimedia Foundation Inc.",
        "icon": "https://en.wikipedia.org/static/favicon/wikipedia.ico"
      }
    },
    {
      "@id": "https://kaiserhof.geschichte.lmu.de/Q/GND=118603701",
      "collection": {
        "abbr": "KH",
        "name": "Kaiser und H\u00f6fe",
        "publisher": "Ludwig-Maximilians-Universit\u00e4t M\u00fcnchen - Historisches Seminar - Fr\u00fche Neuzeit",
        "icon": "https://kaiserhof.geschichte.lmu.de/favicon.ico"
      }
    },
    {
      "@id": "https://kalliope-verbund.info/gnd/118603701",
      "collection": {
        "abbr": "DE-611",
        "name": "Kalliope Verbundkatalog",
        "publisher": "Staatsbibliothek zu Berlin - Preu\u00dfischer Kulturbesitz",
        "icon": "https://kalliope-verbund.info/img/favicon.ico"
      }
    },
    {
      "@id": "https://raa.gf-franken.de/de/suche-nach-stammbucheintraegen.html?permaLink=1597_rueber;1",
      "collection": {
        "abbr": "RAAE",
        "name": "Repertorium Alborum Amicorum (RAA) - Stammbucheintr\u00e4ge",
        "publisher": "Department Germanistik und Komparatistik der Friedrich-Alexander-Universit\u00e4t Erlangen-N\u00fcrnberg in Zusammenarbeit mit der Gesellschaft f\u00fcr Familienforschung in Franken",
        "icon": "https://www.gf-franken.de/favicon.ico"
      }
    },
    {
      "@id": "https://www.archivportal-d.de/person/gnd/118603701",
      "collection": {
        "abbr": "ARCHIV-D",
        "name": "Archivportal-D",
        "publisher": "Deutsche Digitale Bibliothek",
        "icon": "https://www.archivportal-d.de/favicon.ico"
      }
    },
    {
      "@id": "https://www.deutsche-biographie.de/pnd118603701.html#adbcontent",
      "collection": {
        "abbr": "ADB",
        "name": "Allgemeine Deutsche Biographie (ADB)",
        "publisher": "Historische Kommission bei der Bayerischen Akademie der Wissenschaften und Bayerische Staatsbibliothek",
        "icon": "https://www.deutsche-biographie.de/favicon.ico"
      }
    },
    {
      "@id": "https://www.deutsche-biographie.de/pnd118603701.html#ndbcontent",
      "collection": {
        "abbr": "NDB",
        "name": "Neue Deutsche Biographie (NDB)",
        "publisher": "Historische Kommission bei der Bayerischen Akademie der Wissenschaften und Bayerische Staatsbibliothek",
        "icon": "https://www.deutsche-biographie.de/favicon.ico"
      }
    },
    {
      "@id": "https://www.deutsche-digitale-bibliothek.de/person/gnd/118603701",
      "collection": {
        "abbr": "DDB",
        "name": "Deutsche Digitale Bibliothek",
        "publisher": "Deutsche Digitale Bibliothek",
        "icon": "https://www.deutsche-digitale-bibliothek.de/favicon.ico"
      }
    },
    {
      "@id": "https://www.portraitindex.de/dokumente/pnd/118603701",
      "collection": {
        "abbr": "Portraitindex",
        "name": "Digitaler Portraitindex der druckgraphischen Bildnisse der Fru\u0308hen Neuzeit",
        "publisher": "Deutsches Dokumentationszentrum fu\u0308r Kunstgeschichte - Bildarchiv Foto Marburg",
        "icon": "https://www.portraitindex.de/favicon.ico"
      }
    },
    {
      "@id": "http://id.loc.gov/rwo/agents/n81004066",
      "collection": {
        "abbr": "LC",
        "name": "NACO Authority File",
        "publisher": "Library of Congress",
        "icon": "https://www.loc.gov/favicon.ico"
      }
    },
    {
      "@id": "http://viaf.org/viaf/14909824",
      "collection": {
        "abbr": "VIAF",
        "name": "Virtual International Authority File (VIAF)",
        "publisher": "OCLC",
        "icon": "https://viaf.org/viaf/images/viaf.ico"
      }
    },
    {
      "@id": "http://www.wikidata.org/entity/Q150586",
      "collection": {
        "abbr": "WIKIDATA",
        "name": "Wikidata",
        "publisher": "Wikimedia Foundation Inc.",
        "icon": "https://www.wikidata.org/static/favicon/wikidata.ico"
      }
    },
    {
      "@id": "https://isni.org/isni/0000000399045251",
      "collection": {
        "abbr": "ISNI",
        "name": "International Standard Name Identifier (ISNI)",
        "publisher": "International Standard Name Identifier (ISNI)",
        "icon": "https://www.isni.org/sites/default/files/isni_new_favicon.ico"
      }
    }
  ]
}