{
  "@context": "http://hub.culturegraph.org/entityfacts/context/v1/entityfacts.jsonld",
  "@id": "https://d-nb.info/gnd/118581090",
  "describedBy": {
    "valid": "2026-04-26T13:57:11Z",
    "license": "https://creativecommons.org/publicdomain/zero/1.0/",
    "@id": "https://hub.culturegraph.org/entityfacts/118581090"
  },
  "preferredName": "Matthaeus Merian, der A\u0308ltere",
  "surname": "Merian, der A\u0308ltere",
  "forename": "Matthaeus",
  "@type": "person",
  "variantName": [
    "Matthaeus Merian, sen.",
    "Mattha\u0308us Merian",
    "Mattheus Merian",
    "Matthae Merian",
    "M. Merian",
    "Matthew Merian, the Elder",
    "Matthaeus Merianus, der A\u0308ltere",
    "Mattha\u0308us Merian, der A\u0308ltere",
    "Mathaeus Merian, der A\u0308ltere",
    "Merian, der A\u0308ltere",
    "Mattheus Merian, der A\u0308ltere",
    "Matthias Merian, der A\u0308ltere",
    "Mathias Merian, der A\u0308ltere",
    "Matthaeus Merian",
    "Mattheus Merianus",
    "Mathieu Merian, l'Ancien"
  ],
  "dateOfBirth": "September 22, 1593",
  "dateOfDeath": "June 19, 1650",
  "placeOfBirth": [
    {
      "@id": "https://d-nb.info/gnd/4004617-5",
      "preferredName": "Basel"
    }
  ],
  "placeOfDeath": [
    {
      "@id": "https://d-nb.info/gnd/4053707-9",
      "preferredName": "Bad Schwalbach"
    }
  ],
  "placeOfActivity": [
    {
      "@id": "https://d-nb.info/gnd/4018118-2",
      "preferredName": "Frankfurt am Main"
    }
  ],
  "associatedCountry": [
    {
      "@id": "https://d-nb.info/standards/vocab/gnd/geographic-area-code#XA-DE",
      "preferredName": "Deutschland"
    }
  ],
  "professionOrOccupation": [
    {
      "@id": "https://d-nb.info/gnd/4138343-6",
      "preferredName": "Verleger"
    },
    {
      "@id": "https://d-nb.info/gnd/4166165-5",
      "preferredName": "Kupferstecher"
    }
  ],
  "gender": {
    "@id": "https://d-nb.info/standards/vocab/gnd/gender#male",
    "label": "Mann"
  },
  "affiliation": [
    {
      "@id": "https://d-nb.info/gnd/1073015912",
      "preferredName": "Mattha\u0308us Merian (Firma)"
    }
  ],
  "familialRelationship": [
    {
      "@id": "https://d-nb.info/gnd/11851640X",
      "relationship": "Schwiegervater",
      "preferredName": "Johann Theodor de Bry"
    },
    {
      "@id": "https://d-nb.info/gnd/119363577",
      "relationship": "Sohn",
      "preferredName": "Matthaeus Merian, der Ju\u0308ngere"
    },
    {
      "@id": "https://d-nb.info/gnd/118581074",
      "relationship": "Sohn",
      "preferredName": "Caspar Merian"
    },
    {
      "@id": "https://d-nb.info/gnd/118581082",
      "relationship": "Tochter",
      "preferredName": "Maria Sibylla Merian"
    },
    {
      "@id": "https://d-nb.info/gnd/117752436",
      "relationship": "Schwiegersohn",
      "preferredName": "Johann Andreas Graff"
    },
    {
      "@id": "https://d-nb.info/gnd/135901561",
      "relationship": "Enkelin",
      "preferredName": "Dorothea Maria Henriette Merian"
    }
  ],
  "depiction": {
    "@id": "https://commons.wikimedia.org/wiki/Special:FilePath/MatthaeusMerian.jpg",
    "publisher": "Wikimedia Commons",
    "copyrighted": "false",
    "creator": [
      "Joachim von Sandrart the Elder"
    ],
    "creditText": [
      "http://bpun.unine.ch/icono/JPG03/POSU5.09.jpg"
    ],
    "license": [
      {
        "@id": "https://creativecommons.org/publicdomain/mark/1.0/",
        "abbr": "PD",
        "name": "Public Domain",
        "attributionRequired": "false",
        "restrictions": ""
      }
    ],
    "url": "https://commons.wikimedia.org/wiki/File:MatthaeusMerian.jpg?uselang=en",
    "thumbnail": {
      "@id": "https://commons.wikimedia.org/wiki/Special:FilePath/MatthaeusMerian.jpg?width=270"
    }
  },
  "sameAs": [
    {
      "@id": "https://d-nb.info/gnd/118581090/about",
      "collection": {
        "abbr": "DNB",
        "name": "Gemeinsame Normdatei (GND) im Katalog der Deutschen Nationalbibliothek",
        "publisher": "Deutsche Nationalbibliothek",
        "icon": "https://www.dnb.de/SiteGlobals/Frontend/DNBWeb/Images/favicon.png?__blob=normal&v=4"
      }
    },
    {
      "@id": "https://isni.org/isni/0000000121266236",
      "collection": {
        "abbr": "ISNI",
        "name": "International Standard Name Identifier (ISNI)",
        "publisher": "International Standard Name Identifier (ISNI)",
        "icon": "https://www.isni.org/sites/default/files/isni_new_favicon.ico"
      }
    },
    {
      "@id": "http://www.hls-dhs-dss.ch/textes/d/D19075.php",
      "collection": {
        "abbr": "CH_HLS",
        "name": "Historisches Lexikon der Schweiz (HLS)",
        "publisher": "Historisches Lexikon der Schweiz (HLS)",
        "icon": "https://www.hls-dhs-dss.ch/favicon.ico"
      }
    },
    {
      "@id": "https://de.wikipedia.org/wiki/Matth%C3%A4us_Merian",
      "collection": {
        "abbr": "dewiki",
        "name": "Wikipedia (Deutsch)",
        "publisher": "Wikimedia Foundation Inc.",
        "icon": "https://de.wikipedia.org/static/favicon/wikipedia.ico"
      }
    },
    {
      "@id": "https://de.wikisource.org/wiki/Matth%C3%A4us_Merian",
      "collection": {
        "abbr": "WIKISOURCE",
        "name": "Wikisource",
        "publisher": "Wikimedia Foundation Inc.",
        "icon": "https://wikisource.org/static/favicon/wikisource.ico"
      }
    },
    {
      "@id": "https://en.wikipedia.org/wiki/Matth%C3%A4us_Merian_the_Elder",
      "collection": {
        "abbr": "enwiki",
        "name": "Wikipedia (English)",
        "publisher": "Wikimedia Foundation Inc.",
        "icon": "https://en.wikipedia.org/static/favicon/wikipedia.ico"
      }
    },
    {
      "@id": "https://frankfurter-personenlexikon.de/beacon/beacon.php?118581090",
      "collection": {
        "abbr": "FFMPL",
        "name": "Frankfurter Personenlexikon",
        "publisher": "Frankfurter Bu\u0308rgerstiftung im Holzhausenschlo\u0308sschen"
      }
    },
    {
      "@id": "https://kalliope-verbund.info/gnd/118581090",
      "collection": {
        "abbr": "DE-611",
        "name": "Kalliope Verbundkatalog",
        "publisher": "Staatsbibliothek zu Berlin - Preu\u00dfischer Kulturbesitz",
        "icon": "https://kalliope-verbund.info/img/favicon.ico"
      }
    },
    {
      "@id": "https://mmlo.de/Q/GND=118581090",
      "collection": {
        "abbr": "MMLO",
        "name": "Biographisches Lexikon der M\u00fcnzmeister und Wardeine, Stempelschneider und Medailleure",
        "publisher": "Ludwig-Maximilians-Universit\u00e4t M\u00fcnchen - Historisches Seminar - Fr\u00fche Neuzeit",
        "icon": "https://mintmaster.geschichte.lmu.de/favicon.ico"
      }
    },
    {
      "@id": "https://raa.gf-franken.de/de/suche-nach-stammbuechern.html?permaLink=1610_merian",
      "collection": {
        "abbr": "RAAS",
        "name": "Repertorium Alborum Amicorum (RAA) - Stammb\u00fccher",
        "publisher": "Department Germanistik und Komparatistik der Friedrich-Alexander-Universit\u00e4t Erlangen-N\u00fcrnberg in Zusammenarbeit mit der Gesellschaft f\u00fcr Familienforschung in Franken",
        "icon": "https://www.gf-franken.de/favicon.ico"
      }
    },
    {
      "@id": "https://www.archivportal-d.de/person/gnd/118581090",
      "collection": {
        "abbr": "ARCHIV-D",
        "name": "Archivportal-D",
        "publisher": "Deutsche Digitale Bibliothek",
        "icon": "https://www.archivportal-d.de/favicon.ico"
      }
    },
    {
      "@id": "https://www.deutsche-biographie.de/pnd118581090.html#ndbcontent",
      "collection": {
        "abbr": "NDB",
        "name": "Neue Deutsche Biographie (NDB)",
        "publisher": "Historische Kommission bei der Bayerischen Akademie der Wissenschaften und Bayerische Staatsbibliothek",
        "icon": "https://www.deutsche-biographie.de/favicon.ico"
      }
    },
    {
      "@id": "https://www.deutsche-digitale-bibliothek.de/person/gnd/118581090",
      "collection": {
        "abbr": "DDB",
        "name": "Deutsche Digitale Bibliothek",
        "publisher": "Deutsche Digitale Bibliothek",
        "icon": "https://www.deutsche-digitale-bibliothek.de/favicon.ico"
      }
    },
    {
      "@id": "https://www.herder-institut.de/bildkatalog/gnd/118581090",
      "collection": {
        "abbr": "ba-herder",
        "name": "Bildarchiv / Herder-Institut",
        "publisher": "Herder-Institut f\u00fcr historische Ostmitteleuropaforschung \u2013 Institut der Leibniz-Gemeinschaft",
        "icon": "https://www.herder-institut.de/themes/custom/herder-institut/images/favicons/favicon.ico"
      }
    },
    {
      "@id": "https://www.lagis-hessen.de/pnd/118581090",
      "collection": {
        "abbr": "LAGIS",
        "name": "Hessische Biografie",
        "publisher": "Hessisches Landesamt fu\u0308r geschichtliche Landeskunde",
        "icon": "https://www.lagis-hessen.de/favicon.ico"
      }
    },
    {
      "@id": "https://www.portraitindex.de/dokumente/pnd/118581090",
      "collection": {
        "abbr": "Portraitindex",
        "name": "Digitaler Portraitindex der druckgraphischen Bildnisse der Fru\u0308hen Neuzeit",
        "publisher": "Deutsches Dokumentationszentrum fu\u0308r Kunstgeschichte - Bildarchiv Foto Marburg",
        "icon": "https://www.portraitindex.de/favicon.ico"
      }
    },
    {
      "@id": "http://id.loc.gov/rwo/agents/n50035966",
      "collection": {
        "abbr": "LC",
        "name": "NACO Authority File",
        "publisher": "Library of Congress",
        "icon": "https://www.loc.gov/favicon.ico"
      }
    },
    {
      "@id": "http://viaf.org/viaf/32000392",
      "collection": {
        "abbr": "VIAF",
        "name": "Virtual International Authority File (VIAF)",
        "publisher": "OCLC",
        "icon": "https://viaf.org/viaf/images/viaf.ico"
      }
    },
    {
      "@id": "http://www.wikidata.org/entity/Q57968",
      "collection": {
        "abbr": "WIKIDATA",
        "name": "Wikidata",
        "publisher": "Wikimedia Foundation Inc.",
        "icon": "https://www.wikidata.org/static/favicon/wikidata.ico"
      }
    },
    {
      "@id": "https://isni.org/isni/0000000121266236",
      "collection": {
        "abbr": "ISNI",
        "name": "International Standard Name Identifier (ISNI)",
        "publisher": "International Standard Name Identifier (ISNI)",
        "icon": "https://www.isni.org/sites/default/files/isni_new_favicon.ico"
      }
    }
  ]
}