{
  "@context": "http://hub.culturegraph.org/entityfacts/context/v1/entityfacts.jsonld",
  "@id": "https://d-nb.info/gnd/118577778",
  "describedBy": {
    "valid": "2026-04-29T23:27:31Z",
    "license": "https://creativecommons.org/publicdomain/zero/1.0/",
    "@id": "https://hub.culturegraph.org/entityfacts/118577778"
  },
  "preferredName": "Maria, Frankreich, Ko\u0308nigin",
  "surname": "Maria, Frankreich, Ko\u0308nigin",
  "@type": "person",
  "titleOfNobility": [
    "Ko\u0308nigin"
  ],
  "variantName": [
    "Maria, France, reine",
    "Maria, de' Medici",
    "Maria, von Medici",
    "Marie, Frankreich, Ko\u0308nigin",
    "Maria de' Medici, Ko\u0308nigin von Frankreich",
    "Marie de Me\u0301dicis, Ko\u0308nigin von Frankreich",
    "Maria von Medici, Ko\u0308nigin von Frankreich",
    "Marie, France, reine",
    "Marie, France, Queen",
    "Marie, de Medicis",
    "Marie, Frankrijk, Konigin",
    "Marie, Vrankrijck, Konigin",
    "Marie",
    "Maria de' Medici",
    "Maria De'Medici",
    "Maria von Medici",
    "Maria Medici",
    "Marie de Medici",
    "Marie de Medicis"
  ],
  "dateOfBirth": "April 26, 1575",
  "dateOfDeath": "July 3, 1642",
  "placeOfBirth": [
    {
      "@id": "https://d-nb.info/gnd/4017581-9",
      "preferredName": "Florenz"
    }
  ],
  "placeOfDeath": [
    {
      "@id": "https://d-nb.info/gnd/4031483-2",
      "preferredName": "Ko\u0308ln"
    }
  ],
  "associatedCountry": [
    {
      "@id": "https://d-nb.info/standards/vocab/gnd/geographic-area-code#XA-IT",
      "preferredName": "Italien"
    },
    {
      "@id": "https://d-nb.info/standards/vocab/gnd/geographic-area-code#XA-FR",
      "preferredName": "Frankreich"
    }
  ],
  "gender": {
    "@id": "https://d-nb.info/standards/vocab/gnd/gender#female",
    "label": "Frau"
  },
  "biographicalOrHistoricalInformation": "Ko\u0308nigin, Regentin von Frankreich 1610-1617",
  "familialRelationship": [
    {
      "@id": "https://d-nb.info/gnd/118548174",
      "relationship": "Ehemann",
      "preferredName": "Heinrich IV., Frankreich, Ko\u0308nig"
    },
    {
      "@id": "https://d-nb.info/gnd/11872942X",
      "relationship": "Sohn",
      "preferredName": "Ludwig XIII., Frankreich, Ko\u0308nig"
    },
    {
      "@id": "https://d-nb.info/gnd/122381335",
      "relationship": "Tochter",
      "preferredName": "Isabel, Espan\u0303a, Reina"
    },
    {
      "@id": "https://d-nb.info/gnd/119164248",
      "relationship": "Tochter",
      "preferredName": "Christine, Savoyen, Herzogin"
    },
    {
      "@id": "https://d-nb.info/gnd/119021048",
      "relationship": "Sohn",
      "preferredName": "Gaston d' Orle\u0301ans"
    },
    {
      "@id": "https://d-nb.info/gnd/118904043",
      "relationship": "Tochter",
      "preferredName": "Henriette Maria, England, Ko\u0308nigin"
    },
    {
      "@id": "https://d-nb.info/gnd/118720856",
      "relationship": "Schwiegersohn",
      "preferredName": "Karl I., England, Ko\u0308nig"
    }
  ],
  "depiction": {
    "@id": "https://commons.wikimedia.org/wiki/Special:FilePath/0%20Marie%20de%20M%C3%A9dicis%20-%20Frans%20Pourbus%20le%20Jeune%20-%20Louvre%20%28INV1710%29%20-%20%282%29.JPG",
    "publisher": "Wikimedia Commons",
    "copyrighted": "false",
    "creator": [
      "Frans Pourbus the Younger"
    ],
    "creditText": [
      "User:Jean-Pol GRANDMONT (2013) L'Europe de Rubens (exhibition, Louvre-Lens)"
    ],
    "license": [
      {
        "@id": "https://creativecommons.org/publicdomain/mark/1.0/",
        "abbr": "PD",
        "name": "Public Domain",
        "attributionRequired": "false",
        "restrictions": ""
      }
    ],
    "url": "https://commons.wikimedia.org/wiki/File:0%20Marie%20de%20M%C3%A9dicis%20-%20Frans%20Pourbus%20le%20Jeune%20-%20Louvre%20%28INV1710%29%20-%20%282%29.JPG?uselang=en",
    "thumbnail": {
      "@id": "https://commons.wikimedia.org/wiki/Special:FilePath/0%20Marie%20de%20M%C3%A9dicis%20-%20Frans%20Pourbus%20le%20Jeune%20-%20Louvre%20%28INV1710%29%20-%20%282%29.JPG?width=270"
    }
  },
  "sameAs": [
    {
      "@id": "https://d-nb.info/gnd/118577778/about",
      "collection": {
        "abbr": "DNB",
        "name": "Gemeinsame Normdatei (GND) im Katalog der Deutschen Nationalbibliothek",
        "publisher": "Deutsche Nationalbibliothek",
        "icon": "https://www.dnb.de/SiteGlobals/Frontend/DNBWeb/Images/favicon.png?__blob=normal&v=4"
      }
    },
    {
      "@id": "https://de.wikipedia.org/wiki/Maria_de%E2%80%99_Medici",
      "collection": {
        "abbr": "dewiki",
        "name": "Wikipedia (Deutsch)",
        "publisher": "Wikimedia Foundation Inc.",
        "icon": "https://de.wikipedia.org/static/favicon/wikipedia.ico"
      }
    },
    {
      "@id": "https://en.wikipedia.org/wiki/Marie_de%27_Medici",
      "collection": {
        "abbr": "enwiki",
        "name": "Wikipedia (English)",
        "publisher": "Wikimedia Foundation Inc.",
        "icon": "https://en.wikipedia.org/static/favicon/wikipedia.ico"
      }
    },
    {
      "@id": "https://kaiserhof.geschichte.lmu.de/Q/GND=118577778",
      "collection": {
        "abbr": "KH",
        "name": "Kaiser und H\u00f6fe",
        "publisher": "Ludwig-Maximilians-Universit\u00e4t M\u00fcnchen - Historisches Seminar - Fr\u00fche Neuzeit",
        "icon": "https://kaiserhof.geschichte.lmu.de/favicon.ico"
      }
    },
    {
      "@id": "https://kalliope-verbund.info/gnd/118577778",
      "collection": {
        "abbr": "DE-611",
        "name": "Kalliope Verbundkatalog",
        "publisher": "Staatsbibliothek zu Berlin - Preu\u00dfischer Kulturbesitz",
        "icon": "https://kalliope-verbund.info/img/favicon.ico"
      }
    },
    {
      "@id": "https://www.archivportal-d.de/person/gnd/118577778",
      "collection": {
        "abbr": "ARCHIV-D",
        "name": "Archivportal-D",
        "publisher": "Deutsche Digitale Bibliothek",
        "icon": "https://www.archivportal-d.de/favicon.ico"
      }
    },
    {
      "@id": "https://www.deutsche-digitale-bibliothek.de/person/gnd/118577778",
      "collection": {
        "abbr": "DDB",
        "name": "Deutsche Digitale Bibliothek",
        "publisher": "Deutsche Digitale Bibliothek",
        "icon": "https://www.deutsche-digitale-bibliothek.de/favicon.ico"
      }
    },
    {
      "@id": "https://www.portraitindex.de/dokumente/pnd/118577778",
      "collection": {
        "abbr": "Portraitindex",
        "name": "Digitaler Portraitindex der druckgraphischen Bildnisse der Fru\u0308hen Neuzeit",
        "publisher": "Deutsches Dokumentationszentrum fu\u0308r Kunstgeschichte - Bildarchiv Foto Marburg",
        "icon": "https://www.portraitindex.de/favicon.ico"
      }
    },
    {
      "@id": "http://id.loc.gov/rwo/agents/n82006848",
      "collection": {
        "abbr": "LC",
        "name": "NACO Authority File",
        "publisher": "Library of Congress",
        "icon": "https://www.loc.gov/favicon.ico"
      }
    },
    {
      "@id": "http://viaf.org/viaf/12420076",
      "collection": {
        "abbr": "VIAF",
        "name": "Virtual International Authority File (VIAF)",
        "publisher": "OCLC",
        "icon": "https://viaf.org/viaf/images/viaf.ico"
      }
    },
    {
      "@id": "http://www.wikidata.org/entity/Q182021",
      "collection": {
        "abbr": "WIKIDATA",
        "name": "Wikidata",
        "publisher": "Wikimedia Foundation Inc.",
        "icon": "https://www.wikidata.org/static/favicon/wikidata.ico"
      }
    },
    {
      "@id": "https://isni.org/isni/0000000121210013",
      "collection": {
        "abbr": "ISNI",
        "name": "International Standard Name Identifier (ISNI)",
        "publisher": "International Standard Name Identifier (ISNI)",
        "icon": "https://www.isni.org/sites/default/files/isni_new_favicon.ico"
      }
    }
  ]
}