{
  "@context": "http://hub.culturegraph.org/entityfacts/context/v1/entityfacts.jsonld",
  "@id": "https://d-nb.info/gnd/118560093",
  "describedBy": {
    "valid": "2026-04-27T22:42:36Z",
    "license": "https://creativecommons.org/publicdomain/zero/1.0/",
    "@id": "https://hub.culturegraph.org/entityfacts/118560093"
  },
  "preferredName": "Karl V., Heiliges Ro\u0308misches Reich, Kaiser",
  "surname": "Karl V., Heiliges Ro\u0308misches Reich, Kaiser",
  "@type": "person",
  "titleOfNobility": [
    "Kaiser"
  ],
  "variantName": [
    "Karl V., Ro\u0308misch-deutscher Kaiser",
    "Karl V., Deutschland, Kaiser",
    "Karl I., Spanien, Ko\u0308nig",
    "Karl I., Espan\u0303a, Rei",
    "Karl I., Espan\u0303a, Rey",
    "Karl, der Fu\u0308nfte",
    "Karl, V.",
    "Karl, Ro\u0308mischer Kaiser, V.",
    "Karl, Espana, Rei, V.",
    "Karel V., Heiliges Ro\u0308misches Reich, Kaiser",
    "Karel, Roomsches Ryce, Keyser, V.",
    "Karel, Keizer, V.",
    "Karell V.",
    "Karol, Ro\u0308mischer Kaiser, V.",
    "Karol, Kaiser, V.",
    "Karolus, Ro\u0308misch-Deutsches Reich, Kaiser, V.",
    "Karolus, Spanien, Ko\u0308nig, I.",
    "Karolus, Ro\u0308mischer Kaiser, V.",
    "Karolus V., Niemcy, Cesarz",
    "Karolus V., Cesarz",
    "Karulus V., Imperator",
    "Carl V., Heiliges Ro\u0308misches Reich, Kaiser",
    "Carl V., Ro\u0308misch-deutscher Kaiser",
    "Carl I., Spanien, Ko\u0308nig",
    "Carl, Spanien, Ko\u0308nig",
    "Carl, der Fu\u0308nfte",
    "Carl, Ro\u0308mischer Keyser, V.",
    "Carl, Kayser, V.",
    "Carlo V.",
    "Carlo, Imperator, V.",
    "Carlo, Austria, Imperadore, V.",
    "Carlo, Germania, Imperatore, V.",
    "Carlos I., Espan\u0303a, Rey",
    "Carlos I., Ko\u0308nig von Spanien",
    "Carlos I., Rey de Espan\u0303a",
    "Carlos, Kastilien, Prinz",
    "Carlos, Aleman\u0303ia, Emperador, V.",
    "Carlos, Alemania, Emperador, V.",
    "Carlos, V.",
    "Carlos V, Emperador",
    "Carlos, Espagne, Rey, I.",
    "Carlos V., Heiliges Ro\u0308misches Reich, Kaiser",
    "Carol V.",
    "Carol, der Fu\u0308nffte",
    "Carol, Kaiser, V.",
    "Carol, Ro\u0308misch-Deutsches Reich, Kaiser, V.",
    "Carol, Ro\u0308misches Reich, Kaiser, V.",
    "Carolus V., Heiliges Ro\u0308misches Reich, Kaiser",
    "Carolus V., Imperium Romano-Germanicum, Imperator",
    "Carolus V., Germania, Imperator",
    "Carolus V., Romanorum Imperator",
    "Carolus V., Romanorum Rex",
    "Carolus V., Keyser",
    "Carolus V.",
    "Carolus, Quintus",
    "Carolus",
    "Carolus, Belgium, Princeps",
    "Carolus, Caesar",
    "Carolus, Caesar, V.",
    "Carolus, Caesar Augustus, V.",
    "Carolus, Hispania, Rex, I.",
    "Carolus, I.",
    "Carolus, Imperator Romanorum, V.",
    "Carolus, Imperator",
    "Carolus, Imperator, V.",
    "Carolus, Imperium Romanum-Germanicum, Imperator, V.",
    "Carolus, Kaiser, V.",
    "Carolus, O\u0308sterreich, Erzherzog, V.",
    "Carolus, de vijfste",
    "Carolus, Roomsche Keyser, V.",
    "Carolus, Ro\u0308mischer Kaiser, V.",
    "Charles V., Heiliges Ro\u0308misches Reich, Kaiser",
    "Charles V., Allemagne, Empereur",
    "Charles V., Empereur",
    "Charles V., Emperor",
    "Charles, Burgund, Herzog",
    "Charles, O\u0308sterreich, Erzherzog",
    "Charles-Quint",
    "Charles, Quint",
    "Charles, Germany, Emperor, V.",
    "Charles, Romania, Emperor, V.",
    "Charles V., Holy Roman Empire, Emperor",
    "Charles, Emperor",
    "Charles, Emperor, V.",
    "Charles, V.",
    "Charles, Prince of Castile",
    "Charles Quint",
    "Karl I., Ko\u0308nig von Spanien Charles-Quint",
    "Calr V, Kaiser"
  ],
  "dateOfBirth": "February 24, 1500",
  "dateOfDeath": "September 21, 1558",
  "placeOfBirth": [
    {
      "@id": "https://d-nb.info/gnd/4020176-4",
      "preferredName": "Gent"
    }
  ],
  "placeOfDeath": [
    {
      "@id": "https://d-nb.info/gnd/16003734-7",
      "preferredName": "Cuacos de Yuste"
    }
  ],
  "associatedCountry": [
    {
      "@id": "https://d-nb.info/standards/vocab/gnd/geographic-area-code#XA-DE",
      "preferredName": "Deutschland"
    },
    {
      "@id": "https://d-nb.info/standards/vocab/gnd/geographic-area-code#XA-AT",
      "preferredName": "\u00d6sterreich"
    },
    {
      "@id": "https://d-nb.info/standards/vocab/gnd/geographic-area-code#XA-ES",
      "preferredName": "Spanien"
    }
  ],
  "gender": {
    "@id": "https://d-nb.info/standards/vocab/gnd/gender#male",
    "label": "Mann"
  },
  "biographicalOrHistoricalInformation": "Kaiser (1519-1556)",
  "relatedPerson": [
    {
      "@id": "https://d-nb.info/gnd/132274949",
      "relationship": "Vertrauter",
      "preferredName": "Charles de Lannoy"
    },
    {
      "@id": "https://d-nb.info/gnd/118670646",
      "relationship": "VD-16 Mitverf.",
      "preferredName": "Caspar Cruciger"
    },
    {
      "@id": "https://d-nb.info/gnd/118671928",
      "relationship": "VD-16 Mitverf.",
      "preferredName": "Veit Dietrich"
    },
    {
      "@id": "https://d-nb.info/gnd/119723514",
      "relationship": "VD-16 Mitverf.",
      "preferredName": "Johann, Kurfu\u0308rst von Sachsen"
    },
    {
      "@id": "https://d-nb.info/gnd/118798170",
      "relationship": "VD-16 Mitverf.",
      "preferredName": "Georg Spalatin"
    },
    {
      "@id": "https://d-nb.info/gnd/119836882",
      "relationship": "VD-16 Mitverf.",
      "preferredName": "Johannes Stammel"
    },
    {
      "@id": "https://d-nb.info/gnd/119601974",
      "relationship": "VD-16 Mitverf.",
      "preferredName": "Girolamo Oliviero Agosti"
    },
    {
      "@id": "https://d-nb.info/gnd/12956320X",
      "relationship": "VD-16 Mitverf.",
      "preferredName": "Eberhard Billick"
    },
    {
      "@id": "https://d-nb.info/gnd/118517287",
      "relationship": "VD-16 Mitverf.",
      "preferredName": "Johannes Bugenhagen"
    },
    {
      "@id": "https://d-nb.info/gnd/11852786X",
      "relationship": "VD-16 Mitverf.",
      "preferredName": "Albrecht Du\u0308rer"
    },
    {
      "@id": "https://d-nb.info/gnd/11852870X",
      "relationship": "VD-16 Mitverf.",
      "preferredName": "Johannes Eck"
    },
    {
      "@id": "https://d-nb.info/gnd/118530666",
      "relationship": "VD-16 Mitverf.",
      "preferredName": "Desiderius Erasmus"
    },
    {
      "@id": "https://d-nb.info/gnd/116713550",
      "relationship": "VD-16 Mitverf.",
      "preferredName": "Georg Sabinus"
    },
    {
      "@id": "https://d-nb.info/gnd/119762226",
      "relationship": "VD-16 Mitverf.",
      "preferredName": "David Milesius"
    },
    {
      "@id": "https://d-nb.info/gnd/121561178",
      "relationship": "VD-16 Mitverf.",
      "preferredName": "Lodovico Beccadelli"
    },
    {
      "@id": "https://d-nb.info/gnd/116118547",
      "relationship": "VD-16 Mitverf.",
      "preferredName": "Johannes Caselius"
    },
    {
      "@id": "https://d-nb.info/gnd/119870193",
      "relationship": "VD-16 Mitverf.",
      "preferredName": "Wigle, van Aytta"
    },
    {
      "@id": "https://d-nb.info/gnd/124494153",
      "relationship": "VD-16 Mitverf.",
      "preferredName": "Alexander von Suchten"
    }
  ],
  "familialRelationship": [
    {
      "@id": "https://d-nb.info/gnd/118579371",
      "relationship": "Gro\u00dfvater",
      "preferredName": "Maximilian I., Heiliges Ro\u0308misches Reich, Kaiser"
    },
    {
      "@id": "https://d-nb.info/gnd/11864162X",
      "relationship": "Vater",
      "preferredName": "Philipp I., Kastilien, Ko\u0308nig"
    },
    {
      "@id": "https://d-nb.info/gnd/118557793",
      "relationship": "Mutter",
      "preferredName": "Johanna, Kastilien, Ko\u0308nigin"
    },
    {
      "@id": "https://d-nb.info/gnd/119170531",
      "relationship": "Schwester",
      "preferredName": "Maria, Ungarn, Ko\u0308nigin"
    },
    {
      "@id": "https://d-nb.info/gnd/118713299",
      "relationship": "unehelicher Sohn",
      "preferredName": "Juan, de Austria"
    },
    {
      "@id": "https://d-nb.info/gnd/118544225",
      "relationship": "uneheliche Tochter",
      "preferredName": "Margarete, von Parma"
    },
    {
      "@id": "https://d-nb.info/gnd/11938888X",
      "relationship": "Ehefrau",
      "preferredName": "Isabella, Heiliges Ro\u0308misches Reich, Kaiserin"
    },
    {
      "@id": "https://d-nb.info/gnd/118593862",
      "relationship": "Sohn",
      "preferredName": "Philipp II., Spanien, Ko\u0308nig"
    },
    {
      "@id": "https://d-nb.info/gnd/121209881",
      "relationship": "Tochter",
      "preferredName": "Juana, Portugal, Infantin"
    }
  ],
  "depiction": {
    "@id": "https://commons.wikimedia.org/wiki/Special:FilePath/Portrait%20of%20Charles%20V%2C%20Holy%20Roman%20Emperor%2C%20seated%20%281500%E2%80%931558%29%2C%20formerly%20attributed%20to%20Titian%20%28Alte%20Pinakothek%2C%20Munich%29.jpg",
    "publisher": "Wikimedia Commons",
    "copyrighted": "false",
    "creator": [
      "Formerly attributed to Titian / Attributed to Lambert Sustris"
    ],
    "creditText": [
      "sammlung.pinakothek.de"
    ],
    "license": [
      {
        "@id": "https://creativecommons.org/publicdomain/mark/1.0/",
        "abbr": "PD",
        "name": "Public Domain",
        "attributionRequired": "false",
        "restrictions": ""
      }
    ],
    "url": "https://commons.wikimedia.org/wiki/File:Portrait%20of%20Charles%20V%2C%20Holy%20Roman%20Emperor%2C%20seated%20%281500%E2%80%931558%29%2C%20formerly%20attributed%20to%20Titian%20%28Alte%20Pinakothek%2C%20Munich%29.jpg?uselang=en",
    "thumbnail": {
      "@id": "https://commons.wikimedia.org/wiki/Special:FilePath/Portrait%20of%20Charles%20V%2C%20Holy%20Roman%20Emperor%2C%20seated%20%281500%E2%80%931558%29%2C%20formerly%20attributed%20to%20Titian%20%28Alte%20Pinakothek%2C%20Munich%29.jpg?width=270"
    }
  },
  "sameAs": [
    {
      "@id": "https://d-nb.info/gnd/118560093/about",
      "collection": {
        "abbr": "DNB",
        "name": "Gemeinsame Normdatei (GND) im Katalog der Deutschen Nationalbibliothek",
        "publisher": "Deutsche Nationalbibliothek",
        "icon": "https://www.dnb.de/SiteGlobals/Frontend/DNBWeb/Images/favicon.png?__blob=normal&v=4"
      }
    },
    {
      "@id": "https://isni.org/isni/0000000120965852",
      "collection": {
        "abbr": "ISNI",
        "name": "International Standard Name Identifier (ISNI)",
        "publisher": "International Standard Name Identifier (ISNI)",
        "icon": "https://www.isni.org/sites/default/files/isni_new_favicon.ico"
      }
    },
    {
      "@id": "http://catalogue.bnf.fr/ark:/12148/cb12038246v",
      "collection": {
        "abbr": "BNF",
        "name": "Bibliothe\u0300que nationale de France",
        "publisher": "Bibliothe\u0300que nationale de France",
        "icon": "https://www.bnf.fr/themes/custom/bnfsi/favicon.ico"
      }
    },
    {
      "@id": "http://www.hls-dhs-dss.ch/textes/d/D29211.php",
      "collection": {
        "abbr": "CH_HLS",
        "name": "Historisches Lexikon der Schweiz (HLS)",
        "publisher": "Historisches Lexikon der Schweiz (HLS)",
        "icon": "https://www.hls-dhs-dss.ch/favicon.ico"
      }
    },
    {
      "@id": "https://de.wikipedia.org/wiki/Karl_V._%28HRR%29",
      "collection": {
        "abbr": "dewiki",
        "name": "Wikipedia (Deutsch)",
        "publisher": "Wikimedia Foundation Inc.",
        "icon": "https://de.wikipedia.org/static/favicon/wikipedia.ico"
      }
    },
    {
      "@id": "https://de.wikisource.org/wiki/Karl_V.",
      "collection": {
        "abbr": "WIKISOURCE",
        "name": "Wikisource",
        "publisher": "Wikimedia Foundation Inc.",
        "icon": "https://wikisource.org/static/favicon/wikisource.ico"
      }
    },
    {
      "@id": "https://en.wikipedia.org/wiki/Charles_V%2C_Holy_Roman_Emperor",
      "collection": {
        "abbr": "enwiki",
        "name": "Wikipedia (English)",
        "publisher": "Wikimedia Foundation Inc.",
        "icon": "https://en.wikipedia.org/static/favicon/wikipedia.ico"
      }
    },
    {
      "@id": "https://kaiserhof.geschichte.lmu.de/Q/GND=118560093",
      "collection": {
        "abbr": "KH",
        "name": "Kaiser und H\u00f6fe",
        "publisher": "Ludwig-Maximilians-Universit\u00e4t M\u00fcnchen - Historisches Seminar - Fr\u00fche Neuzeit",
        "icon": "https://kaiserhof.geschichte.lmu.de/favicon.ico"
      }
    },
    {
      "@id": "https://kalliope-verbund.info/gnd/118560093",
      "collection": {
        "abbr": "DE-611",
        "name": "Kalliope Verbundkatalog",
        "publisher": "Staatsbibliothek zu Berlin - Preu\u00dfischer Kulturbesitz",
        "icon": "https://kalliope-verbund.info/img/favicon.ico"
      }
    },
    {
      "@id": "https://www.archivportal-d.de/person/gnd/118560093",
      "collection": {
        "abbr": "ARCHIV-D",
        "name": "Archivportal-D",
        "publisher": "Deutsche Digitale Bibliothek",
        "icon": "https://www.archivportal-d.de/favicon.ico"
      }
    },
    {
      "@id": "https://www.deutsche-biographie.de/pnd118560093.html#adbcontent",
      "collection": {
        "abbr": "ADB",
        "name": "Allgemeine Deutsche Biographie (ADB)",
        "publisher": "Historische Kommission bei der Bayerischen Akademie der Wissenschaften und Bayerische Staatsbibliothek",
        "icon": "https://www.deutsche-biographie.de/favicon.ico"
      }
    },
    {
      "@id": "https://www.deutsche-biographie.de/pnd118560093.html#ndbcontent",
      "collection": {
        "abbr": "NDB",
        "name": "Neue Deutsche Biographie (NDB)",
        "publisher": "Historische Kommission bei der Bayerischen Akademie der Wissenschaften und Bayerische Staatsbibliothek",
        "icon": "https://www.deutsche-biographie.de/favicon.ico"
      }
    },
    {
      "@id": "https://www.deutsche-digitale-bibliothek.de/person/gnd/118560093",
      "collection": {
        "abbr": "DDB",
        "name": "Deutsche Digitale Bibliothek",
        "publisher": "Deutsche Digitale Bibliothek",
        "icon": "https://www.deutsche-digitale-bibliothek.de/favicon.ico"
      }
    },
    {
      "@id": "https://www.portraitindex.de/dokumente/pnd/118560093",
      "collection": {
        "abbr": "Portraitindex",
        "name": "Digitaler Portraitindex der druckgraphischen Bildnisse der Fru\u0308hen Neuzeit",
        "publisher": "Deutsches Dokumentationszentrum fu\u0308r Kunstgeschichte - Bildarchiv Foto Marburg",
        "icon": "https://www.portraitindex.de/favicon.ico"
      }
    },
    {
      "@id": "http://id.loc.gov/rwo/agents/n79112289",
      "collection": {
        "abbr": "LC",
        "name": "NACO Authority File",
        "publisher": "Library of Congress",
        "icon": "https://www.loc.gov/favicon.ico"
      }
    },
    {
      "@id": "http://viaf.org/viaf/88598818",
      "collection": {
        "abbr": "VIAF",
        "name": "Virtual International Authority File (VIAF)",
        "publisher": "OCLC",
        "icon": "https://viaf.org/viaf/images/viaf.ico"
      }
    },
    {
      "@id": "http://www.wikidata.org/entity/Q32500",
      "collection": {
        "abbr": "WIKIDATA",
        "name": "Wikidata",
        "publisher": "Wikimedia Foundation Inc.",
        "icon": "https://www.wikidata.org/static/favicon/wikidata.ico"
      }
    },
    {
      "@id": "https://isni.org/isni/0000000120965852",
      "collection": {
        "abbr": "ISNI",
        "name": "International Standard Name Identifier (ISNI)",
        "publisher": "International Standard Name Identifier (ISNI)",
        "icon": "https://www.isni.org/sites/default/files/isni_new_favicon.ico"
      }
    }
  ]
}