{
  "@context": "http://hub.culturegraph.org/entityfacts/context/v1/entityfacts.jsonld",
  "@id": "https://d-nb.info/gnd/118560069",
  "describedBy": {
    "valid": "2026-04-28T09:24:26Z",
    "license": "https://creativecommons.org/publicdomain/zero/1.0/",
    "@id": "https://hub.culturegraph.org/entityfacts/118560069"
  },
  "preferredName": "Karl, O\u0308sterreich, Erzherzog",
  "surname": "Karl, O\u0308sterreich, Erzherzog",
  "@type": "person",
  "titleOfNobility": [
    "Erzherzog"
  ],
  "variantName": [
    "Carl II., Innero\u0308sterreich, Erzherzog",
    "Karl II., Innero\u0308sterreich, Erzherzog",
    "Karl Franz II., Innero\u0308sterreich, Erzherzog",
    "Carolus, Austria, Archidux",
    "Carolus, O\u0308sterreich, Erzherzog",
    "Karl II., Steiermark, Herzog"
  ],
  "dateOfBirth": "June 3, 1540",
  "dateOfDeath": "July 10, 1590",
  "placeOfBirth": [
    {
      "@id": "https://d-nb.info/gnd/4066009-6",
      "preferredName": "Wien"
    }
  ],
  "placeOfDeath": [
    {
      "@id": "https://d-nb.info/gnd/4021912-4",
      "preferredName": "Graz"
    }
  ],
  "associatedCountry": [
    {
      "@id": "https://d-nb.info/standards/vocab/gnd/geographic-area-code#XA-AT",
      "preferredName": "\u00d6sterreich"
    }
  ],
  "gender": {
    "@id": "https://d-nb.info/standards/vocab/gnd/gender#male",
    "label": "Mann"
  },
  "biographicalOrHistoricalInformation": "Sohn des Kaisers Ferdinand I.; Erzherzog von O\u0308sterreich; Landesfu\u0308rst von Innero\u0308sterreich; Landesherr von Ka\u0308rnten, Steiermark und Krain",
  "familialRelationship": [
    {
      "@id": "https://d-nb.info/gnd/118532502",
      "relationship": "Vater",
      "preferredName": "Ferdinand I., Heiliges Ro\u0308misches Reich, Kaiser"
    },
    {
      "@id": "https://d-nb.info/gnd/104116277",
      "relationship": "Ehefrau ab 1571",
      "preferredName": "Maria Anna, O\u0308sterreich, Erzherzogin"
    },
    {
      "@id": "https://d-nb.info/gnd/118532510",
      "relationship": "Sohn",
      "preferredName": "Ferdinand II., Heiliges Ro\u0308misches Reich, Kaiser"
    },
    {
      "@id": "https://d-nb.info/gnd/118938363",
      "relationship": "Sohn",
      "preferredName": "Leopold V., O\u0308sterreich, Erzherzog"
    },
    {
      "@id": "https://d-nb.info/gnd/104189584",
      "relationship": "Tochter",
      "preferredName": "Margarethe, Spanien, Ko\u0308nigin"
    }
  ],
  "depiction": {
    "@id": "https://commons.wikimedia.org/wiki/Special:FilePath/Gonz%C3%A1lez%20-%20Archduke%20Charles%20of%20Austria%2C%20Duke%20of%20Styria.jpg",
    "publisher": "Wikimedia Commons",
    "copyrighted": "false",
    "creator": [
      "Bartolom\u00e9 Gonz\u00e1lez y Serrano"
    ],
    "creditText": [
      "museodelprado.es"
    ],
    "license": [
      {
        "@id": "https://creativecommons.org/publicdomain/mark/1.0/",
        "abbr": "PD",
        "name": "Public Domain",
        "attributionRequired": "false",
        "restrictions": ""
      }
    ],
    "url": "https://commons.wikimedia.org/wiki/File:Gonz%C3%A1lez%20-%20Archduke%20Charles%20of%20Austria%2C%20Duke%20of%20Styria.jpg?uselang=en",
    "thumbnail": {
      "@id": "https://commons.wikimedia.org/wiki/Special:FilePath/Gonz%C3%A1lez%20-%20Archduke%20Charles%20of%20Austria%2C%20Duke%20of%20Styria.jpg?width=270"
    }
  },
  "sameAs": [
    {
      "@id": "https://d-nb.info/gnd/118560069/about",
      "collection": {
        "abbr": "DNB",
        "name": "Gemeinsame Normdatei (GND) im Katalog der Deutschen Nationalbibliothek",
        "publisher": "Deutsche Nationalbibliothek",
        "icon": "https://www.dnb.de/SiteGlobals/Frontend/DNBWeb/Images/favicon.png?__blob=normal&v=4"
      }
    },
    {
      "@id": "https://de.wikipedia.org/wiki/Karl_II._%28Inner%C3%B6sterreich%29",
      "collection": {
        "abbr": "dewiki",
        "name": "Wikipedia (Deutsch)",
        "publisher": "Wikimedia Foundation Inc.",
        "icon": "https://de.wikipedia.org/static/favicon/wikipedia.ico"
      }
    },
    {
      "@id": "https://en.wikipedia.org/wiki/Charles_II%2C_Archduke_of_Austria",
      "collection": {
        "abbr": "enwiki",
        "name": "Wikipedia (English)",
        "publisher": "Wikimedia Foundation Inc.",
        "icon": "https://en.wikipedia.org/static/favicon/wikipedia.ico"
      }
    },
    {
      "@id": "https://kaiserhof.geschichte.lmu.de/Q/GND=118560069",
      "collection": {
        "abbr": "KH",
        "name": "Kaiser und H\u00f6fe",
        "publisher": "Ludwig-Maximilians-Universit\u00e4t M\u00fcnchen - Historisches Seminar - Fr\u00fche Neuzeit",
        "icon": "https://kaiserhof.geschichte.lmu.de/favicon.ico"
      }
    },
    {
      "@id": "https://kalliope-verbund.info/gnd/118560069",
      "collection": {
        "abbr": "DE-611",
        "name": "Kalliope Verbundkatalog",
        "publisher": "Staatsbibliothek zu Berlin - Preu\u00dfischer Kulturbesitz",
        "icon": "https://kalliope-verbund.info/img/favicon.ico"
      }
    },
    {
      "@id": "https://www.archivportal-d.de/person/gnd/118560069",
      "collection": {
        "abbr": "ARCHIV-D",
        "name": "Archivportal-D",
        "publisher": "Deutsche Digitale Bibliothek",
        "icon": "https://www.archivportal-d.de/favicon.ico"
      }
    },
    {
      "@id": "https://www.deutsche-biographie.de/pnd118560069.html#adbcontent",
      "collection": {
        "abbr": "ADB",
        "name": "Allgemeine Deutsche Biographie (ADB)",
        "publisher": "Historische Kommission bei der Bayerischen Akademie der Wissenschaften und Bayerische Staatsbibliothek",
        "icon": "https://www.deutsche-biographie.de/favicon.ico"
      }
    },
    {
      "@id": "https://www.deutsche-biographie.de/pnd118560069.html#ndbcontent",
      "collection": {
        "abbr": "NDB",
        "name": "Neue Deutsche Biographie (NDB)",
        "publisher": "Historische Kommission bei der Bayerischen Akademie der Wissenschaften und Bayerische Staatsbibliothek",
        "icon": "https://www.deutsche-biographie.de/favicon.ico"
      }
    },
    {
      "@id": "https://www.deutsche-digitale-bibliothek.de/person/gnd/118560069",
      "collection": {
        "abbr": "DDB",
        "name": "Deutsche Digitale Bibliothek",
        "publisher": "Deutsche Digitale Bibliothek",
        "icon": "https://www.deutsche-digitale-bibliothek.de/favicon.ico"
      }
    },
    {
      "@id": "https://www.portraitindex.de/dokumente/pnd/118560069",
      "collection": {
        "abbr": "Portraitindex",
        "name": "Digitaler Portraitindex der druckgraphischen Bildnisse der Fru\u0308hen Neuzeit",
        "publisher": "Deutsches Dokumentationszentrum fu\u0308r Kunstgeschichte - Bildarchiv Foto Marburg",
        "icon": "https://www.portraitindex.de/favicon.ico"
      }
    },
    {
      "@id": "http://id.loc.gov/rwo/agents/n92005861",
      "collection": {
        "abbr": "LC",
        "name": "NACO Authority File",
        "publisher": "Library of Congress",
        "icon": "https://www.loc.gov/favicon.ico"
      }
    },
    {
      "@id": "http://viaf.org/viaf/36103840",
      "collection": {
        "abbr": "VIAF",
        "name": "Virtual International Authority File (VIAF)",
        "publisher": "OCLC",
        "icon": "https://viaf.org/viaf/images/viaf.ico"
      }
    },
    {
      "@id": "http://www.wikidata.org/entity/Q156400",
      "collection": {
        "abbr": "WIKIDATA",
        "name": "Wikidata",
        "publisher": "Wikimedia Foundation Inc.",
        "icon": "https://www.wikidata.org/static/favicon/wikidata.ico"
      }
    },
    {
      "@id": "https://isni.org/isni/0000000030974739",
      "collection": {
        "abbr": "ISNI",
        "name": "International Standard Name Identifier (ISNI)",
        "publisher": "International Standard Name Identifier (ISNI)",
        "icon": "https://www.isni.org/sites/default/files/isni_new_favicon.ico"
      }
    }
  ]
}