{
  "@context": "http://hub.culturegraph.org/entityfacts/context/v1/entityfacts.jsonld",
  "@id": "https://d-nb.info/gnd/118560026",
  "describedBy": {
    "valid": "2026-05-01T03:20:45Z",
    "license": "https://creativecommons.org/publicdomain/zero/1.0/",
    "@id": "https://hub.culturegraph.org/entityfacts/118560026"
  },
  "preferredName": "Karl, Burgund, Herzog",
  "surname": "Karl, Burgund, Herzog",
  "periodOfActivity": "June 15, 1467\u2013January 5, 1477",
  "@type": "person",
  "titleOfNobility": [
    "Herzog"
  ],
  "variantName": [
    "Karl, der Ku\u0308hne, Burgund, Herzog",
    "Charles, Charolais, Comte",
    "Charles, le Hardi",
    "Carolus, Burgundia, Dux",
    "Charles, Bourgogne, Duc",
    "Karel, de Stoute",
    "Charles, the Bold",
    "Charles, le Te\u0301me\u0301raire",
    "Charles, le Te\u0301me\u0301raire, duc de Bourgogne",
    "Karl, der Ku\u0308hne",
    "Carolus, Pugnax",
    "Carolus, Bellicosus",
    "Karl der Ku\u0308hne, Duke of Burgundy",
    "Karl, Duc de Bourgogne",
    "Karl, Duke of Burgundy",
    "Charles, Herzog von Burgund",
    "Charles, Duke of Burgundy",
    "Karl, Herzog von Burgund",
    "Charles, duc de Bourgogne",
    "Charles, comte de Charolais",
    "Carolus, Dux Burgundiae",
    "Charles, Duc de Bourgogne",
    "Karl der Ku\u0308hne, Herzog von Burgund",
    "Karl I., der Ku\u0308hne",
    "Charles le Te\u0301me\u0301raire, Herzog von Burgund",
    "Charles, Comte de Charolais",
    "Karl, der Ku\u0308hne, Duc de Bourgogne",
    "Carolus, Dux Burgundia",
    "Carl, Burgund, Herzog",
    "Charles Le-Te\u0301me\u0301raire",
    "Carlos, de Borgon\u0303a",
    "Karel, Bourgongne, Hertogh",
    "Carl, der Ku\u0308hne",
    "Charles, de Bourgogne",
    "Charles de Bourgogne",
    "Karel, van Bourgongne",
    "Charles le Te\u0301me\u0301raire, Duc de Bourgogne",
    "Charles le Te\u0301me\u0301raire, Duke of Burgundy"
  ],
  "dateOfBirth": "November 10, 1433",
  "dateOfDeath": "January 5, 1477",
  "placeOfBirth": [
    {
      "@id": "https://d-nb.info/gnd/4012315-7",
      "preferredName": "Dijon"
    }
  ],
  "placeOfDeath": [
    {
      "@id": "https://d-nb.info/gnd/4041201-5",
      "preferredName": "Nancy"
    }
  ],
  "associatedCountry": [
    {
      "@id": "https://d-nb.info/standards/vocab/gnd/geographic-area-code#XA-FR",
      "preferredName": "Frankreich"
    },
    {
      "@id": "https://d-nb.info/standards/vocab/gnd/geographic-area-code#XA-NL",
      "preferredName": "Niederlande"
    }
  ],
  "professionOrOccupation": [
    {
      "@id": "https://d-nb.info/gnd/1051614252",
      "preferredName": "Mu\u0308nzherr"
    }
  ],
  "gender": {
    "@id": "https://d-nb.info/standards/vocab/gnd/gender#male",
    "label": "Mann"
  },
  "familialRelationship": [
    {
      "@id": "https://d-nb.info/gnd/119097745",
      "preferredName": "Valois, Dynastie : 1270-1589"
    },
    {
      "@id": "https://d-nb.info/gnd/118742167",
      "relationship": "Vater",
      "preferredName": "Philipp III., Burgund, Herzog"
    },
    {
      "@id": "https://d-nb.info/gnd/11874688X",
      "relationship": "Mutter",
      "preferredName": "Isabelle, Bourgogne, Duchesse"
    },
    {
      "@id": "https://d-nb.info/gnd/11857776X",
      "relationship": "Tochter",
      "preferredName": "Maria, Burgund, Herzogin"
    }
  ],
  "depiction": {
    "@id": "https://commons.wikimedia.org/wiki/Special:FilePath/Charles%20the%20Bold%201460.jpg",
    "publisher": "Wikimedia Commons",
    "copyrighted": "false",
    "creator": [
      "Rogier van der Weyden"
    ],
    "creditText": [
      "Meyer, F.: Schweizergeschichte von der Bundesgr\u00fcndung bis Marignano, Lehrmittelverlag des Kantons Thurgau, Frauenfeld 1976. No ISBN."
    ],
    "license": [
      {
        "@id": "https://creativecommons.org/publicdomain/mark/1.0/",
        "abbr": "PD",
        "name": "Public Domain",
        "attributionRequired": "false",
        "restrictions": ""
      }
    ],
    "url": "https://commons.wikimedia.org/wiki/File:Charles%20the%20Bold%201460.jpg?uselang=en",
    "thumbnail": {
      "@id": "https://commons.wikimedia.org/wiki/Special:FilePath/Charles%20the%20Bold%201460.jpg?width=270"
    }
  },
  "sameAs": [
    {
      "@id": "https://d-nb.info/gnd/118560026/about",
      "collection": {
        "abbr": "DNB",
        "name": "Gemeinsame Normdatei (GND) im Katalog der Deutschen Nationalbibliothek",
        "publisher": "Deutsche Nationalbibliothek",
        "icon": "https://www.dnb.de/SiteGlobals/Frontend/DNBWeb/Images/favicon.png?__blob=normal&v=4"
      }
    },
    {
      "@id": "https://isni.org/isni/0000000121416476",
      "collection": {
        "abbr": "ISNI",
        "name": "International Standard Name Identifier (ISNI)",
        "publisher": "International Standard Name Identifier (ISNI)",
        "icon": "https://www.isni.org/sites/default/files/isni_new_favicon.ico"
      }
    },
    {
      "@id": "http://catalogue.bnf.fr/ark:/12148/cb13554658d",
      "collection": {
        "abbr": "BNF",
        "name": "Bibliothe\u0300que nationale de France",
        "publisher": "Bibliothe\u0300que nationale de France",
        "icon": "https://www.bnf.fr/themes/custom/bnfsi/favicon.ico"
      }
    },
    {
      "@id": "http://www.hls-dhs-dss.ch/textes/d/D29226.php",
      "collection": {
        "abbr": "CH_HLS",
        "name": "Historisches Lexikon der Schweiz (HLS)",
        "publisher": "Historisches Lexikon der Schweiz (HLS)",
        "icon": "https://www.hls-dhs-dss.ch/favicon.ico"
      }
    },
    {
      "@id": "https://de.wikipedia.org/wiki/Karl_der_K%C3%BChne",
      "collection": {
        "abbr": "dewiki",
        "name": "Wikipedia (Deutsch)",
        "publisher": "Wikimedia Foundation Inc.",
        "icon": "https://de.wikipedia.org/static/favicon/wikipedia.ico"
      }
    },
    {
      "@id": "https://en.wikipedia.org/wiki/Charles_the_Bold",
      "collection": {
        "abbr": "enwiki",
        "name": "Wikipedia (English)",
        "publisher": "Wikimedia Foundation Inc.",
        "icon": "https://en.wikipedia.org/static/favicon/wikipedia.ico"
      }
    },
    {
      "@id": "https://kaiserhof.geschichte.lmu.de/Q/GND=118560026",
      "collection": {
        "abbr": "KH",
        "name": "Kaiser und H\u00f6fe",
        "publisher": "Ludwig-Maximilians-Universit\u00e4t M\u00fcnchen - Historisches Seminar - Fr\u00fche Neuzeit",
        "icon": "https://kaiserhof.geschichte.lmu.de/favicon.ico"
      }
    },
    {
      "@id": "https://kalliope-verbund.info/gnd/118560026",
      "collection": {
        "abbr": "DE-611",
        "name": "Kalliope Verbundkatalog",
        "publisher": "Staatsbibliothek zu Berlin - Preu\u00dfischer Kulturbesitz",
        "icon": "https://kalliope-verbund.info/img/favicon.ico"
      }
    },
    {
      "@id": "https://www.archivportal-d.de/person/gnd/118560026",
      "collection": {
        "abbr": "ARCHIV-D",
        "name": "Archivportal-D",
        "publisher": "Deutsche Digitale Bibliothek",
        "icon": "https://www.archivportal-d.de/favicon.ico"
      }
    },
    {
      "@id": "https://www.deutsche-digitale-bibliothek.de/person/gnd/118560026",
      "collection": {
        "abbr": "DDB",
        "name": "Deutsche Digitale Bibliothek",
        "publisher": "Deutsche Digitale Bibliothek",
        "icon": "https://www.deutsche-digitale-bibliothek.de/favicon.ico"
      }
    },
    {
      "@id": "https://www.portraitindex.de/dokumente/pnd/118560026",
      "collection": {
        "abbr": "Portraitindex",
        "name": "Digitaler Portraitindex der druckgraphischen Bildnisse der Fru\u0308hen Neuzeit",
        "publisher": "Deutsches Dokumentationszentrum fu\u0308r Kunstgeschichte - Bildarchiv Foto Marburg",
        "icon": "https://www.portraitindex.de/favicon.ico"
      }
    },
    {
      "@id": "http://id.loc.gov/rwo/agents/n80056901",
      "collection": {
        "abbr": "LC",
        "name": "NACO Authority File",
        "publisher": "Library of Congress",
        "icon": "https://www.loc.gov/favicon.ico"
      }
    },
    {
      "@id": "http://viaf.org/viaf/84075206",
      "collection": {
        "abbr": "VIAF",
        "name": "Virtual International Authority File (VIAF)",
        "publisher": "OCLC",
        "icon": "https://viaf.org/viaf/images/viaf.ico"
      }
    },
    {
      "@id": "http://www.wikidata.org/entity/Q151120",
      "collection": {
        "abbr": "WIKIDATA",
        "name": "Wikidata",
        "publisher": "Wikimedia Foundation Inc.",
        "icon": "https://www.wikidata.org/static/favicon/wikidata.ico"
      }
    },
    {
      "@id": "https://isni.org/isni/0000000121416476",
      "collection": {
        "abbr": "ISNI",
        "name": "International Standard Name Identifier (ISNI)",
        "publisher": "International Standard Name Identifier (ISNI)",
        "icon": "https://www.isni.org/sites/default/files/isni_new_favicon.ico"
      }
    }
  ]
}