{
  "@context": "http://hub.culturegraph.org/entityfacts/context/v1/entityfacts.jsonld",
  "@id": "https://d-nb.info/gnd/118557556",
  "describedBy": {
    "valid": "2026-04-29T14:34:28Z",
    "license": "https://creativecommons.org/publicdomain/zero/1.0/",
    "@id": "https://hub.culturegraph.org/entityfacts/118557556"
  },
  "preferredName": "Joachim Hektor II., Brandenburg, Kurfu\u0308rst",
  "surname": "Joachim Hektor II., Brandenburg, Kurfu\u0308rst",
  "@type": "person",
  "titleOfNobility": [
    "Kurfu\u0308rst",
    "Markgraf"
  ],
  "variantName": [
    "Joachim II., Brandenburg, Kurfu\u0308rst",
    "Joachim Hector II., Brandenburg, Kurfu\u0308rst",
    "Joachim, Brandenburg, Marggraff",
    "Joachim, von Hohenzollern",
    "Joachim, Brandenburg, Kurfu\u0308rst",
    "Joachim von Brandenburg",
    "Joachim, Hektor",
    "Joachim II., Kurfu\u0308rst von Brandenburg"
  ],
  "dateOfBirth": "January 9, 1505",
  "dateOfDeath": "January 3, 1571",
  "placeOfBirth": [
    {
      "@id": "https://d-nb.info/gnd/16062584-1",
      "preferredName": "Co\u0308lln (Spree)"
    }
  ],
  "placeOfDeath": [
    {
      "@id": "https://d-nb.info/gnd/4477575-1",
      "preferredName": "Schloss Berlin-Ko\u0308penick"
    }
  ],
  "associatedCountry": [
    {
      "@id": "https://d-nb.info/standards/vocab/gnd/geographic-area-code#XA-DE",
      "preferredName": "Deutschland"
    }
  ],
  "gender": {
    "@id": "https://d-nb.info/standards/vocab/gnd/gender#male",
    "label": "Mann"
  },
  "biographicalOrHistoricalInformation": "regierte 1535-1571; Beisetzung am 26.01.1571 in Co\u0308lln",
  "relatedPerson": [
    {
      "@id": "https://d-nb.info/gnd/118596128",
      "relationship": "VD-16 Mitverf.",
      "preferredName": "Stephan Praetorius"
    },
    {
      "relationship": "VD-16 Mitverf.",
      "preferredName": "Johannes Bugenhagen, der A\u0308ltere"
    },
    {
      "relationship": "VD-16 Mitverf.",
      "preferredName": "Justus Jonas, der A\u0308ltere"
    },
    {
      "@id": "https://d-nb.info/gnd/118575449",
      "relationship": "VD-16 Mitverf.",
      "preferredName": "Martin Luther"
    },
    {
      "relationship": "VD-16 Mitverf.",
      "preferredName": "Philipp Melanchthon"
    },
    {
      "relationship": "VD-16 Mitverf.",
      "preferredName": "Gottschalk Praetorius"
    },
    {
      "@id": "https://d-nb.info/gnd/118600796",
      "relationship": "VD-16 Mitverf.",
      "preferredName": "Urbanus Rhegius"
    }
  ],
  "familialRelationship": [
    {
      "@id": "https://d-nb.info/gnd/119214644",
      "relationship": "Vater",
      "preferredName": "Joachim Nestor I., Brandenburg, Kurfu\u0308rst"
    },
    {
      "@id": "https://d-nb.info/gnd/102828103X",
      "relationship": "1. Ehefrau",
      "preferredName": "Magdalena, Brandenburg, Markgra\u0308fin"
    },
    {
      "@id": "https://d-nb.info/gnd/132969947",
      "relationship": "2.Ehefrau",
      "preferredName": "Hedwig, Brandenburg, Kurfu\u0308rstin"
    },
    {
      "@id": "https://d-nb.info/gnd/102111588",
      "relationship": "Sohn",
      "preferredName": "Johann Georg, Brandenburg, Kurfu\u0308rst"
    },
    {
      "@id": "https://d-nb.info/gnd/104183799",
      "relationship": "Tochter aus 2. Ehe",
      "preferredName": "Hedwig, Braunschweig-Wolfenbu\u0308ttel, Herzogin"
    },
    {
      "@id": "https://d-nb.info/gnd/115676864",
      "relationship": "Tochter",
      "preferredName": "Elisabeth Magdalene, Braunschweig-Lu\u0308neburg, Herzogin"
    }
  ],
  "depiction": {
    "@id": "https://commons.wikimedia.org/wiki/Special:FilePath/Joachim%20II%20of%20Brandenburg%20by%20Lucas%20Cranach%20the%20Younger.jpg",
    "publisher": "Wikimedia Commons",
    "copyrighted": "false",
    "creator": [
      "Lucas Cranach the Younger"
    ],
    "creditText": [
      "Hans-Joachim Giersberg, Preu\u00dfens Glanz. K\u00f6nigsschl\u00f6sser in Berlin und Brandenburg (Munich 2007), p. 8."
    ],
    "license": [
      {
        "@id": "https://creativecommons.org/publicdomain/mark/1.0/",
        "abbr": "PD",
        "name": "Public Domain",
        "attributionRequired": "false",
        "restrictions": ""
      }
    ],
    "url": "https://commons.wikimedia.org/wiki/File:Joachim%20II%20of%20Brandenburg%20by%20Lucas%20Cranach%20the%20Younger.jpg?uselang=en",
    "thumbnail": {
      "@id": "https://commons.wikimedia.org/wiki/Special:FilePath/Joachim%20II%20of%20Brandenburg%20by%20Lucas%20Cranach%20the%20Younger.jpg?width=270"
    }
  },
  "sameAs": [
    {
      "@id": "https://d-nb.info/gnd/118557556/about",
      "collection": {
        "abbr": "DNB",
        "name": "Gemeinsame Normdatei (GND) im Katalog der Deutschen Nationalbibliothek",
        "publisher": "Deutsche Nationalbibliothek",
        "icon": "https://www.dnb.de/SiteGlobals/Frontend/DNBWeb/Images/favicon.png?__blob=normal&v=4"
      }
    },
    {
      "@id": "https://bmlo.de/Q/GND=118557556",
      "collection": {
        "abbr": "DE-M512",
        "name": "Bayerisches Musiker-Lexikon Online",
        "publisher": "Bayerisches Musiker-Lexikon Online",
        "icon": "https://bmlo.de/x/pic/favicon.gif"
      }
    },
    {
      "@id": "https://de.wikipedia.org/wiki/Joachim_II._%28Brandenburg%29",
      "collection": {
        "abbr": "dewiki",
        "name": "Wikipedia (Deutsch)",
        "publisher": "Wikimedia Foundation Inc.",
        "icon": "https://de.wikipedia.org/static/favicon/wikipedia.ico"
      }
    },
    {
      "@id": "https://en.wikipedia.org/wiki/Joachim_II_Hector%2C_Elector_of_Brandenburg",
      "collection": {
        "abbr": "enwiki",
        "name": "Wikipedia (English)",
        "publisher": "Wikimedia Foundation Inc.",
        "icon": "https://en.wikipedia.org/static/favicon/wikipedia.ico"
      }
    },
    {
      "@id": "https://kaiserhof.geschichte.lmu.de/Q/GND=118557556",
      "collection": {
        "abbr": "KH",
        "name": "Kaiser und H\u00f6fe",
        "publisher": "Ludwig-Maximilians-Universit\u00e4t M\u00fcnchen - Historisches Seminar - Fr\u00fche Neuzeit",
        "icon": "https://kaiserhof.geschichte.lmu.de/favicon.ico"
      }
    },
    {
      "@id": "https://kalliope-verbund.info/gnd/118557556",
      "collection": {
        "abbr": "DE-611",
        "name": "Kalliope Verbundkatalog",
        "publisher": "Staatsbibliothek zu Berlin - Preu\u00dfischer Kulturbesitz",
        "icon": "https://kalliope-verbund.info/img/favicon.ico"
      }
    },
    {
      "@id": "https://www.archivportal-d.de/person/gnd/118557556",
      "collection": {
        "abbr": "ARCHIV-D",
        "name": "Archivportal-D",
        "publisher": "Deutsche Digitale Bibliothek",
        "icon": "https://www.archivportal-d.de/favicon.ico"
      }
    },
    {
      "@id": "https://www.deutsche-biographie.de/pnd118557556.html#adbcontent",
      "collection": {
        "abbr": "ADB",
        "name": "Allgemeine Deutsche Biographie (ADB)",
        "publisher": "Historische Kommission bei der Bayerischen Akademie der Wissenschaften und Bayerische Staatsbibliothek",
        "icon": "https://www.deutsche-biographie.de/favicon.ico"
      }
    },
    {
      "@id": "https://www.deutsche-biographie.de/pnd118557556.html#ndbcontent",
      "collection": {
        "abbr": "NDB",
        "name": "Neue Deutsche Biographie (NDB)",
        "publisher": "Historische Kommission bei der Bayerischen Akademie der Wissenschaften und Bayerische Staatsbibliothek",
        "icon": "https://www.deutsche-biographie.de/favicon.ico"
      }
    },
    {
      "@id": "https://www.deutsche-digitale-bibliothek.de/person/gnd/118557556",
      "collection": {
        "abbr": "DDB",
        "name": "Deutsche Digitale Bibliothek",
        "publisher": "Deutsche Digitale Bibliothek",
        "icon": "https://www.deutsche-digitale-bibliothek.de/favicon.ico"
      }
    },
    {
      "@id": "https://www.portraitindex.de/dokumente/pnd/118557556",
      "collection": {
        "abbr": "Portraitindex",
        "name": "Digitaler Portraitindex der druckgraphischen Bildnisse der Fru\u0308hen Neuzeit",
        "publisher": "Deutsches Dokumentationszentrum fu\u0308r Kunstgeschichte - Bildarchiv Foto Marburg",
        "icon": "https://www.portraitindex.de/favicon.ico"
      }
    },
    {
      "@id": "http://id.loc.gov/rwo/agents/no2007104086",
      "collection": {
        "abbr": "LC",
        "name": "NACO Authority File",
        "publisher": "Library of Congress",
        "icon": "https://www.loc.gov/favicon.ico"
      }
    },
    {
      "@id": "http://viaf.org/viaf/13099234",
      "collection": {
        "abbr": "VIAF",
        "name": "Virtual International Authority File (VIAF)",
        "publisher": "OCLC",
        "icon": "https://viaf.org/viaf/images/viaf.ico"
      }
    },
    {
      "@id": "http://www.wikidata.org/entity/Q506527",
      "collection": {
        "abbr": "WIKIDATA",
        "name": "Wikidata",
        "publisher": "Wikimedia Foundation Inc.",
        "icon": "https://www.wikidata.org/static/favicon/wikidata.ico"
      }
    },
    {
      "@id": "https://isni.org/isni/0000000066294663",
      "collection": {
        "abbr": "ISNI",
        "name": "International Standard Name Identifier (ISNI)",
        "publisher": "International Standard Name Identifier (ISNI)",
        "icon": "https://www.isni.org/sites/default/files/isni_new_favicon.ico"
      }
    }
  ]
}