{
  "@context": "http://hub.culturegraph.org/entityfacts/context/v1/entityfacts.jsonld",
  "@id": "https://d-nb.info/gnd/118543733",
  "describedBy": {
    "valid": "2026-04-27T23:50:53Z",
    "license": "https://creativecommons.org/publicdomain/zero/1.0/",
    "@id": "https://hub.culturegraph.org/entityfacts/118543733"
  },
  "preferredName": "Gustav Adolf II., Schweden, Ko\u0308nig",
  "surname": "Gustav Adolf II., Schweden, Ko\u0308nig",
  "@type": "person",
  "variantName": [
    "Gustav Adolf II., Sverige, konung",
    "Gustav Adolf II., Sverige, kung",
    "Gustav Adolf II., roi de Sue\u0300de",
    "Gustav Adolf II., King of Sweden",
    "Gustav Adolf II., Ko\u0308nig von Schweden",
    "Gustav Adolf, der Grosse, Ko\u0308nig von Schweden",
    "Gustav Adolf, der Grosse, roi de Sue\u0300de",
    "Gustav Adolf, der Grosse",
    "Gustav Adolf",
    "Gustav Adolff, Schweden, Ko\u0308nig",
    "Gustav Adolph",
    "Gustav Adolph II., Schweden, Ko\u0308nig",
    "Gustav Adolph, Schweden, Ko\u0308nig",
    "Gustav Adolph II., Sverige, konung",
    "Gustav Adolph II., Suecia, Rex",
    "Gustav Adolphe II., Schweden, Ko\u0308nig",
    "Gustave Adolphe II., Schweden, Ko\u0308nig",
    "Gustav Adolphus, Schweden, Ko\u0308nig",
    "Gustav-Adolphus II., Suecia, Rex",
    "Gustav II., Schweden, Ko\u0308nig",
    "Gustave-Adolfe, Sue\u0300de, roi",
    "Gustave-Adolphe, Sue\u0300de, roi",
    "Gustave-Adolphe",
    "Gustave Adolphe II., roi de Sue\u0300de",
    "Gustave, roi de Sue\u0300de",
    "Gustaf Adolf II., Schweden, Ko\u0308nig",
    "Gustaf Adolf II., Ko\u0308nig von Schweden",
    "Gustaf Adolf II., Sverige, konung",
    "Gustaf Adolf II., Sverige, konge",
    "Gustaf Adolf, Finnland, Gro\u00dffu\u0308rst",
    "Gustaf Adolf, Etonien, Herzog",
    "Gustaf Adolf, Estland, Herzog",
    "Gustaf Adolf, Karelien, Herzog",
    "Gustaf Adolf II., King of Sweden",
    "Gustaf Adolf II., roi de Sue\u0300de",
    "Gustaf Adolf, zu Ingermanland",
    "Gustaf Adolph II., Schweden, Ko\u0308nig",
    "Gustaf Adolph II., Sverige, konung",
    "Gustaff Adolph II., Sverige, konung",
    "Gustaff Adolph, Schweden, Ko\u0308nig",
    "Gustaff Adolph, der Schweden Ko\u0308nig",
    "Gustaff Adolph, Swerige, konung",
    "Gustaff-Adolff, Schweden, Ko\u0308nig",
    "Gustaff Adolff, Schweden, Ko\u0308nig",
    "Gustaff Adolff II., Sverige, konung",
    "Gustav II. Adolph, Ko\u0308nig von Schweden",
    "Gustav II. Adolf, Ko\u0308nig von Schweden",
    "Gustaf II. Adolf, Ko\u0308nig von Schweden",
    "Gustavus, Magnus",
    "Gustavus, Suecia, Rex",
    "Gustavus II., Ko\u0308nig, Schweden",
    "Gustavus II., Sverige, kuning",
    "Gustavus II., Schweden, Ko\u0308nig",
    "Gustavus Adolfus II., Suecia, Rex",
    "Gustavus Adolphus II., Schweden, Ko\u0308nig",
    "Gustavus Adolphus, Schweden, Ko\u0308nig",
    "Gustavus Adolphus II, Ko\u0308nig von Schweden",
    "Gustavus Adolphus, Suecia, Rex",
    "Gustavus Adolphus II., Suecia, Rex",
    "Gustavus Adolphus II., Svecia, Rex",
    "Gustavus Adolphus, Svecia, Rex",
    "Gustavus Adolphus, Sueciae Rex",
    "Gustavus Adolphus, Rex Sueci",
    "Gustavus Adolphus, Estland, Herzog",
    "Gustavus Adolphus, Sweden, coninck",
    "Gustavus Adolphus II., Sverige, konung",
    "Gustavus Adolphus II., Swerige, konnung",
    "Gustavus Adolphus, Magnus",
    "Gustavus Adolphus II., Magnus",
    "Gustavus Adolphus, der Gro\u00dfe",
    "Gustavus Adolphus, Svecorum Gottorum & Vandalorum, Rex",
    "Gustavus-Adolphus II., Schweden, Ko\u0308nig",
    "Gustavus-Adolphus, Suecia, Rex",
    "Gustavus-Adolphus II., Suecia, Rex",
    "Gustavus-Adolphus, Svecia, Rex",
    "Gustavus-Adolphus II., Svecia, Rex",
    "Gustavus-Adolphus, Finnland, Gro\u00dffu\u0308rst",
    "Gustavus-Adolphus, Etonien, Herzog",
    "Gustavus-Adolphus, Karelien, Herzog",
    "Gustavus-Adolphus, zu Ingermanland",
    "Gustaphus Adolphus II., Suecia, Rex",
    "Gostavo Adolfo, Suetia, re",
    "Gustaf Adolf zu Ingermanland",
    "Gustavus Adolphus zu Ingermanland"
  ],
  "dateOfBirth": "December 19, 1594",
  "dateOfDeath": "November 16, 1632",
  "placeOfBirth": [
    {
      "@id": "https://d-nb.info/gnd/4057648-6",
      "preferredName": "Stockholm"
    }
  ],
  "placeOfDeath": [
    {
      "@id": "https://d-nb.info/gnd/4036538-4",
      "preferredName": "Lu\u0308tzen"
    }
  ],
  "associatedCountry": [
    {
      "@id": "https://d-nb.info/standards/vocab/gnd/geographic-area-code#XA-SE",
      "preferredName": "Schweden"
    }
  ],
  "professionOrOccupation": [
    {
      "@id": "https://d-nb.info/gnd/4238876-4",
      "preferredName": "Feldherr"
    }
  ],
  "gender": {
    "@id": "https://d-nb.info/standards/vocab/gnd/gender#male",
    "label": "Mann"
  },
  "biographicalOrHistoricalInformation": "Schwedischer Ko\u0308nig aus der Familie Wasa; regierte ab 1611; gefallen in der Schlacht bei Lu\u0308tzen",
  "familialRelationship": [
    {
      "@id": "https://d-nb.info/gnd/119177315",
      "relationship": "Vater",
      "preferredName": "Karl VIIII., Schweden, Ko\u0308nig"
    },
    {
      "@id": "https://d-nb.info/gnd/1261216504",
      "relationship": "Mutter",
      "preferredName": "Christine, Schweden, Ko\u0308nigin"
    },
    {
      "@id": "https://d-nb.info/gnd/129693774",
      "relationship": "Ehefrau ab 1620",
      "preferredName": "Maria Eleonora, Schweden, Ko\u0308nigin"
    },
    {
      "@id": "https://d-nb.info/gnd/118520652",
      "relationship": "Tochter",
      "preferredName": "Christine, Schweden, Ko\u0308nigin"
    },
    {
      "@id": "https://d-nb.info/gnd/104184752",
      "relationship": "Geliebte",
      "preferredName": "Ebba Brahe"
    },
    {
      "@id": "https://d-nb.info/gnd/11869944X",
      "relationship": "Unehelicher Sohn",
      "preferredName": "Gustav Gustavson"
    }
  ],
  "depiction": {
    "@id": "https://commons.wikimedia.org/wiki/Special:FilePath/Attributed%20to%20Jacob%20Hoefnagel%20-%20Gustavus%20Adolphus%2C%20King%20of%20Sweden%201611-1632%20-%20Google%20Art%20Project.jpg",
    "publisher": "Wikimedia Commons",
    "copyrighted": "false",
    "creator": [
      "Presumably Jacob Hoefnagel"
    ],
    "creditText": [
      "Google Arts &amp; Culture: Home - pic"
    ],
    "license": [
      {
        "@id": "https://creativecommons.org/publicdomain/mark/1.0/",
        "abbr": "PD",
        "name": "Public Domain",
        "attributionRequired": "false",
        "restrictions": ""
      }
    ],
    "url": "https://commons.wikimedia.org/wiki/File:Attributed%20to%20Jacob%20Hoefnagel%20-%20Gustavus%20Adolphus%2C%20King%20of%20Sweden%201611-1632%20-%20Google%20Art%20Project.jpg?uselang=en",
    "thumbnail": {
      "@id": "https://commons.wikimedia.org/wiki/Special:FilePath/Attributed%20to%20Jacob%20Hoefnagel%20-%20Gustavus%20Adolphus%2C%20King%20of%20Sweden%201611-1632%20-%20Google%20Art%20Project.jpg?width=270"
    }
  },
  "sameAs": [
    {
      "@id": "https://d-nb.info/gnd/118543733/about",
      "collection": {
        "abbr": "DNB",
        "name": "Gemeinsame Normdatei (GND) im Katalog der Deutschen Nationalbibliothek",
        "publisher": "Deutsche Nationalbibliothek",
        "icon": "https://www.dnb.de/SiteGlobals/Frontend/DNBWeb/Images/favicon.png?__blob=normal&v=4"
      }
    },
    {
      "@id": "https://de.wikisource.org/wiki/Gustav_II._Adolf",
      "collection": {
        "abbr": "WIKISOURCE",
        "name": "Wikisource",
        "publisher": "Wikimedia Foundation Inc.",
        "icon": "https://wikisource.org/static/favicon/wikisource.ico"
      }
    },
    {
      "@id": "https://frankfurter-personenlexikon.de/beacon/beacon.php?118543733",
      "collection": {
        "abbr": "FFMPL",
        "name": "Frankfurter Personenlexikon",
        "publisher": "Frankfurter Bu\u0308rgerstiftung im Holzhausenschlo\u0308sschen"
      }
    },
    {
      "@id": "https://kaiserhof.geschichte.lmu.de/Q/GND=118543733",
      "collection": {
        "abbr": "KH",
        "name": "Kaiser und H\u00f6fe",
        "publisher": "Ludwig-Maximilians-Universit\u00e4t M\u00fcnchen - Historisches Seminar - Fr\u00fche Neuzeit",
        "icon": "https://kaiserhof.geschichte.lmu.de/favicon.ico"
      }
    },
    {
      "@id": "https://kalliope-verbund.info/gnd/118543733",
      "collection": {
        "abbr": "DE-611",
        "name": "Kalliope Verbundkatalog",
        "publisher": "Staatsbibliothek zu Berlin - Preu\u00dfischer Kulturbesitz",
        "icon": "https://kalliope-verbund.info/img/favicon.ico"
      }
    },
    {
      "@id": "https://www.archivportal-d.de/person/gnd/118543733",
      "collection": {
        "abbr": "ARCHIV-D",
        "name": "Archivportal-D",
        "publisher": "Deutsche Digitale Bibliothek",
        "icon": "https://www.archivportal-d.de/favicon.ico"
      }
    },
    {
      "@id": "https://www.deutsche-biographie.de/pnd118543733.html#adbcontent",
      "collection": {
        "abbr": "ADB",
        "name": "Allgemeine Deutsche Biographie (ADB)",
        "publisher": "Historische Kommission bei der Bayerischen Akademie der Wissenschaften und Bayerische Staatsbibliothek",
        "icon": "https://www.deutsche-biographie.de/favicon.ico"
      }
    },
    {
      "@id": "https://www.deutsche-digitale-bibliothek.de/person/gnd/118543733",
      "collection": {
        "abbr": "DDB",
        "name": "Deutsche Digitale Bibliothek",
        "publisher": "Deutsche Digitale Bibliothek",
        "icon": "https://www.deutsche-digitale-bibliothek.de/favicon.ico"
      }
    },
    {
      "@id": "https://www.herder-institut.de/bildkatalog/gnd/118543733",
      "collection": {
        "abbr": "ba-herder",
        "name": "Bildarchiv / Herder-Institut",
        "publisher": "Herder-Institut f\u00fcr historische Ostmitteleuropaforschung \u2013 Institut der Leibniz-Gemeinschaft",
        "icon": "https://www.herder-institut.de/themes/custom/herder-institut/images/favicons/favicon.ico"
      }
    },
    {
      "@id": "https://www.portraitindex.de/dokumente/pnd/118543733",
      "collection": {
        "abbr": "Portraitindex",
        "name": "Digitaler Portraitindex der druckgraphischen Bildnisse der Fru\u0308hen Neuzeit",
        "publisher": "Deutsches Dokumentationszentrum fu\u0308r Kunstgeschichte - Bildarchiv Foto Marburg",
        "icon": "https://www.portraitindex.de/favicon.ico"
      }
    },
    {
      "@id": "http://viaf.org/viaf/568163513807311230003",
      "collection": {
        "abbr": "VIAF",
        "name": "Virtual International Authority File (VIAF)",
        "publisher": "OCLC",
        "icon": "https://viaf.org/viaf/images/viaf.ico"
      }
    },
    {
      "@id": "http://www.wikidata.org/entity/Q52938",
      "collection": {
        "abbr": "WIKIDATA",
        "name": "Wikidata",
        "publisher": "Wikimedia Foundation Inc.",
        "icon": "https://www.wikidata.org/static/favicon/wikidata.ico"
      }
    }
  ]
}