{
  "@context": "http://hub.culturegraph.org/entityfacts/context/v1/entityfacts.jsonld",
  "@id": "https://d-nb.info/gnd/118535862",
  "describedBy": {
    "valid": "2026-04-27T18:37:56Z",
    "license": "https://creativecommons.org/publicdomain/zero/1.0/",
    "@id": "https://hub.culturegraph.org/entityfacts/118535862"
  },
  "preferredName": "Friedrich I., Wu\u0308rttemberg, Herzog",
  "surname": "Friedrich I., Wu\u0308rttemberg, Herzog",
  "@type": "person",
  "titleOfNobility": [
    "Herzog"
  ],
  "variantName": [
    "Fre\u0301de\u0301ric I., Wurtemberg, duc",
    "Frederick I., Wu\u0308rttemberg, Duke",
    "Friedrich I., Wu\u0308rttemberg, Duke",
    "Friedrich, Wu\u0308rttemberg und Teck, Herzog",
    "Friderich, Wu\u0308rtemberg-Teck, Herzog",
    "Friderich, Wu\u0308rttemberg-Teck, Herzog",
    "Friderich, Wu\u0308rttemberg-Teckh, Herzog",
    "Fridericus I., Wirtemberg, Dux",
    "Fridericus, Wirtenbergia ac Mons Beligardi, Dux",
    "Fridericus, Wirtemberga, Comes",
    "Friedrich, Wu\u0308rttemberg-Mo\u0308mpelgard, Herzog"
  ],
  "dateOfBirth": "August 19, 1557",
  "dateOfDeath": "January 29, 1608",
  "placeOfBirth": [
    {
      "@id": "https://d-nb.info/gnd/4074960-5",
      "preferredName": "Montbe\u0301liard"
    }
  ],
  "placeOfDeath": [
    {
      "@id": "https://d-nb.info/gnd/4058282-6",
      "preferredName": "Stuttgart"
    }
  ],
  "associatedCountry": [
    {
      "@id": "https://d-nb.info/standards/vocab/gnd/geographic-area-code#XA-DE",
      "preferredName": "Deutschland"
    },
    {
      "@id": "https://d-nb.info/standards/vocab/gnd/geographic-area-code#XA-FR",
      "preferredName": "Frankreich"
    }
  ],
  "gender": {
    "@id": "https://d-nb.info/standards/vocab/gnd/gender#male",
    "label": "Mann"
  },
  "biographicalOrHistoricalInformation": "Sohn des Grafen Georg I. von Wu\u0308rttemberg-Mo\u0308mpelgard (1498-1558) und der Barbara von Hessen (1536-1597), verheiratet seit 1581 mit Sibylla von Anhalt, 1593-1608 Herzog von Wu\u0308rttemberg",
  "relatedPerson": [
    {
      "@id": "https://d-nb.info/gnd/100655378",
      "relationship": "Vorga\u0308nger als Herzog von Wu\u0308rttemberg",
      "preferredName": "Ludwig, Wu\u0308rttemberg, Herzog, 1554-1593"
    },
    {
      "@id": "https://d-nb.info/gnd/1027841589",
      "relationship": "Hofangestellte",
      "preferredName": "Sabina Scheyhing"
    },
    {
      "@id": "https://d-nb.info/gnd/1027841465",
      "relationship": "Hofangestellte",
      "preferredName": "Ursula Dorothea Linder"
    },
    {
      "@id": "https://d-nb.info/gnd/1027841333",
      "relationship": "Hofangestellte",
      "preferredName": "Margaretha Matthia\u0308"
    },
    {
      "@id": "https://d-nb.info/gnd/104194286",
      "relationship": "Leibarzt",
      "preferredName": "Johann Conrad Gerhard"
    }
  ],
  "familialRelationship": [
    {
      "@id": "https://d-nb.info/gnd/136697925",
      "relationship": "Vater",
      "preferredName": "Georg, Wu\u0308rttemberg, Herzog"
    },
    {
      "@id": "https://d-nb.info/gnd/12459834X",
      "relationship": "Ehefrau",
      "preferredName": "Sibylla, Wu\u0308rttemberg, Herzogin"
    },
    {
      "@id": "https://d-nb.info/gnd/118712381",
      "relationship": "Sohn und Nachfolger als Herzog von Wu\u0308rttemberg",
      "preferredName": "Johann Friedrich, Wu\u0308rttemberg, Herzog"
    },
    {
      "@id": "https://d-nb.info/gnd/124741029",
      "relationship": "Sohn",
      "preferredName": "Magnus, Wu\u0308rttemberg, Herzog"
    },
    {
      "@id": "https://d-nb.info/gnd/1015193897",
      "relationship": "Sohn",
      "preferredName": "August, Wu\u0308rttemberg, Herzog"
    },
    {
      "@id": "https://d-nb.info/gnd/1018388370",
      "relationship": "Tochter",
      "preferredName": "Anna, Wu\u0308rttemberg, Herzogin"
    },
    {
      "@id": "https://d-nb.info/gnd/1114069078",
      "relationship": "Tochter",
      "preferredName": "Agnes, Sachsen-Lauenburg, Herzogin"
    },
    {
      "@id": "https://d-nb.info/gnd/120812703",
      "relationship": "Tochter",
      "preferredName": "Barbara, Baden, Markgra\u0308fin"
    },
    {
      "@id": "https://d-nb.info/gnd/1015193889",
      "relationship": "Sohn",
      "preferredName": "Georg Friedrich, Wu\u0308rttemberg, Prinz"
    }
  ],
  "depiction": {
    "@id": "https://commons.wikimedia.org/wiki/Special:FilePath/Friedrich%20I%2C%20Herzog%20von%20W%C3%BCrttemberg%20%281557-1608%29.jpg",
    "publisher": "Wikimedia Commons",
    "copyrighted": "false",
    "creator": [
      "Unknown authorUnknown author"
    ],
    "creditText": [
      "https://herzog-friedrich-tour.de/images/phocagallery/freudenstadt/historische_figuren/thumbs/phoca_thumb_l_PICT8182.jpg via https://herzog-friedrich-tour.de/herzog-friedrich/65-herzog-friedrich-i-von-wuerttemberg.html"
    ],
    "license": [
      {
        "@id": "https://creativecommons.org/publicdomain/mark/1.0/",
        "abbr": "PD",
        "name": "Public Domain",
        "attributionRequired": "false",
        "restrictions": ""
      }
    ],
    "url": "https://commons.wikimedia.org/wiki/File:Friedrich%20I%2C%20Herzog%20von%20W%C3%BCrttemberg%20%281557-1608%29.jpg?uselang=en",
    "thumbnail": {
      "@id": "https://commons.wikimedia.org/wiki/Special:FilePath/Friedrich%20I%2C%20Herzog%20von%20W%C3%BCrttemberg%20%281557-1608%29.jpg?width=270"
    }
  },
  "sameAs": [
    {
      "@id": "https://d-nb.info/gnd/118535862/about",
      "collection": {
        "abbr": "DNB",
        "name": "Gemeinsame Normdatei (GND) im Katalog der Deutschen Nationalbibliothek",
        "publisher": "Deutsche Nationalbibliothek",
        "icon": "https://www.dnb.de/SiteGlobals/Frontend/DNBWeb/Images/favicon.png?__blob=normal&v=4"
      }
    },
    {
      "@id": "https://de.wikipedia.org/wiki/Friedrich_I._%28W%C3%BCrttemberg%29",
      "collection": {
        "abbr": "dewiki",
        "name": "Wikipedia (Deutsch)",
        "publisher": "Wikimedia Foundation Inc.",
        "icon": "https://de.wikipedia.org/static/favicon/wikipedia.ico"
      }
    },
    {
      "@id": "https://en.wikipedia.org/wiki/Frederick_I%2C_Duke_of_W%C3%BCrttemberg",
      "collection": {
        "abbr": "enwiki",
        "name": "Wikipedia (English)",
        "publisher": "Wikimedia Foundation Inc.",
        "icon": "https://en.wikipedia.org/static/favicon/wikipedia.ico"
      }
    },
    {
      "@id": "https://kaiserhof.geschichte.lmu.de/Q/GND=118535862",
      "collection": {
        "abbr": "KH",
        "name": "Kaiser und H\u00f6fe",
        "publisher": "Ludwig-Maximilians-Universit\u00e4t M\u00fcnchen - Historisches Seminar - Fr\u00fche Neuzeit",
        "icon": "https://kaiserhof.geschichte.lmu.de/favicon.ico"
      }
    },
    {
      "@id": "https://kalliope-verbund.info/gnd/118535862",
      "collection": {
        "abbr": "DE-611",
        "name": "Kalliope Verbundkatalog",
        "publisher": "Staatsbibliothek zu Berlin - Preu\u00dfischer Kulturbesitz",
        "icon": "https://kalliope-verbund.info/img/favicon.ico"
      }
    },
    {
      "@id": "https://raa.gf-franken.de/de/suche-nach-stammbuechern.html?permaLink=1569_wuerttemberg1",
      "collection": {
        "abbr": "RAAS",
        "name": "Repertorium Alborum Amicorum (RAA) - Stammb\u00fccher",
        "publisher": "Department Germanistik und Komparatistik der Friedrich-Alexander-Universit\u00e4t Erlangen-N\u00fcrnberg in Zusammenarbeit mit der Gesellschaft f\u00fcr Familienforschung in Franken",
        "icon": "https://www.gf-franken.de/favicon.ico"
      }
    },
    {
      "@id": "https://raa.gf-franken.de/de/suche-nach-stammbuechern.html?permaLink=1569_wuerttemberg2",
      "collection": {
        "abbr": "RAAS",
        "name": "Repertorium Alborum Amicorum (RAA) - Stammb\u00fccher",
        "publisher": "Department Germanistik und Komparatistik der Friedrich-Alexander-Universit\u00e4t Erlangen-N\u00fcrnberg in Zusammenarbeit mit der Gesellschaft f\u00fcr Familienforschung in Franken",
        "icon": "https://www.gf-franken.de/favicon.ico"
      }
    },
    {
      "@id": "https://www.archivportal-d.de/person/gnd/118535862",
      "collection": {
        "abbr": "ARCHIV-D",
        "name": "Archivportal-D",
        "publisher": "Deutsche Digitale Bibliothek",
        "icon": "https://www.archivportal-d.de/favicon.ico"
      }
    },
    {
      "@id": "https://www.deutsche-biographie.de/pnd118535862.html#adbcontent",
      "collection": {
        "abbr": "ADB",
        "name": "Allgemeine Deutsche Biographie (ADB)",
        "publisher": "Historische Kommission bei der Bayerischen Akademie der Wissenschaften und Bayerische Staatsbibliothek",
        "icon": "https://www.deutsche-biographie.de/favicon.ico"
      }
    },
    {
      "@id": "https://www.deutsche-biographie.de/pnd118535862.html#ndbcontent",
      "collection": {
        "abbr": "NDB",
        "name": "Neue Deutsche Biographie (NDB)",
        "publisher": "Historische Kommission bei der Bayerischen Akademie der Wissenschaften und Bayerische Staatsbibliothek",
        "icon": "https://www.deutsche-biographie.de/favicon.ico"
      }
    },
    {
      "@id": "https://www.deutsche-digitale-bibliothek.de/person/gnd/118535862",
      "collection": {
        "abbr": "DDB",
        "name": "Deutsche Digitale Bibliothek",
        "publisher": "Deutsche Digitale Bibliothek",
        "icon": "https://www.deutsche-digitale-bibliothek.de/favicon.ico"
      }
    },
    {
      "@id": "https://www.portraitindex.de/dokumente/pnd/118535862",
      "collection": {
        "abbr": "Portraitindex",
        "name": "Digitaler Portraitindex der druckgraphischen Bildnisse der Fru\u0308hen Neuzeit",
        "publisher": "Deutsches Dokumentationszentrum fu\u0308r Kunstgeschichte - Bildarchiv Foto Marburg",
        "icon": "https://www.portraitindex.de/favicon.ico"
      }
    },
    {
      "@id": "http://id.loc.gov/rwo/agents/nr90006461",
      "collection": {
        "abbr": "LC",
        "name": "NACO Authority File",
        "publisher": "Library of Congress",
        "icon": "https://www.loc.gov/favicon.ico"
      }
    },
    {
      "@id": "http://viaf.org/viaf/13098829",
      "collection": {
        "abbr": "VIAF",
        "name": "Virtual International Authority File (VIAF)",
        "publisher": "OCLC",
        "icon": "https://viaf.org/viaf/images/viaf.ico"
      }
    },
    {
      "@id": "http://www.wikidata.org/entity/Q702746",
      "collection": {
        "abbr": "WIKIDATA",
        "name": "Wikidata",
        "publisher": "Wikimedia Foundation Inc.",
        "icon": "https://www.wikidata.org/static/favicon/wikidata.ico"
      }
    },
    {
      "@id": "https://isni.org/isni/0000000061269717",
      "collection": {
        "abbr": "ISNI",
        "name": "International Standard Name Identifier (ISNI)",
        "publisher": "International Standard Name Identifier (ISNI)",
        "icon": "https://www.isni.org/sites/default/files/isni_new_favicon.ico"
      }
    }
  ]
}