{
  "@context": "http://hub.culturegraph.org/entityfacts/context/v1/entityfacts.jsonld",
  "@id": "https://d-nb.info/gnd/11853579X",
  "describedBy": {
    "valid": "2026-04-27T15:15:02Z",
    "license": "https://creativecommons.org/publicdomain/zero/1.0/",
    "@id": "https://hub.culturegraph.org/entityfacts/11853579X"
  },
  "preferredName": "Friedrich III., Sachsen, Kurfu\u0308rst",
  "surname": "Friedrich III., Sachsen, Kurfu\u0308rst",
  "@type": "person",
  "titleOfNobility": [
    "Kurfu\u0308rst"
  ],
  "variantName": [
    "Friedrich, der Weise",
    "Friedrich, der Weise, 1463-1525",
    "Fridericus III., Saxonia, Dux",
    "Fredericus, Saxonia, Dux",
    "Fridericus, Sapiens",
    "Friederich, Sachsen, Kurfu\u0308rst",
    "Friedrich III., Kurfu\u0308rst von Sachsen",
    "Frederick III., Elector of Saxony",
    "Fridericus III., Dux Saxoniae",
    "Friedrich III., Kurfu\u0308rst von Sachsen",
    "Frederick III, Saxony, Elector",
    "Friedrich III, Saxony, Elector",
    "Frederick, The Wise",
    "Friedrich, Sachsen, Kurfu\u0308rst",
    "Friedrich, der Weise"
  ],
  "dateOfBirth": "January 17, 1463",
  "dateOfDeath": "May 5, 1525",
  "placeOfBirth": [
    {
      "@id": "https://d-nb.info/gnd/4060446-9",
      "preferredName": "Torgau"
    }
  ],
  "placeOfDeath": [
    {
      "@id": "https://d-nb.info/gnd/4346805-6",
      "preferredName": "Annaburg"
    }
  ],
  "associatedCountry": [
    {
      "@id": "https://d-nb.info/standards/vocab/gnd/geographic-area-code#XA-DE",
      "preferredName": "Deutschland"
    }
  ],
  "gender": {
    "@id": "https://d-nb.info/standards/vocab/gnd/gender#male",
    "label": "Mann"
  },
  "biographicalOrHistoricalInformation": "1486 bis 1525 Kurfu\u0308rst von Sachsen; Fo\u0308rderer von Martin Luther; Gru\u0308nder der Universita\u0308t Wittenberg 1502",
  "relatedPerson": [
    {
      "relationship": "VD-16 Mitverf.",
      "preferredName": "Andreas Bodenstein"
    },
    {
      "relationship": "VD-16 Mitverf.",
      "preferredName": "Nikolaus Cisner"
    },
    {
      "@id": "https://d-nb.info/gnd/11852870X",
      "relationship": "VD-16 Mitverf.",
      "preferredName": "Johannes Eck"
    },
    {
      "@id": "https://d-nb.info/gnd/119660377",
      "relationship": "VD-16 Mitverf.",
      "preferredName": "Michael Eck"
    },
    {
      "@id": "https://d-nb.info/gnd/118530666",
      "relationship": "VD-16 Mitverf.",
      "preferredName": "Desiderius Erasmus"
    },
    {
      "relationship": "Weimar; VD-16 Mitverf.",
      "preferredName": "Johannes Goldschmid"
    },
    {
      "relationship": "VD-16 Mitverf.",
      "preferredName": "Georg Himmlisch"
    },
    {
      "@id": "https://d-nb.info/gnd/123736870",
      "relationship": "VD-16 Mitverf.",
      "preferredName": "Michael Julius"
    },
    {
      "@id": "https://d-nb.info/gnd/118575449",
      "relationship": "VD-16 Mitverf.",
      "preferredName": "Martin Luther"
    },
    {
      "@id": "https://d-nb.info/gnd/100256236",
      "relationship": "VD-16 Mitverf.",
      "preferredName": "Georg Ro\u0308rer"
    }
  ],
  "familialRelationship": [
    {
      "@id": "https://d-nb.info/gnd/119140659",
      "relationship": "Vater",
      "preferredName": "Ernst, Sachsen, Kurfu\u0308rst"
    },
    {
      "@id": "https://d-nb.info/gnd/111256098X",
      "relationship": "Mutter",
      "preferredName": "Elisabeth, Sachsen, Kurfu\u0308rstin"
    },
    {
      "@id": "https://d-nb.info/gnd/135952468",
      "relationship": "Schwester",
      "preferredName": "Christine, Da\u0308nemark, Ko\u0308nigin"
    },
    {
      "@id": "https://d-nb.info/gnd/124528791",
      "relationship": "Bruder",
      "preferredName": "Ernst, Magdeburg, Erzbischof"
    },
    {
      "@id": "https://d-nb.info/gnd/118967738",
      "relationship": "Bruder",
      "preferredName": "Adalbert, von Sachsen"
    },
    {
      "@id": "https://d-nb.info/gnd/100503225",
      "relationship": "Bruder",
      "preferredName": "Johann, Sachsen, Kurfu\u0308rst"
    }
  ],
  "depiction": {
    "@id": "https://commons.wikimedia.org/wiki/Special:FilePath/Lucas%20Cranach%20d.%C3%84.%20-%20Bildnis%20Kurf%C3%BCrst%20Friedrich%20des%20Weisen%20von%20Sachsen%2C%201532.jpg",
    "publisher": "Wikimedia Commons",
    "copyrighted": "false",
    "creator": [
      "Workshop of Lucas Cranach the Elder"
    ],
    "creditText": [
      "Sotheby's, Amsterdam, 10 May 2011, lot 15"
    ],
    "license": [
      {
        "@id": "https://creativecommons.org/publicdomain/mark/1.0/",
        "abbr": "PD",
        "name": "Public Domain",
        "attributionRequired": "false",
        "restrictions": ""
      }
    ],
    "url": "https://commons.wikimedia.org/wiki/File:Lucas%20Cranach%20d.%C3%84.%20-%20Bildnis%20Kurf%C3%BCrst%20Friedrich%20des%20Weisen%20von%20Sachsen%2C%201532.jpg?uselang=en",
    "thumbnail": {
      "@id": "https://commons.wikimedia.org/wiki/Special:FilePath/Lucas%20Cranach%20d.%C3%84.%20-%20Bildnis%20Kurf%C3%BCrst%20Friedrich%20des%20Weisen%20von%20Sachsen%2C%201532.jpg?width=270"
    }
  },
  "sameAs": [
    {
      "@id": "https://d-nb.info/gnd/11853579X/about",
      "collection": {
        "abbr": "DNB",
        "name": "Gemeinsame Normdatei (GND) im Katalog der Deutschen Nationalbibliothek",
        "publisher": "Deutsche Nationalbibliothek",
        "icon": "https://www.dnb.de/SiteGlobals/Frontend/DNBWeb/Images/favicon.png?__blob=normal&v=4"
      }
    },
    {
      "@id": "http://catalogue.bnf.fr/ark:/12148/cb150771128",
      "collection": {
        "abbr": "BNF",
        "name": "Bibliothe\u0300que nationale de France",
        "publisher": "Bibliothe\u0300que nationale de France",
        "icon": "https://www.bnf.fr/themes/custom/bnfsi/favicon.ico"
      }
    },
    {
      "@id": "https://de.wikipedia.org/wiki/Friedrich_III._%28Sachsen%29",
      "collection": {
        "abbr": "dewiki",
        "name": "Wikipedia (Deutsch)",
        "publisher": "Wikimedia Foundation Inc.",
        "icon": "https://de.wikipedia.org/static/favicon/wikipedia.ico"
      }
    },
    {
      "@id": "https://en.wikipedia.org/wiki/Frederick_III%2C_Elector_of_Saxony",
      "collection": {
        "abbr": "enwiki",
        "name": "Wikipedia (English)",
        "publisher": "Wikimedia Foundation Inc.",
        "icon": "https://en.wikipedia.org/static/favicon/wikipedia.ico"
      }
    },
    {
      "@id": "https://kaiserhof.geschichte.lmu.de/Q/GND=11853579X",
      "collection": {
        "abbr": "KH",
        "name": "Kaiser und H\u00f6fe",
        "publisher": "Ludwig-Maximilians-Universit\u00e4t M\u00fcnchen - Historisches Seminar - Fr\u00fche Neuzeit",
        "icon": "https://kaiserhof.geschichte.lmu.de/favicon.ico"
      }
    },
    {
      "@id": "https://kalliope-verbund.info/gnd/11853579X",
      "collection": {
        "abbr": "DE-611",
        "name": "Kalliope Verbundkatalog",
        "publisher": "Staatsbibliothek zu Berlin - Preu\u00dfischer Kulturbesitz",
        "icon": "https://kalliope-verbund.info/img/favicon.ico"
      }
    },
    {
      "@id": "https://www.archivportal-d.de/person/gnd/11853579X",
      "collection": {
        "abbr": "ARCHIV-D",
        "name": "Archivportal-D",
        "publisher": "Deutsche Digitale Bibliothek",
        "icon": "https://www.archivportal-d.de/favicon.ico"
      }
    },
    {
      "@id": "https://www.deutsche-biographie.de/pnd11853579X.html#adbcontent",
      "collection": {
        "abbr": "ADB",
        "name": "Allgemeine Deutsche Biographie (ADB)",
        "publisher": "Historische Kommission bei der Bayerischen Akademie der Wissenschaften und Bayerische Staatsbibliothek",
        "icon": "https://www.deutsche-biographie.de/favicon.ico"
      }
    },
    {
      "@id": "https://www.deutsche-biographie.de/pnd11853579X.html#ndbcontent",
      "collection": {
        "abbr": "NDB",
        "name": "Neue Deutsche Biographie (NDB)",
        "publisher": "Historische Kommission bei der Bayerischen Akademie der Wissenschaften und Bayerische Staatsbibliothek",
        "icon": "https://www.deutsche-biographie.de/favicon.ico"
      }
    },
    {
      "@id": "https://www.deutsche-digitale-bibliothek.de/person/gnd/11853579X",
      "collection": {
        "abbr": "DDB",
        "name": "Deutsche Digitale Bibliothek",
        "publisher": "Deutsche Digitale Bibliothek",
        "icon": "https://www.deutsche-digitale-bibliothek.de/favicon.ico"
      }
    },
    {
      "@id": "https://www.herder-institut.de/bildkatalog/gnd/11853579X",
      "collection": {
        "abbr": "ba-herder",
        "name": "Bildarchiv / Herder-Institut",
        "publisher": "Herder-Institut f\u00fcr historische Ostmitteleuropaforschung \u2013 Institut der Leibniz-Gemeinschaft",
        "icon": "https://www.herder-institut.de/themes/custom/herder-institut/images/favicons/favicon.ico"
      }
    },
    {
      "@id": "https://www.portraitindex.de/dokumente/pnd/11853579X",
      "collection": {
        "abbr": "Portraitindex",
        "name": "Digitaler Portraitindex der druckgraphischen Bildnisse der Fru\u0308hen Neuzeit",
        "publisher": "Deutsches Dokumentationszentrum fu\u0308r Kunstgeschichte - Bildarchiv Foto Marburg",
        "icon": "https://www.portraitindex.de/favicon.ico"
      }
    },
    {
      "@id": "http://id.loc.gov/rwo/agents/n84234352",
      "collection": {
        "abbr": "LC",
        "name": "NACO Authority File",
        "publisher": "Library of Congress",
        "icon": "https://www.loc.gov/favicon.ico"
      }
    },
    {
      "@id": "http://viaf.org/viaf/34745882",
      "collection": {
        "abbr": "VIAF",
        "name": "Virtual International Authority File (VIAF)",
        "publisher": "OCLC",
        "icon": "https://viaf.org/viaf/images/viaf.ico"
      }
    },
    {
      "@id": "http://www.wikidata.org/entity/Q77233",
      "collection": {
        "abbr": "WIKIDATA",
        "name": "Wikidata",
        "publisher": "Wikimedia Foundation Inc.",
        "icon": "https://www.wikidata.org/static/favicon/wikidata.ico"
      }
    },
    {
      "@id": "https://isni.org/isni/0000000120959153",
      "collection": {
        "abbr": "ISNI",
        "name": "International Standard Name Identifier (ISNI)",
        "publisher": "International Standard Name Identifier (ISNI)",
        "icon": "https://www.isni.org/sites/default/files/isni_new_favicon.ico"
      }
    }
  ]
}