{
  "@context": "http://hub.culturegraph.org/entityfacts/context/v1/entityfacts.jsonld",
  "@id": "https://d-nb.info/gnd/118535773",
  "describedBy": {
    "valid": "2026-05-01T19:09:05Z",
    "license": "https://creativecommons.org/publicdomain/zero/1.0/",
    "@id": "https://hub.culturegraph.org/entityfacts/118535773"
  },
  "preferredName": "Friedrich III., Heiliges Ro\u0308misches Reich, Kaiser",
  "surname": "Friedrich III., Heiliges Ro\u0308misches Reich, Kaiser",
  "@type": "person",
  "titleOfNobility": [
    "Kaiser",
    "Ko\u0308nig"
  ],
  "variantName": [
    "Friedrich III., Heiliges Ro\u0308misches Reich, Ko\u0308nig",
    "Friedrich IV., Heiliges Ro\u0308misches Reich, Ko\u0308nig",
    "Fre\u0301de\u0301ric III., Allemagne, empereur",
    "Frederick III., Germany, Emperor",
    "Federico III., Germania, imperatore",
    "Fridericus III., Germania, Imperator",
    "Friedrich III., Deutschland, Kaiser",
    "Friedrich V., O\u0308sterreich, Herzog",
    "Fridericus III., Deutschland, Kaiser",
    "Fridericus III., Imperator",
    "Fridericus IV., Romanorum Rex",
    "Friedrich III.",
    "Fryderyk III.",
    "Fridrich III., Habsbursky\u0301",
    "Friedrich III., von Habsburg",
    "Fre\u0301de\u0301ric, le Pacifique",
    "Friedrich III, Emperor of the Roman-German Empire",
    "Friedrich III., Kaiser des Ro\u0308misch-deutschen Reiches",
    "Friedrich III., Ko\u0308nig des Ro\u0308misch-deutschen Reiches",
    "Friedrich IV., Ko\u0308nig des Ro\u0308misch-deutschen Reiches",
    "Friedrich III., Empereur de l'Empire Romain-Germanique",
    "Friedrich V., Herzog von O\u0308sterreich",
    "Friedrich 3., Ro\u0308misch-Deutsches Reich, Kaiser",
    "Friderich, Kaiser, III.",
    "Fridericus, III.",
    "Fridericus"
  ],
  "dateOfBirth": "September 21, 1415",
  "dateOfDeath": "August 19, 1493",
  "placeOfBirth": [
    {
      "@id": "https://d-nb.info/gnd/4027096-8",
      "preferredName": "Innsbruck"
    }
  ],
  "placeOfDeath": [
    {
      "@id": "https://d-nb.info/gnd/4074255-6",
      "preferredName": "Linz"
    }
  ],
  "associatedCountry": [
    {
      "@id": "https://d-nb.info/standards/vocab/gnd/geographic-area-code#XA-DE",
      "preferredName": "Deutschland"
    },
    {
      "@id": "https://d-nb.info/standards/vocab/gnd/geographic-area-code#XA-AT",
      "preferredName": "\u00d6sterreich"
    }
  ],
  "professionOrOccupation": [
    {
      "@id": "https://d-nb.info/gnd/1051614252",
      "preferredName": "Mu\u0308nzherr"
    }
  ],
  "gender": {
    "@id": "https://d-nb.info/standards/vocab/gnd/gender#male",
    "label": "Mann"
  },
  "familialRelationship": [
    {
      "@id": "https://d-nb.info/gnd/119367459",
      "relationship": "Ehefrau",
      "preferredName": "Eleonore, Heiliges Ro\u0308misches Reich, Kaiserin, 1436-1467"
    },
    {
      "@id": "https://d-nb.info/gnd/118579371",
      "relationship": "Sohn",
      "preferredName": "Maximilian I., Heiliges Ro\u0308misches Reich, Kaiser"
    },
    {
      "@id": "https://d-nb.info/gnd/119532441",
      "relationship": "Bruder",
      "preferredName": "Albrecht VI., O\u0308sterreich, Erzherzog"
    }
  ],
  "depiction": {
    "@id": "https://commons.wikimedia.org/wiki/Special:FilePath/Hans%20Burgkmair%20d.%20%C3%84.%20%28zugeschr.%29%20-%20Bildnis%20Kaiser%20Friedrich%20III.jpg",
    "publisher": "Wikimedia Commons",
    "copyrighted": "false",
    "creator": [
      "Attributed to Hans Burgkmair the Elder"
    ],
    "creditText": [
      "GalleriX"
    ],
    "license": [
      {
        "@id": "https://creativecommons.org/publicdomain/mark/1.0/",
        "abbr": "PD",
        "name": "Public Domain",
        "attributionRequired": "false",
        "restrictions": ""
      }
    ],
    "url": "https://commons.wikimedia.org/wiki/File:Hans%20Burgkmair%20d.%20%C3%84.%20%28zugeschr.%29%20-%20Bildnis%20Kaiser%20Friedrich%20III.jpg?uselang=en",
    "thumbnail": {
      "@id": "https://commons.wikimedia.org/wiki/Special:FilePath/Hans%20Burgkmair%20d.%20%C3%84.%20%28zugeschr.%29%20-%20Bildnis%20Kaiser%20Friedrich%20III.jpg?width=270"
    }
  },
  "sameAs": [
    {
      "@id": "https://d-nb.info/gnd/118535773/about",
      "collection": {
        "abbr": "DNB",
        "name": "Gemeinsame Normdatei (GND) im Katalog der Deutschen Nationalbibliothek",
        "publisher": "Deutsche Nationalbibliothek",
        "icon": "https://www.dnb.de/SiteGlobals/Frontend/DNBWeb/Images/favicon.png?__blob=normal&v=4"
      }
    },
    {
      "@id": "http://www.hls-dhs-dss.ch/textes/d/D29209.php",
      "collection": {
        "abbr": "CH_HLS",
        "name": "Historisches Lexikon der Schweiz (HLS)",
        "publisher": "Historisches Lexikon der Schweiz (HLS)",
        "icon": "https://www.hls-dhs-dss.ch/favicon.ico"
      }
    },
    {
      "@id": "https://de.wikisource.org/wiki/Friedrich_III.",
      "collection": {
        "abbr": "WIKISOURCE",
        "name": "Wikisource",
        "publisher": "Wikimedia Foundation Inc.",
        "icon": "https://wikisource.org/static/favicon/wikisource.ico"
      }
    },
    {
      "@id": "https://kaiserhof.geschichte.lmu.de/Q/GND=118535773",
      "collection": {
        "abbr": "KH",
        "name": "Kaiser und H\u00f6fe",
        "publisher": "Ludwig-Maximilians-Universit\u00e4t M\u00fcnchen - Historisches Seminar - Fr\u00fche Neuzeit",
        "icon": "https://kaiserhof.geschichte.lmu.de/favicon.ico"
      }
    },
    {
      "@id": "https://kalliope-verbund.info/gnd/118535773",
      "collection": {
        "abbr": "DE-611",
        "name": "Kalliope Verbundkatalog",
        "publisher": "Staatsbibliothek zu Berlin - Preu\u00dfischer Kulturbesitz",
        "icon": "https://kalliope-verbund.info/img/favicon.ico"
      }
    },
    {
      "@id": "https://www.archivportal-d.de/person/gnd/118535773",
      "collection": {
        "abbr": "ARCHIV-D",
        "name": "Archivportal-D",
        "publisher": "Deutsche Digitale Bibliothek",
        "icon": "https://www.archivportal-d.de/favicon.ico"
      }
    },
    {
      "@id": "https://www.deutsche-biographie.de/pnd118535773.html#adbcontent",
      "collection": {
        "abbr": "ADB",
        "name": "Allgemeine Deutsche Biographie (ADB)",
        "publisher": "Historische Kommission bei der Bayerischen Akademie der Wissenschaften und Bayerische Staatsbibliothek",
        "icon": "https://www.deutsche-biographie.de/favicon.ico"
      }
    },
    {
      "@id": "https://www.deutsche-biographie.de/pnd118535773.html#ndbcontent",
      "collection": {
        "abbr": "NDB",
        "name": "Neue Deutsche Biographie (NDB)",
        "publisher": "Historische Kommission bei der Bayerischen Akademie der Wissenschaften und Bayerische Staatsbibliothek",
        "icon": "https://www.deutsche-biographie.de/favicon.ico"
      }
    },
    {
      "@id": "https://www.deutsche-digitale-bibliothek.de/person/gnd/118535773",
      "collection": {
        "abbr": "DDB",
        "name": "Deutsche Digitale Bibliothek",
        "publisher": "Deutsche Digitale Bibliothek",
        "icon": "https://www.deutsche-digitale-bibliothek.de/favicon.ico"
      }
    },
    {
      "@id": "https://www.portraitindex.de/dokumente/pnd/118535773",
      "collection": {
        "abbr": "Portraitindex",
        "name": "Digitaler Portraitindex der druckgraphischen Bildnisse der Fru\u0308hen Neuzeit",
        "publisher": "Deutsches Dokumentationszentrum fu\u0308r Kunstgeschichte - Bildarchiv Foto Marburg",
        "icon": "https://www.portraitindex.de/favicon.ico"
      }
    },
    {
      "@id": "http://viaf.org/viaf/262516828",
      "collection": {
        "abbr": "VIAF",
        "name": "Virtual International Authority File (VIAF)",
        "publisher": "OCLC",
        "icon": "https://viaf.org/viaf/images/viaf.ico"
      }
    },
    {
      "@id": "http://www.wikidata.org/entity/Q150966",
      "collection": {
        "abbr": "WIKIDATA",
        "name": "Wikidata",
        "publisher": "Wikimedia Foundation Inc.",
        "icon": "https://www.wikidata.org/static/favicon/wikidata.ico"
      }
    }
  ]
}