{
  "@context": "http://hub.culturegraph.org/entityfacts/context/v1/entityfacts.jsonld",
  "@id": "https://d-nb.info/gnd/118534947",
  "describedBy": {
    "valid": "2026-04-28T23:41:22Z",
    "license": "https://creativecommons.org/publicdomain/zero/1.0/",
    "@id": "https://hub.culturegraph.org/entityfacts/118534947"
  },
  "preferredName": "Franz I., Frankreich, Ko\u0308nig",
  "surname": "Franz I., Frankreich, Ko\u0308nig",
  "@type": "person",
  "variantName": [
    "Franciscus I., Gallia, Rex",
    "Franciscus I., Francia, Rex",
    "Franciscus I., Frankreich, Ko\u0308nig",
    "Franc\u0327ois I., Frankreich, Ko\u0308nig",
    "Francesco I., Francia, re",
    "Francis I., France, King",
    "Franc\u0327ois I., France, roi",
    "Franciscus, Francia, Rex",
    "Franciscus I.",
    "Francoys I., France, roi",
    "Franc\u0327ois I.",
    "Franc\u031cois de Valois",
    "Francois I., France, roi",
    "Franciscus Valesius",
    "Franc\u0327ois I., roi de France",
    "Franc\u0327ois I., King of France",
    "Franz I., roi de France",
    "Franz I., King of France",
    "Franz I., Ko\u0308nig von Frankreich",
    "Franc\u0327ois I., Ko\u0308nig von Frankreich",
    "Franciscus I., Ko\u0308nig von Frankreich",
    "Francis I., Ko\u0308nig von Frankreich"
  ],
  "dateOfBirth": "September 12, 1494",
  "dateOfDeath": "March 31, 1547",
  "placeOfBirth": [
    {
      "@id": "https://d-nb.info/gnd/4090500-7",
      "preferredName": "Cognac"
    }
  ],
  "placeOfDeath": [
    {
      "@id": "https://d-nb.info/gnd/4116900-1",
      "preferredName": "Rambouillet"
    }
  ],
  "associatedCountry": [
    {
      "@id": "https://d-nb.info/standards/vocab/gnd/geographic-area-code#XA-FR",
      "preferredName": "Frankreich"
    }
  ],
  "professionOrOccupation": [
    {
      "@id": "https://d-nb.info/gnd/4024600-0",
      "preferredName": "Herrscher"
    }
  ],
  "gender": {
    "@id": "https://d-nb.info/standards/vocab/gnd/gender#male",
    "label": "Mann"
  },
  "biographicalOrHistoricalInformation": "Ko\u0308nig seit 1515",
  "relatedPerson": [
    {
      "relationship": "VD-16 Mitverf.",
      "preferredName": "Joachim Camerarius, der A\u0308ltere"
    },
    {
      "@id": "https://d-nb.info/gnd/119669854",
      "relationship": "VD-16 Mitverf.",
      "preferredName": "Daniel Federmann"
    },
    {
      "relationship": "VD-16 Mitverf.",
      "preferredName": "Philipp Melanchthon"
    },
    {
      "@id": "https://d-nb.info/gnd/118593234",
      "relationship": "VD-16 Mitverf.",
      "preferredName": "Francesco Petrarca"
    },
    {
      "@id": "https://d-nb.info/gnd/118790676",
      "relationship": "VD-16 Mitverf.",
      "preferredName": "Kaspar Peucer"
    },
    {
      "@id": "https://d-nb.info/gnd/117370215",
      "relationship": "VD-16 Mitverf.",
      "preferredName": "Georg von Venediger"
    },
    {
      "@id": "https://d-nb.info/gnd/119719606",
      "relationship": "VD-16 Mitverf.",
      "preferredName": "Melchior Isinder"
    },
    {
      "@id": "https://d-nb.info/gnd/100687741",
      "relationship": "VD-16 Mitverf.",
      "preferredName": "David Voit"
    },
    {
      "relationship": "Joachimsthal; VD-16 Mitverf.",
      "preferredName": "Johannes Maior"
    },
    {
      "relationship": "VD-16 Mitverf.",
      "preferredName": "Rasmus Glad"
    }
  ],
  "familialRelationship": [
    {
      "@id": "https://d-nb.info/gnd/121233782",
      "relationship": "Mutter",
      "preferredName": "Luise, Orle\u0301ans, Herzogin"
    },
    {
      "@id": "https://d-nb.info/gnd/1371502544",
      "relationship": "Vater",
      "preferredName": "Charles, Angoule\u0302me, Graf"
    },
    {
      "@id": "https://d-nb.info/gnd/118577719",
      "relationship": "Schwester",
      "preferredName": "Margarete, Navarra, Ko\u0308nigin"
    },
    {
      "@id": "https://d-nb.info/gnd/118780735",
      "relationship": "Schwiegervater",
      "preferredName": "Ludwig XII., Frankreich, Ko\u0308nig"
    },
    {
      "@id": "https://d-nb.info/gnd/118548166",
      "relationship": "Sohn",
      "preferredName": "Heinrich II., Frankreich, Ko\u0308nig"
    }
  ],
  "depiction": {
    "@id": "https://commons.wikimedia.org/wiki/Special:FilePath/Fran%C3%A7ois%20Ier%20Louvre.jpg",
    "publisher": "Wikimedia Commons",
    "copyrighted": "false",
    "creator": [
      "Jean Clouet"
    ],
    "creditText": [
      "Self-photographed"
    ],
    "license": [
      {
        "@id": "https://creativecommons.org/publicdomain/mark/1.0/",
        "abbr": "PD",
        "name": "Public Domain",
        "attributionRequired": "false",
        "restrictions": ""
      }
    ],
    "url": "https://commons.wikimedia.org/wiki/File:Fran%C3%A7ois%20Ier%20Louvre.jpg?uselang=en",
    "thumbnail": {
      "@id": "https://commons.wikimedia.org/wiki/Special:FilePath/Fran%C3%A7ois%20Ier%20Louvre.jpg?width=270"
    }
  },
  "sameAs": [
    {
      "@id": "https://d-nb.info/gnd/118534947/about",
      "collection": {
        "abbr": "DNB",
        "name": "Gemeinsame Normdatei (GND) im Katalog der Deutschen Nationalbibliothek",
        "publisher": "Deutsche Nationalbibliothek",
        "icon": "https://www.dnb.de/SiteGlobals/Frontend/DNBWeb/Images/favicon.png?__blob=normal&v=4"
      }
    },
    {
      "@id": "http://catalogue.bnf.fr/ark:/12148/cb120127827",
      "collection": {
        "abbr": "BNF",
        "name": "Bibliothe\u0300que nationale de France",
        "publisher": "Bibliothe\u0300que nationale de France",
        "icon": "https://www.bnf.fr/themes/custom/bnfsi/favicon.ico"
      }
    },
    {
      "@id": "http://www.hls-dhs-dss.ch/textes/d/D29215.php",
      "collection": {
        "abbr": "CH_HLS",
        "name": "Historisches Lexikon der Schweiz (HLS)",
        "publisher": "Historisches Lexikon der Schweiz (HLS)",
        "icon": "https://www.hls-dhs-dss.ch/favicon.ico"
      }
    },
    {
      "@id": "https://de.wikipedia.org/wiki/Franz_I._%28Frankreich%29",
      "collection": {
        "abbr": "dewiki",
        "name": "Wikipedia (Deutsch)",
        "publisher": "Wikimedia Foundation Inc.",
        "icon": "https://de.wikipedia.org/static/favicon/wikipedia.ico"
      }
    },
    {
      "@id": "https://en.wikipedia.org/wiki/Francis_I_of_France",
      "collection": {
        "abbr": "enwiki",
        "name": "Wikipedia (English)",
        "publisher": "Wikimedia Foundation Inc.",
        "icon": "https://en.wikipedia.org/static/favicon/wikipedia.ico"
      }
    },
    {
      "@id": "https://kaiserhof.geschichte.lmu.de/Q/GND=118534947",
      "collection": {
        "abbr": "KH",
        "name": "Kaiser und H\u00f6fe",
        "publisher": "Ludwig-Maximilians-Universit\u00e4t M\u00fcnchen - Historisches Seminar - Fr\u00fche Neuzeit",
        "icon": "https://kaiserhof.geschichte.lmu.de/favicon.ico"
      }
    },
    {
      "@id": "https://kalliope-verbund.info/gnd/118534947",
      "collection": {
        "abbr": "DE-611",
        "name": "Kalliope Verbundkatalog",
        "publisher": "Staatsbibliothek zu Berlin - Preu\u00dfischer Kulturbesitz",
        "icon": "https://kalliope-verbund.info/img/favicon.ico"
      }
    },
    {
      "@id": "https://www.archivportal-d.de/person/gnd/118534947",
      "collection": {
        "abbr": "ARCHIV-D",
        "name": "Archivportal-D",
        "publisher": "Deutsche Digitale Bibliothek",
        "icon": "https://www.archivportal-d.de/favicon.ico"
      }
    },
    {
      "@id": "https://www.deutsche-digitale-bibliothek.de/person/gnd/118534947",
      "collection": {
        "abbr": "DDB",
        "name": "Deutsche Digitale Bibliothek",
        "publisher": "Deutsche Digitale Bibliothek",
        "icon": "https://www.deutsche-digitale-bibliothek.de/favicon.ico"
      }
    },
    {
      "@id": "https://www.portraitindex.de/dokumente/pnd/118534947",
      "collection": {
        "abbr": "Portraitindex",
        "name": "Digitaler Portraitindex der druckgraphischen Bildnisse der Fru\u0308hen Neuzeit",
        "publisher": "Deutsches Dokumentationszentrum fu\u0308r Kunstgeschichte - Bildarchiv Foto Marburg",
        "icon": "https://www.portraitindex.de/favicon.ico"
      }
    },
    {
      "@id": "http://id.loc.gov/rwo/agents/n50038638",
      "collection": {
        "abbr": "LC",
        "name": "NACO Authority File",
        "publisher": "Library of Congress",
        "icon": "https://www.loc.gov/favicon.ico"
      }
    },
    {
      "@id": "http://viaf.org/viaf/88805531",
      "collection": {
        "abbr": "VIAF",
        "name": "Virtual International Authority File (VIAF)",
        "publisher": "OCLC",
        "icon": "https://viaf.org/viaf/images/viaf.ico"
      }
    },
    {
      "@id": "http://www.wikidata.org/entity/Q129857",
      "collection": {
        "abbr": "WIKIDATA",
        "name": "Wikidata",
        "publisher": "Wikimedia Foundation Inc.",
        "icon": "https://www.wikidata.org/static/favicon/wikidata.ico"
      }
    },
    {
      "@id": "https://isni.org/isni/0000000121029337",
      "collection": {
        "abbr": "ISNI",
        "name": "International Standard Name Identifier (ISNI)",
        "publisher": "International Standard Name Identifier (ISNI)",
        "icon": "https://www.isni.org/sites/default/files/isni_new_favicon.ico"
      }
    }
  ]
}