{
  "@context": "http://hub.culturegraph.org/entityfacts/context/v1/entityfacts.jsonld",
  "@id": "https://d-nb.info/gnd/118533649",
  "describedBy": {
    "valid": "2026-04-27T03:22:36Z",
    "license": "https://creativecommons.org/publicdomain/zero/1.0/",
    "@id": "https://hub.culturegraph.org/entityfacts/118533649"
  },
  "preferredName": "Matthias Flacius",
  "surname": "Flacius",
  "forename": "Matthias",
  "@type": "person",
  "variantName": [
    "Matthias Flaccius Illyricus",
    "Mathias Flacius Illyricus",
    "Matthias Flacius Jllyricus",
    "Matthias, Illyricus",
    "Matthias, der Illyrier",
    "Flacius, Illyricus",
    "Matt.Fla.Illyr.",
    "M.F.I.",
    "M.F.Illyr.",
    "M.Fl.Illy.",
    "Matija Vlacich",
    "Matija Vlac\u030cis",
    "Matija Francovic\u0301",
    "Mattia Francovich",
    "Matthias Flacius Illyricus, der A\u0308ltere",
    "Matthias Frankovic\u0301",
    "Mathias Frankovic\u0301",
    "Matija Ilirik Vlac\u030cic\u0301 Frankovic\u0301",
    "Jlyr.",
    "Mathias Flacius, Illyricus",
    "Matthias Flaccius",
    "Mathias Flacicus",
    "Mathias Flacicus Illyricus",
    "Mathias Flacicus Illyricus",
    "Mattia Flacio",
    "Mathias Flacius",
    "Matthaeus Flacius",
    "Matthias Flacius Illyricus",
    "Matthias Illyricus",
    "Flacius Illyricus",
    "Matija Vlacic",
    "Publius Aesquillus",
    "Matthias Theophilus",
    "Matija Vlac\u030cic\u0301 Ilirik",
    "Flacius",
    "Matthias Flacius Illyricus",
    "Matthias",
    "Matthias Flacius, Illyricus",
    "Matthias Flacius Illyricus"
  ],
  "pseudonym": [
    {
      "preferredName": "Illyricus"
    },
    {
      "preferredName": "Illiricus"
    },
    {
      "preferredName": "Publius Aesquillius"
    },
    {
      "preferredName": "Carolus Azarias"
    },
    {
      "preferredName": "Theodorus Henetus"
    },
    {
      "preferredName": "M. Theophilus"
    },
    {
      "preferredName": "Johannes Hermannus"
    },
    {
      "preferredName": "Christian Lauterwar"
    },
    {
      "preferredName": "Christian Lanterwar"
    },
    {
      "preferredName": "Johannes Waremundus"
    }
  ],
  "realIdentity": [
    {
      "preferredName": "Mathias Francowitz"
    },
    {
      "preferredName": "Matthias Francowitz"
    },
    {
      "preferredName": "Matija Vlac\u030cic\u0301"
    }
  ],
  "dateOfBirth": "March 3, 1520",
  "dateOfDeath": "March 11, 1575",
  "placeOfBirth": [
    {
      "@id": "https://d-nb.info/gnd/4400628-7",
      "preferredName": "Labin"
    }
  ],
  "placeOfDeath": [
    {
      "@id": "https://d-nb.info/gnd/4018118-2",
      "preferredName": "Frankfurt am Main"
    }
  ],
  "associatedCountry": [
    {
      "@id": "https://d-nb.info/standards/vocab/gnd/geographic-area-code#XA-HR",
      "preferredName": "Kroatien"
    },
    {
      "@id": "https://d-nb.info/standards/vocab/gnd/geographic-area-code#XA-DE",
      "preferredName": "Deutschland"
    }
  ],
  "professionOrOccupation": [
    {
      "@id": "https://d-nb.info/gnd/4015882-2",
      "preferredName": "Evangelischer Theologe"
    },
    {
      "@id": "https://d-nb.info/gnd/1041366884",
      "preferredName": "Lutherischer Theologe"
    },
    {
      "@id": "https://d-nb.info/gnd/4279747-0",
      "preferredName": "Gnesiolutheraner"
    },
    {
      "@id": "https://d-nb.info/gnd/4398113-6",
      "preferredName": "Kirchenhistoriker"
    },
    {
      "@id": "https://d-nb.info/gnd/4132592-8",
      "preferredName": "Pfarrer"
    },
    {
      "@id": "https://d-nb.info/gnd/4184110-4",
      "preferredName": "Superintendent"
    },
    {
      "@id": "https://d-nb.info/gnd/4025243-7",
      "preferredName": "Hochschullehrer"
    },
    {
      "@id": "https://d-nb.info/gnd/4156858-8",
      "preferredName": "Germanist"
    },
    {
      "@id": "https://d-nb.info/gnd/4525103-4",
      "preferredName": "Hebraist"
    },
    {
      "@id": "https://d-nb.info/gnd/4176310-5",
      "preferredName": "Publizist"
    }
  ],
  "gender": {
    "@id": "https://d-nb.info/standards/vocab/gnd/gender#male",
    "label": "Mann"
  },
  "biographicalOrHistoricalInformation": "Kroatischer lutherischer Kontroverstheologe",
  "relatedPerson": [
    {
      "relationship": "VD-16 Mitverf.",
      "preferredName": "Matthaeus Richter, der A\u0308ltere"
    },
    {
      "relationship": "Mansfeld; VD-16 Mitverf.",
      "preferredName": "Johannes Wigand"
    },
    {
      "@id": "https://d-nb.info/gnd/118515128",
      "relationship": "VD-16 Mitverf.",
      "preferredName": "Johannes Brenz"
    },
    {
      "relationship": "VD-16 Mitverf.",
      "preferredName": "Kaspar Heldelin, der Ju\u0308ngere"
    },
    {
      "relationship": "VD-16 Mitverf.",
      "preferredName": "Johannes Friedrich Himmlisch"
    },
    {
      "@id": "https://d-nb.info/gnd/118575341",
      "relationship": "VD-16 Mitverf.",
      "preferredName": "Lupold III., Bamberg, Bischof"
    },
    {
      "@id": "https://d-nb.info/gnd/119863359",
      "relationship": "VD-16 Mitverf.",
      "preferredName": "Wolfgang Waldner"
    },
    {
      "@id": "https://d-nb.info/gnd/11983040X",
      "relationship": "VD-16 Mitverf.",
      "preferredName": "Johannes Serrarius"
    },
    {
      "@id": "https://d-nb.info/gnd/118593234",
      "relationship": "VD-16 Mitverf.",
      "preferredName": "Francesco Petrarca"
    },
    {
      "@id": "https://d-nb.info/gnd/119878038",
      "relationship": "VD-16 Mitverf.",
      "preferredName": "Emerich Zigerius"
    },
    {
      "@id": "https://d-nb.info/gnd/118793004",
      "relationship": "VD-16 Mitverf.",
      "preferredName": "Guillaume Postel"
    },
    {
      "@id": "https://d-nb.info/gnd/104319194",
      "relationship": "VD-16 Mitverf.",
      "preferredName": "Peter Brem"
    }
  ],
  "familialRelationship": [
    {
      "@id": "https://d-nb.info/gnd/124982220",
      "relationship": "Sohn",
      "preferredName": "Matthias Flacius"
    }
  ],
  "depiction": {
    "@id": "https://commons.wikimedia.org/wiki/Special:FilePath/Matthias%20Flacius.png",
    "publisher": "Wikimedia Commons",
    "copyrighted": "false",
    "creator": [
      ""
    ],
    "creditText": [
      "From English Wikipedia: en:Image:Matthiasflacius.png Original source: http://www.flacius.com/images/flacius_big.jpg"
    ],
    "license": [
      {
        "@id": "https://creativecommons.org/publicdomain/mark/1.0/",
        "abbr": "PD",
        "name": "Public Domain",
        "attributionRequired": "false",
        "restrictions": ""
      }
    ],
    "url": "https://commons.wikimedia.org/wiki/File:Matthias%20Flacius.png?uselang=en",
    "thumbnail": {
      "@id": "https://commons.wikimedia.org/wiki/Special:FilePath/Matthias%20Flacius.png?width=270"
    }
  },
  "sameAs": [
    {
      "@id": "https://d-nb.info/gnd/118533649/about",
      "collection": {
        "abbr": "DNB",
        "name": "Gemeinsame Normdatei (GND) im Katalog der Deutschen Nationalbibliothek",
        "publisher": "Deutsche Nationalbibliothek",
        "icon": "https://www.dnb.de/SiteGlobals/Frontend/DNBWeb/Images/favicon.png?__blob=normal&v=4"
      }
    },
    {
      "@id": "http://catalogue.bnf.fr/ark:/12148/cb11993746p",
      "collection": {
        "abbr": "BNF",
        "name": "Bibliothe\u0300que nationale de France",
        "publisher": "Bibliothe\u0300que nationale de France",
        "icon": "https://www.bnf.fr/themes/custom/bnfsi/favicon.ico"
      }
    },
    {
      "@id": "http://www.hls-dhs-dss.ch/textes/d/D42847.php",
      "collection": {
        "abbr": "CH_HLS",
        "name": "Historisches Lexikon der Schweiz (HLS)",
        "publisher": "Historisches Lexikon der Schweiz (HLS)",
        "icon": "https://www.hls-dhs-dss.ch/favicon.ico"
      }
    },
    {
      "@id": "https://de.wikipedia.org/wiki/Matthias_Flacius",
      "collection": {
        "abbr": "dewiki",
        "name": "Wikipedia (Deutsch)",
        "publisher": "Wikimedia Foundation Inc.",
        "icon": "https://de.wikipedia.org/static/favicon/wikipedia.ico"
      }
    },
    {
      "@id": "https://en.wikipedia.org/wiki/Matthias_Flacius",
      "collection": {
        "abbr": "enwiki",
        "name": "Wikipedia (English)",
        "publisher": "Wikimedia Foundation Inc.",
        "icon": "https://en.wikipedia.org/static/favicon/wikipedia.ico"
      }
    },
    {
      "@id": "https://frankfurter-personenlexikon.de/beacon/beacon.php?118533649",
      "collection": {
        "abbr": "FFMPL",
        "name": "Frankfurter Personenlexikon",
        "publisher": "Frankfurter Bu\u0308rgerstiftung im Holzhausenschlo\u0308sschen"
      }
    },
    {
      "@id": "https://kalliope-verbund.info/gnd/118533649",
      "collection": {
        "abbr": "DE-611",
        "name": "Kalliope Verbundkatalog",
        "publisher": "Staatsbibliothek zu Berlin - Preu\u00dfischer Kulturbesitz",
        "icon": "https://kalliope-verbund.info/img/favicon.ico"
      }
    },
    {
      "@id": "https://raa.gf-franken.de/de/suche-nach-stammbucheintraegen.html?permaLink=1530_nn;335",
      "collection": {
        "abbr": "RAAE",
        "name": "Repertorium Alborum Amicorum (RAA) - Stammbucheintr\u00e4ge",
        "publisher": "Department Germanistik und Komparatistik der Friedrich-Alexander-Universit\u00e4t Erlangen-N\u00fcrnberg in Zusammenarbeit mit der Gesellschaft f\u00fcr Familienforschung in Franken",
        "icon": "https://www.gf-franken.de/favicon.ico"
      }
    },
    {
      "@id": "https://raa.gf-franken.de/de/suche-nach-stammbucheintraegen.html?permaLink=1549_ulrich;138",
      "collection": {
        "abbr": "RAAE",
        "name": "Repertorium Alborum Amicorum (RAA) - Stammbucheintr\u00e4ge",
        "publisher": "Department Germanistik und Komparatistik der Friedrich-Alexander-Universit\u00e4t Erlangen-N\u00fcrnberg in Zusammenarbeit mit der Gesellschaft f\u00fcr Familienforschung in Franken",
        "icon": "https://www.gf-franken.de/favicon.ico"
      }
    },
    {
      "@id": "https://raa.gf-franken.de/de/suche-nach-stammbucheintraegen.html?permaLink=1552_kunheim;98",
      "collection": {
        "abbr": "RAAE",
        "name": "Repertorium Alborum Amicorum (RAA) - Stammbucheintr\u00e4ge",
        "publisher": "Department Germanistik und Komparatistik der Friedrich-Alexander-Universit\u00e4t Erlangen-N\u00fcrnberg in Zusammenarbeit mit der Gesellschaft f\u00fcr Familienforschung in Franken",
        "icon": "https://www.gf-franken.de/favicon.ico"
      }
    },
    {
      "@id": "https://raa.gf-franken.de/de/suche-nach-stammbucheintraegen.html?permaLink=1561_steindorffer;2",
      "collection": {
        "abbr": "RAAE",
        "name": "Repertorium Alborum Amicorum (RAA) - Stammbucheintr\u00e4ge",
        "publisher": "Department Germanistik und Komparatistik der Friedrich-Alexander-Universit\u00e4t Erlangen-N\u00fcrnberg in Zusammenarbeit mit der Gesellschaft f\u00fcr Familienforschung in Franken",
        "icon": "https://www.gf-franken.de/favicon.ico"
      }
    },
    {
      "@id": "https://raa.gf-franken.de/de/suche-nach-stammbucheintraegen.html?permaLink=1567_twestreng;54",
      "collection": {
        "abbr": "RAAE",
        "name": "Repertorium Alborum Amicorum (RAA) - Stammbucheintr\u00e4ge",
        "publisher": "Department Germanistik und Komparatistik der Friedrich-Alexander-Universit\u00e4t Erlangen-N\u00fcrnberg in Zusammenarbeit mit der Gesellschaft f\u00fcr Familienforschung in Franken",
        "icon": "https://www.gf-franken.de/favicon.ico"
      }
    },
    {
      "@id": "https://raa.gf-franken.de/de/suche-nach-stammbucheintraegen.html?permaLink=1569_heinzel;4",
      "collection": {
        "abbr": "RAAE",
        "name": "Repertorium Alborum Amicorum (RAA) - Stammbucheintr\u00e4ge",
        "publisher": "Department Germanistik und Komparatistik der Friedrich-Alexander-Universit\u00e4t Erlangen-N\u00fcrnberg in Zusammenarbeit mit der Gesellschaft f\u00fcr Familienforschung in Franken",
        "icon": "https://www.gf-franken.de/favicon.ico"
      }
    },
    {
      "@id": "https://www.deutsche-biographie.de/pnd118533649.html#adbcontent",
      "collection": {
        "abbr": "ADB",
        "name": "Allgemeine Deutsche Biographie (ADB)",
        "publisher": "Historische Kommission bei der Bayerischen Akademie der Wissenschaften und Bayerische Staatsbibliothek",
        "icon": "https://www.deutsche-biographie.de/favicon.ico"
      }
    },
    {
      "@id": "https://www.deutsche-biographie.de/pnd118533649.html#ndbcontent",
      "collection": {
        "abbr": "NDB",
        "name": "Neue Deutsche Biographie (NDB)",
        "publisher": "Historische Kommission bei der Bayerischen Akademie der Wissenschaften und Bayerische Staatsbibliothek",
        "icon": "https://www.deutsche-biographie.de/favicon.ico"
      }
    },
    {
      "@id": "https://www.deutsche-digitale-bibliothek.de/person/gnd/118533649",
      "collection": {
        "abbr": "DDB",
        "name": "Deutsche Digitale Bibliothek",
        "publisher": "Deutsche Digitale Bibliothek",
        "icon": "https://www.deutsche-digitale-bibliothek.de/favicon.ico"
      }
    },
    {
      "@id": "https://www.portraitindex.de/dokumente/pnd/118533649",
      "collection": {
        "abbr": "Portraitindex",
        "name": "Digitaler Portraitindex der druckgraphischen Bildnisse der Fru\u0308hen Neuzeit",
        "publisher": "Deutsches Dokumentationszentrum fu\u0308r Kunstgeschichte - Bildarchiv Foto Marburg",
        "icon": "https://www.portraitindex.de/favicon.ico"
      }
    },
    {
      "@id": "http://id.loc.gov/rwo/agents/n82074219",
      "collection": {
        "abbr": "LC",
        "name": "NACO Authority File",
        "publisher": "Library of Congress",
        "icon": "https://www.loc.gov/favicon.ico"
      }
    },
    {
      "@id": "http://viaf.org/viaf/89645361",
      "collection": {
        "abbr": "VIAF",
        "name": "Virtual International Authority File (VIAF)",
        "publisher": "OCLC",
        "icon": "https://viaf.org/viaf/images/viaf.ico"
      }
    },
    {
      "@id": "http://www.wikidata.org/entity/Q435311",
      "collection": {
        "abbr": "WIKIDATA",
        "name": "Wikidata",
        "publisher": "Wikimedia Foundation Inc.",
        "icon": "https://www.wikidata.org/static/favicon/wikidata.ico"
      }
    },
    {
      "@id": "https://isni.org/isni/000000010785551X",
      "collection": {
        "abbr": "ISNI",
        "name": "International Standard Name Identifier (ISNI)",
        "publisher": "International Standard Name Identifier (ISNI)",
        "icon": "https://www.isni.org/sites/default/files/isni_new_favicon.ico"
      }
    }
  ]
}