{
  "@context": "http://hub.culturegraph.org/entityfacts/context/v1/entityfacts.jsonld",
  "@id": "https://d-nb.info/gnd/118532537",
  "describedBy": {
    "valid": "2026-05-01T03:21:02Z",
    "license": "https://creativecommons.org/publicdomain/zero/1.0/",
    "@id": "https://hub.culturegraph.org/entityfacts/118532537"
  },
  "preferredName": "Ferdinand, Ko\u0308ln, Erzbischof",
  "surname": "Ferdinand, Ko\u0308ln, Erzbischof",
  "@type": "person",
  "variantName": [
    "Ferdinand, Ko\u0308ln, Kurfu\u0308rst",
    "Ferdinand, von Ko\u0308ln",
    "Ferdinand, Bavie\u0300re, Duc",
    "Ferdinand, Bayern, Prinz",
    "Ferdinand, Bayern, Herzog",
    "Ferdinand, Cologne, Archeve\u0302que",
    "Ferdinand, Hildesheim, Bischof",
    "Ferdinand, Lu\u0308ttich, Bischof",
    "Ferdinand I., Mu\u0308nster, Bischof",
    "Ferdinand I., Paderborn, Bischof",
    "Ferdinandt, Ko\u0308ln, Erzbischof",
    "Ferdinandten, Ko\u0308ln, Erzbischof",
    "Ferdinandus, Archiepiscopus Coloniensis",
    "Ferdinandus, Archiepiscopus Leodiensis",
    "Ferdinandus, Bavaria, Dux",
    "Ferdinandus, Dux Bavariae",
    "Ferdinandus, Colonia, Archiepiscopus",
    "Ferdinandus, Palatinus Rheni, Comes",
    "Ferdinand von Wittelsbach",
    "von Wittelsbach Ferdinand",
    "Ferdinand, von Bayern",
    "Ferdinand von Bayern",
    "Ferdinandus, Administrator von Berchtesgaden"
  ],
  "dateOfBirth": "October 6, 1577",
  "dateOfDeath": "September 13, 1650",
  "placeOfBirth": [
    {
      "@id": "https://d-nb.info/gnd/4127793-4",
      "preferredName": "Mu\u0308nchen"
    }
  ],
  "placeOfActivity": [
    {
      "@id": "https://d-nb.info/gnd/4031483-2",
      "preferredName": "Ko\u0308ln"
    }
  ],
  "associatedCountry": [
    {
      "@id": "https://d-nb.info/standards/vocab/gnd/geographic-area-code#XA-DE",
      "preferredName": "Deutschland"
    }
  ],
  "professionOrOccupation": [
    {
      "@id": "https://d-nb.info/gnd/4015471-3",
      "preferredName": "Erzbischof"
    },
    {
      "@id": "https://d-nb.info/gnd/4166203-9",
      "preferredName": "Kurfu\u0308rst"
    }
  ],
  "gender": {
    "@id": "https://d-nb.info/standards/vocab/gnd/gender#male",
    "label": "Mann"
  },
  "relatedPerson": [
    {
      "relationship": "VD-16 Mitverf.",
      "preferredName": "Philipp von Bayern, Bischof von Regensburg"
    },
    {
      "@id": "https://d-nb.info/gnd/119552442",
      "relationship": "VD-16 Mitverf.",
      "preferredName": "Philipp Menzel"
    },
    {
      "relationship": "VD-16 Mitverf.",
      "preferredName": "Pierre Stevart"
    }
  ],
  "familialRelationship": [
    {
      "@id": "https://d-nb.info/gnd/118771841",
      "relationship": "Vater",
      "preferredName": "Wilhelm V., Bayern, Herzog"
    }
  ],
  "depiction": {
    "@id": "https://commons.wikimedia.org/wiki/Special:FilePath/Ferdinand%20von%20Bayern%20%281577-1650%29%2C%20Kurf%C3%BCrst%20und%20Erzbischof%20von%20K%C3%B6ln.jpg",
    "publisher": "Wikimedia Commons",
    "copyrighted": "false",
    "creator": [
      "Unidentified painter"
    ],
    "creditText": [
      "Ferdinand von Bayern"
    ],
    "license": [
      {
        "@id": "https://creativecommons.org/publicdomain/mark/1.0/",
        "abbr": "PD",
        "name": "Public Domain",
        "attributionRequired": "false",
        "restrictions": ""
      }
    ],
    "url": "https://commons.wikimedia.org/wiki/File:Ferdinand%20von%20Bayern%20%281577-1650%29%2C%20Kurf%C3%BCrst%20und%20Erzbischof%20von%20K%C3%B6ln.jpg?uselang=en",
    "thumbnail": {
      "@id": "https://commons.wikimedia.org/wiki/Special:FilePath/Ferdinand%20von%20Bayern%20%281577-1650%29%2C%20Kurf%C3%BCrst%20und%20Erzbischof%20von%20K%C3%B6ln.jpg?width=270"
    }
  },
  "sameAs": [
    {
      "@id": "https://d-nb.info/gnd/118532537/about",
      "collection": {
        "abbr": "DNB",
        "name": "Gemeinsame Normdatei (GND) im Katalog der Deutschen Nationalbibliothek",
        "publisher": "Deutsche Nationalbibliothek",
        "icon": "https://www.dnb.de/SiteGlobals/Frontend/DNBWeb/Images/favicon.png?__blob=normal&v=4"
      }
    },
    {
      "@id": "https://bmlo.de/Q/GND=118532537",
      "collection": {
        "abbr": "DE-M512",
        "name": "Bayerisches Musiker-Lexikon Online",
        "publisher": "Bayerisches Musiker-Lexikon Online",
        "icon": "https://bmlo.de/x/pic/favicon.gif"
      }
    },
    {
      "@id": "https://de.wikipedia.org/wiki/Ferdinand_von_Bayern_%281577%E2%80%931650%29",
      "collection": {
        "abbr": "dewiki",
        "name": "Wikipedia (Deutsch)",
        "publisher": "Wikimedia Foundation Inc.",
        "icon": "https://de.wikipedia.org/static/favicon/wikipedia.ico"
      }
    },
    {
      "@id": "https://en.wikipedia.org/wiki/Ferdinand_of_Bavaria_%28bishop%29",
      "collection": {
        "abbr": "enwiki",
        "name": "Wikipedia (English)",
        "publisher": "Wikimedia Foundation Inc.",
        "icon": "https://en.wikipedia.org/static/favicon/wikipedia.ico"
      }
    },
    {
      "@id": "https://kalliope-verbund.info/gnd/118532537",
      "collection": {
        "abbr": "DE-611",
        "name": "Kalliope Verbundkatalog",
        "publisher": "Staatsbibliothek zu Berlin - Preu\u00dfischer Kulturbesitz",
        "icon": "https://kalliope-verbund.info/img/favicon.ico"
      }
    },
    {
      "@id": "https://raa.gf-franken.de/de/suche-nach-stammbucheintraegen.html?permaLink=1597_rueber;30",
      "collection": {
        "abbr": "RAAE",
        "name": "Repertorium Alborum Amicorum (RAA) - Stammbucheintr\u00e4ge",
        "publisher": "Department Germanistik und Komparatistik der Friedrich-Alexander-Universit\u00e4t Erlangen-N\u00fcrnberg in Zusammenarbeit mit der Gesellschaft f\u00fcr Familienforschung in Franken",
        "icon": "https://www.gf-franken.de/favicon.ico"
      }
    },
    {
      "@id": "https://www.archivportal-d.de/person/gnd/118532537",
      "collection": {
        "abbr": "ARCHIV-D",
        "name": "Archivportal-D",
        "publisher": "Deutsche Digitale Bibliothek",
        "icon": "https://www.archivportal-d.de/favicon.ico"
      }
    },
    {
      "@id": "https://www.deutsche-biographie.de/pnd118532537.html#adbcontent",
      "collection": {
        "abbr": "ADB",
        "name": "Allgemeine Deutsche Biographie (ADB)",
        "publisher": "Historische Kommission bei der Bayerischen Akademie der Wissenschaften und Bayerische Staatsbibliothek",
        "icon": "https://www.deutsche-biographie.de/favicon.ico"
      }
    },
    {
      "@id": "https://www.deutsche-biographie.de/pnd118532537.html#ndbcontent",
      "collection": {
        "abbr": "NDB",
        "name": "Neue Deutsche Biographie (NDB)",
        "publisher": "Historische Kommission bei der Bayerischen Akademie der Wissenschaften und Bayerische Staatsbibliothek",
        "icon": "https://www.deutsche-biographie.de/favicon.ico"
      }
    },
    {
      "@id": "https://www.deutsche-digitale-bibliothek.de/person/gnd/118532537",
      "collection": {
        "abbr": "DDB",
        "name": "Deutsche Digitale Bibliothek",
        "publisher": "Deutsche Digitale Bibliothek",
        "icon": "https://www.deutsche-digitale-bibliothek.de/favicon.ico"
      }
    },
    {
      "@id": "https://www.portraitindex.de/dokumente/pnd/118532537",
      "collection": {
        "abbr": "Portraitindex",
        "name": "Digitaler Portraitindex der druckgraphischen Bildnisse der Fru\u0308hen Neuzeit",
        "publisher": "Deutsches Dokumentationszentrum fu\u0308r Kunstgeschichte - Bildarchiv Foto Marburg",
        "icon": "https://www.portraitindex.de/favicon.ico"
      }
    },
    {
      "@id": "http://id.loc.gov/rwo/agents/n85050103",
      "collection": {
        "abbr": "LC",
        "name": "NACO Authority File",
        "publisher": "Library of Congress",
        "icon": "https://www.loc.gov/favicon.ico"
      }
    },
    {
      "@id": "http://viaf.org/viaf/13049116",
      "collection": {
        "abbr": "VIAF",
        "name": "Virtual International Authority File (VIAF)",
        "publisher": "OCLC",
        "icon": "https://viaf.org/viaf/images/viaf.ico"
      }
    },
    {
      "@id": "http://www.wikidata.org/entity/Q63249",
      "collection": {
        "abbr": "WIKIDATA",
        "name": "Wikidata",
        "publisher": "Wikimedia Foundation Inc.",
        "icon": "https://www.wikidata.org/static/favicon/wikidata.ico"
      }
    },
    {
      "@id": "https://isni.org/isni/000000001333094X",
      "collection": {
        "abbr": "ISNI",
        "name": "International Standard Name Identifier (ISNI)",
        "publisher": "International Standard Name Identifier (ISNI)",
        "icon": "https://www.isni.org/sites/default/files/isni_new_favicon.ico"
      }
    }
  ]
}