{
  "@context": "http://hub.culturegraph.org/entityfacts/context/v1/entityfacts.jsonld",
  "@id": "https://d-nb.info/gnd/11852786X",
  "describedBy": {
    "valid": "2026-04-29T02:14:51Z",
    "license": "https://creativecommons.org/publicdomain/zero/1.0/",
    "@id": "https://hub.culturegraph.org/entityfacts/11852786X"
  },
  "preferredName": "Albrecht Du\u0308rer",
  "surname": "Du\u0308rer",
  "forename": "Albrecht",
  "@type": "person",
  "variantName": [
    "Albert Du\u0308rer",
    "Albert Albrecht Du\u0308rer",
    "Alberto Du\u0308rer",
    "Albrecht Duerer",
    "Du\u0308rer",
    "Albreht Direr",
    "Albrehts Di\u0304rers",
    "Alberto Du\u0308rero",
    "Albrecht Djurer",
    "Al'brecht Djurer",
    "A. Djurer",
    "Albert Du\u0308rrer",
    "Alb. Du\u0308rrer",
    "Albert Durer",
    "Alberto Durer",
    "Albertus Durer",
    "Albrecht Durer",
    "Durer",
    "Alberto Durero",
    "Durero",
    "Albertus Durerus",
    "Albertus Du\u0308rer",
    "Albert Duerer",
    "Dyu\u0302ra\u0302",
    "Al beu le hi teu Dwi leo",
    "Al beu le hi teu Dwi leo",
    "\u110b\u1161\u11af\u1107\u1173\u1105\u1166\u1112\u1175\u1110\u1173 \u1103\u1171\u1105\u1165",
    "\u1103\u1171\u1105\u1165 \u110b\u1161\u11af\u1107\u1173\u1105\u1166\u1112\u1175\u1110\u1173",
    "\u963f\u5c14\u5e03\u96f7\u7279\u00b7\u4e22\u52d2"
  ],
  "dateOfBirth": "May 21, 1471",
  "dateOfDeath": "April 6, 1528",
  "placeOfBirth": [
    {
      "@id": "https://d-nb.info/gnd/4042742-0",
      "preferredName": "Nu\u0308rnberg"
    }
  ],
  "placeOfDeath": [
    {
      "@id": "https://d-nb.info/gnd/4042742-0",
      "preferredName": "Nu\u0308rnberg"
    }
  ],
  "associatedCountry": [
    {
      "@id": "https://d-nb.info/standards/vocab/gnd/geographic-area-code#XA-DE",
      "preferredName": "Deutschland"
    }
  ],
  "professionOrOccupation": [
    {
      "@id": "https://d-nb.info/gnd/4033423-5",
      "preferredName": "Ku\u0308nstler"
    },
    {
      "@id": "https://d-nb.info/gnd/4037215-7",
      "preferredName": "Maler"
    },
    {
      "@id": "https://d-nb.info/gnd/4200345-3",
      "preferredName": "Zeichner"
    },
    {
      "@id": "https://d-nb.info/gnd/4125173-8",
      "preferredName": "Grafiker"
    },
    {
      "@id": "https://d-nb.info/gnd/4166165-5",
      "preferredName": "Kupferstecher"
    },
    {
      "@id": "https://d-nb.info/gnd/4037945-0",
      "preferredName": "Mathematiker"
    },
    {
      "preferredName": "Kunstmaler"
    }
  ],
  "gender": {
    "@id": "https://d-nb.info/standards/vocab/gnd/gender#male",
    "label": "Mann"
  },
  "biographicalOrHistoricalInformation": "Kunstschriftsteller, Kunsttheoretiker",
  "relatedPerson": [
    {
      "@id": "https://d-nb.info/gnd/119604957",
      "relationship": "VD-16 Mitverf.",
      "preferredName": "Alphonsus Pecha"
    },
    {
      "@id": "https://d-nb.info/gnd/11901808X",
      "relationship": "VD-16 Mitverf.",
      "preferredName": "Jodocus Badius Ascensius"
    },
    {
      "@id": "https://d-nb.info/gnd/119622327",
      "relationship": "VD-16 Mitverf.",
      "preferredName": "Birgitta, aus Finsta"
    },
    {
      "@id": "https://d-nb.info/gnd/118514474",
      "relationship": "VD-16 Mitverf.",
      "preferredName": "Sebastian Brant"
    },
    {
      "@id": "https://d-nb.info/gnd/104213701",
      "relationship": "VD-16 Mitverf.",
      "preferredName": "Benedictus Chelidonius"
    },
    {
      "@id": "https://d-nb.info/gnd/118780247",
      "relationship": "VD-16 Mitverf.",
      "preferredName": "Jakob Locher"
    },
    {
      "@id": "https://d-nb.info/gnd/11897405X",
      "relationship": "VD-16 Mitverf.",
      "preferredName": "Matthias, Lincopiensis"
    },
    {
      "@id": "https://d-nb.info/gnd/118579371",
      "relationship": "VD-16 Mitverf.",
      "preferredName": "Maximilian I., Heiliges Ro\u0308misches Reich, Kaiser"
    },
    {
      "@id": "https://d-nb.info/gnd/118641786",
      "relationship": "VD-16 Mitverf.",
      "preferredName": "Claudius Ptolemaeus"
    },
    {
      "@id": "https://d-nb.info/gnd/121675777",
      "relationship": "VD-16 Mitverf.",
      "preferredName": "Johannes Stabius"
    }
  ],
  "familialRelationship": [
    {
      "@id": "https://d-nb.info/gnd/117751669",
      "relationship": "Vater",
      "preferredName": "Albrecht Du\u0308rer"
    },
    {
      "@id": "https://d-nb.info/gnd/118527878",
      "relationship": "Mutter",
      "preferredName": "Barbara Du\u0308rer"
    },
    {
      "@id": "https://d-nb.info/gnd/133606635",
      "relationship": "Bruder",
      "preferredName": "Endres Du\u0308rer"
    },
    {
      "@id": "https://d-nb.info/gnd/12950517X",
      "relationship": "Bruder",
      "preferredName": "Hans Du\u0308rer"
    },
    {
      "@id": "https://d-nb.info/gnd/118869051",
      "relationship": "Ehefrau",
      "preferredName": "Agnes Du\u0308rer"
    },
    {
      "@id": "https://d-nb.info/gnd/133536491",
      "relationship": "Schwiegermutter",
      "preferredName": "Anna Frey"
    },
    {
      "@id": "https://d-nb.info/gnd/13354205X",
      "relationship": "Schwiegervater",
      "preferredName": "Hans Frey"
    }
  ],
  "depiction": {
    "@id": "https://commons.wikimedia.org/wiki/Special:FilePath/D%C3%BCrer%20Alte%20Pinakothek.jpg",
    "publisher": "Wikimedia Commons",
    "copyrighted": "false",
    "creator": [
      "Albrecht D\u00fcrer"
    ],
    "creditText": [
      "Alte Pinakothek"
    ],
    "license": [
      {
        "@id": "https://creativecommons.org/publicdomain/mark/1.0/",
        "abbr": "PD",
        "name": "Public Domain",
        "attributionRequired": "false",
        "restrictions": ""
      }
    ],
    "url": "https://commons.wikimedia.org/wiki/File:D%C3%BCrer%20Alte%20Pinakothek.jpg?uselang=en",
    "thumbnail": {
      "@id": "https://commons.wikimedia.org/wiki/Special:FilePath/D%C3%BCrer%20Alte%20Pinakothek.jpg?width=270"
    }
  },
  "sameAs": [
    {
      "@id": "https://d-nb.info/gnd/11852786X/about",
      "collection": {
        "abbr": "DNB",
        "name": "Gemeinsame Normdatei (GND) im Katalog der Deutschen Nationalbibliothek",
        "publisher": "Deutsche Nationalbibliothek",
        "icon": "https://www.dnb.de/SiteGlobals/Frontend/DNBWeb/Images/favicon.png?__blob=normal&v=4"
      }
    },
    {
      "@id": "https://isni.org/isni/0000000120961368",
      "collection": {
        "abbr": "ISNI",
        "name": "International Standard Name Identifier (ISNI)",
        "publisher": "International Standard Name Identifier (ISNI)",
        "icon": "https://www.isni.org/sites/default/files/isni_new_favicon.ico"
      }
    },
    {
      "@id": "https://www.filmportal.de/62D007AF26E44E2D82A3E00BFFA23371",
      "collection": {
        "abbr": "filmportal.de",
        "name": "Filmportal",
        "publisher": "Deutsches Filminstitut",
        "icon": "https://www.filmportal.de/themes/custom/filmportal/favicon.ico"
      }
    },
    {
      "@id": "http://www.hls-dhs-dss.ch/textes/d/D18306.php",
      "collection": {
        "abbr": "CH_HLS",
        "name": "Historisches Lexikon der Schweiz (HLS)",
        "publisher": "Historisches Lexikon der Schweiz (HLS)",
        "icon": "https://www.hls-dhs-dss.ch/favicon.ico"
      }
    },
    {
      "@id": "https://bmlo.de/Q/GND=11852786X",
      "collection": {
        "abbr": "DE-M512",
        "name": "Bayerisches Musiker-Lexikon Online",
        "publisher": "Bayerisches Musiker-Lexikon Online",
        "icon": "https://bmlo.de/x/pic/favicon.gif"
      }
    },
    {
      "@id": "https://de.wikipedia.org/wiki/Albrecht_D%C3%BCrer",
      "collection": {
        "abbr": "dewiki",
        "name": "Wikipedia (Deutsch)",
        "publisher": "Wikimedia Foundation Inc.",
        "icon": "https://de.wikipedia.org/static/favicon/wikipedia.ico"
      }
    },
    {
      "@id": "https://de.wikisource.org/wiki/Albrecht_D%C3%BCrer",
      "collection": {
        "abbr": "WIKISOURCE",
        "name": "Wikisource",
        "publisher": "Wikimedia Foundation Inc.",
        "icon": "https://wikisource.org/static/favicon/wikisource.ico"
      }
    },
    {
      "@id": "https://en.wikipedia.org/wiki/Albrecht_D%C3%BCrer",
      "collection": {
        "abbr": "enwiki",
        "name": "Wikipedia (English)",
        "publisher": "Wikimedia Foundation Inc.",
        "icon": "https://en.wikipedia.org/static/favicon/wikipedia.ico"
      }
    },
    {
      "@id": "https://frankfurter-personenlexikon.de/beacon/beacon.php?11852786X",
      "collection": {
        "abbr": "FFMPL",
        "name": "Frankfurter Personenlexikon",
        "publisher": "Frankfurter Bu\u0308rgerstiftung im Holzhausenschlo\u0308sschen"
      }
    },
    {
      "@id": "https://kalliope-verbund.info/gnd/11852786X",
      "collection": {
        "abbr": "DE-611",
        "name": "Kalliope Verbundkatalog",
        "publisher": "Staatsbibliothek zu Berlin - Preu\u00dfischer Kulturbesitz",
        "icon": "https://kalliope-verbund.info/img/favicon.ico"
      }
    },
    {
      "@id": "https://mmlo.de/Q/GND=11852786X",
      "collection": {
        "abbr": "MMLO",
        "name": "Biographisches Lexikon der M\u00fcnzmeister und Wardeine, Stempelschneider und Medailleure",
        "publisher": "Ludwig-Maximilians-Universit\u00e4t M\u00fcnchen - Historisches Seminar - Fr\u00fche Neuzeit",
        "icon": "https://mintmaster.geschichte.lmu.de/favicon.ico"
      }
    },
    {
      "@id": "https://www.archivportal-d.de/person/gnd/11852786X",
      "collection": {
        "abbr": "ARCHIV-D",
        "name": "Archivportal-D",
        "publisher": "Deutsche Digitale Bibliothek",
        "icon": "https://www.archivportal-d.de/favicon.ico"
      }
    },
    {
      "@id": "https://www.deutsche-biographie.de/pnd11852786X.html#adbcontent",
      "collection": {
        "abbr": "ADB",
        "name": "Allgemeine Deutsche Biographie (ADB)",
        "publisher": "Historische Kommission bei der Bayerischen Akademie der Wissenschaften und Bayerische Staatsbibliothek",
        "icon": "https://www.deutsche-biographie.de/favicon.ico"
      }
    },
    {
      "@id": "https://www.deutsche-biographie.de/pnd11852786X.html#ndbcontent",
      "collection": {
        "abbr": "NDB",
        "name": "Neue Deutsche Biographie (NDB)",
        "publisher": "Historische Kommission bei der Bayerischen Akademie der Wissenschaften und Bayerische Staatsbibliothek",
        "icon": "https://www.deutsche-biographie.de/favicon.ico"
      }
    },
    {
      "@id": "https://www.deutsche-digitale-bibliothek.de/person/gnd/11852786X",
      "collection": {
        "abbr": "DDB",
        "name": "Deutsche Digitale Bibliothek",
        "publisher": "Deutsche Digitale Bibliothek",
        "icon": "https://www.deutsche-digitale-bibliothek.de/favicon.ico"
      }
    },
    {
      "@id": "https://www.portraitindex.de/dokumente/pnd/11852786X",
      "collection": {
        "abbr": "Portraitindex",
        "name": "Digitaler Portraitindex der druckgraphischen Bildnisse der Fru\u0308hen Neuzeit",
        "publisher": "Deutsches Dokumentationszentrum fu\u0308r Kunstgeschichte - Bildarchiv Foto Marburg",
        "icon": "https://www.portraitindex.de/favicon.ico"
      }
    },
    {
      "@id": "http://id.loc.gov/rwo/agents/n79118011",
      "collection": {
        "abbr": "LC",
        "name": "NACO Authority File",
        "publisher": "Library of Congress",
        "icon": "https://www.loc.gov/favicon.ico"
      }
    },
    {
      "@id": "http://viaf.org/viaf/54146999",
      "collection": {
        "abbr": "VIAF",
        "name": "Virtual International Authority File (VIAF)",
        "publisher": "OCLC",
        "icon": "https://viaf.org/viaf/images/viaf.ico"
      }
    },
    {
      "@id": "http://www.wikidata.org/entity/Q5580",
      "collection": {
        "abbr": "WIKIDATA",
        "name": "Wikidata",
        "publisher": "Wikimedia Foundation Inc.",
        "icon": "https://www.wikidata.org/static/favicon/wikidata.ico"
      }
    },
    {
      "@id": "https://isni.org/isni/0000000120961368",
      "collection": {
        "abbr": "ISNI",
        "name": "International Standard Name Identifier (ISNI)",
        "publisher": "International Standard Name Identifier (ISNI)",
        "icon": "https://www.isni.org/sites/default/files/isni_new_favicon.ico"
      }
    }
  ]
}