{
  "@context": "http://hub.culturegraph.org/entityfacts/context/v1/entityfacts.jsonld",
  "@id": "https://d-nb.info/gnd/118522582",
  "describedBy": {
    "valid": "2026-04-30T21:05:33Z",
    "license": "https://creativecommons.org/publicdomain/zero/1.0/",
    "@id": "https://hub.culturegraph.org/entityfacts/118522582"
  },
  "preferredName": "Lucas Cranach, der A\u0308ltere",
  "surname": "Cranach, der A\u0308ltere",
  "forename": "Lucas",
  "@type": "person",
  "variantName": [
    "Lucas Cranach, d. A\u0308.",
    "Lukas d.A\u0308. Cranach",
    "Lucas st. Cranach",
    "Lucas Cranach, the elder",
    "Lucas Sunder",
    "Lukas Sunder",
    "Lukas Su\u0308nder",
    "Lucas Su\u0308nder",
    "Lukas Cranach, der A\u0308ltere",
    "Kura\u0304naha",
    "Lukas Kranach",
    "Lucas Kranach",
    "Lukas Cranach",
    "Lucas Mu\u0308ller",
    "Lucas Sunder-Maler",
    "Lucas Maler",
    "Lucas Moller",
    "Lucas Cronach"
  ],
  "dateOfBirth": "1472",
  "dateOfDeath": "October 16, 1553",
  "placeOfBirth": [
    {
      "@id": "https://d-nb.info/gnd/4033262-7",
      "preferredName": "Kronach"
    }
  ],
  "placeOfDeath": [
    {
      "@id": "https://d-nb.info/gnd/4065105-8",
      "preferredName": "Weimar"
    }
  ],
  "placeOfActivity": [
    {
      "@id": "https://d-nb.info/gnd/4066640-2",
      "preferredName": "Wittenberg"
    },
    {
      "@id": "https://d-nb.info/gnd/4066009-6",
      "preferredName": "Wien"
    },
    {
      "@id": "https://d-nb.info/gnd/4065105-8",
      "preferredName": "Weimar"
    }
  ],
  "associatedCountry": [
    {
      "@id": "https://d-nb.info/standards/vocab/gnd/geographic-area-code#XA-DE",
      "preferredName": "Deutschland"
    }
  ],
  "professionOrOccupation": [
    {
      "@id": "https://d-nb.info/gnd/4033423-5",
      "preferredName": "Ku\u0308nstler"
    },
    {
      "@id": "https://d-nb.info/gnd/4037215-7",
      "preferredName": "Maler"
    },
    {
      "@id": "https://d-nb.info/gnd/4200345-3",
      "preferredName": "Zeichner"
    },
    {
      "@id": "https://d-nb.info/gnd/4125173-8",
      "preferredName": "Grafiker"
    },
    {
      "@id": "https://d-nb.info/gnd/4166165-5",
      "preferredName": "Kupferstecher"
    },
    {
      "@id": "https://d-nb.info/gnd/4002475-1",
      "preferredName": "Apotheker"
    },
    {
      "@id": "https://d-nb.info/gnd/4138343-6",
      "preferredName": "Verleger"
    }
  ],
  "gender": {
    "@id": "https://d-nb.info/standards/vocab/gnd/gender#male",
    "label": "Mann"
  },
  "biographicalOrHistoricalInformation": "Deutscher Maler; auch Apotheker, Buchha\u0308ndler, Papierha\u0308ndler und Verleger",
  "relatedPerson": [
    {
      "@id": "https://d-nb.info/gnd/118575449",
      "relationship": "VD-16 Mitverf.",
      "preferredName": "Martin Luther"
    },
    {
      "@id": "https://d-nb.info/gnd/115690387",
      "relationship": "VD-16 Mitverf.",
      "preferredName": "Georg Rhau"
    },
    {
      "@id": "https://d-nb.info/gnd/118580485",
      "relationship": "VD-16 Mitverf.",
      "preferredName": "Philipp Melanchthon"
    },
    {
      "@id": "https://d-nb.info/gnd/100256236",
      "relationship": "VD-16 Mitverf.",
      "preferredName": "Georg Ro\u0308rer"
    }
  ],
  "familialRelationship": [
    {
      "@id": "https://d-nb.info/gnd/135674263",
      "relationship": "Vater",
      "preferredName": "Hans Sunder"
    },
    {
      "@id": "https://d-nb.info/gnd/158885457",
      "relationship": "Ehefrau",
      "preferredName": "Barbara Cranach"
    },
    {
      "@id": "https://d-nb.info/gnd/118522590",
      "relationship": "Sohn",
      "preferredName": "Lucas Cranach, der Ju\u0308ngere"
    },
    {
      "@id": "https://d-nb.info/gnd/11867045X",
      "relationship": "Sohn",
      "preferredName": "Hans Cranach"
    },
    {
      "@id": "https://d-nb.info/gnd/116725427",
      "relationship": "Schwiegersohn",
      "preferredName": "Christian Bru\u0308ck"
    },
    {
      "@id": "https://d-nb.info/gnd/134276531",
      "relationship": "Schwiegersohn",
      "preferredName": "Georg Dasch"
    },
    {
      "@id": "https://d-nb.info/gnd/139980377",
      "relationship": "Schwiegersohn",
      "preferredName": "Caspar Pfreundt"
    }
  ],
  "depiction": {
    "@id": "https://commons.wikimedia.org/wiki/Special:FilePath/Lucas%20Cranach%20d.%20%C3%84.%20063.jpg",
    "publisher": "Wikimedia Commons",
    "copyrighted": "false",
    "creator": [
      "Lucas Cranach the Younger"
    ],
    "creditText": [
      "1. The Yorck Project (2002) 10.000 Meisterwerke der Malerei (DVD-ROM), distributed by DIRECTMEDIA Publishing GmbH. ISBN: 3936122202. 2. clarus-cranach"
    ],
    "license": [
      {
        "@id": "https://creativecommons.org/publicdomain/mark/1.0/",
        "abbr": "PD",
        "name": "Public Domain",
        "attributionRequired": "false",
        "restrictions": ""
      }
    ],
    "url": "https://commons.wikimedia.org/wiki/File:Lucas%20Cranach%20d.%20%C3%84.%20063.jpg?uselang=en",
    "thumbnail": {
      "@id": "https://commons.wikimedia.org/wiki/Special:FilePath/Lucas%20Cranach%20d.%20%C3%84.%20063.jpg?width=270"
    }
  },
  "sameAs": [
    {
      "@id": "https://d-nb.info/gnd/118522582/about",
      "collection": {
        "abbr": "DNB",
        "name": "Gemeinsame Normdatei (GND) im Katalog der Deutschen Nationalbibliothek",
        "publisher": "Deutsche Nationalbibliothek",
        "icon": "https://www.dnb.de/SiteGlobals/Frontend/DNBWeb/Images/favicon.png?__blob=normal&v=4"
      }
    },
    {
      "@id": "https://isni.org/isni/0000000121319721",
      "collection": {
        "abbr": "ISNI",
        "name": "International Standard Name Identifier (ISNI)",
        "publisher": "International Standard Name Identifier (ISNI)",
        "icon": "https://www.isni.org/sites/default/files/isni_new_favicon.ico"
      }
    },
    {
      "@id": "https://www.filmportal.de/CEDE5443726B452A92122A4ADE2CB925",
      "collection": {
        "abbr": "filmportal.de",
        "name": "Filmportal",
        "publisher": "Deutsches Filminstitut",
        "icon": "https://www.filmportal.de/themes/custom/filmportal/favicon.ico"
      }
    },
    {
      "@id": "http://catalogue.bnf.fr/ark:/12148/cb12176451h",
      "collection": {
        "abbr": "BNF",
        "name": "Bibliothe\u0300que nationale de France",
        "publisher": "Bibliothe\u0300que nationale de France",
        "icon": "https://www.bnf.fr/themes/custom/bnfsi/favicon.ico"
      }
    },
    {
      "@id": "https://data.judaicalink.org/data/gnd/118522582",
      "collection": {
        "abbr": "JudaicaLink",
        "name": "JudaicaLink",
        "publisher": "Stuttgart Media University",
        "icon": "https://data.judaicalink.org/static/img/favicon.ico"
      }
    },
    {
      "@id": "https://de.wikipedia.org/wiki/Lucas_Cranach_der_%C3%84ltere",
      "collection": {
        "abbr": "dewiki",
        "name": "Wikipedia (Deutsch)",
        "publisher": "Wikimedia Foundation Inc.",
        "icon": "https://de.wikipedia.org/static/favicon/wikipedia.ico"
      }
    },
    {
      "@id": "https://en.wikipedia.org/wiki/Lucas_Cranach_the_Elder",
      "collection": {
        "abbr": "enwiki",
        "name": "Wikipedia (English)",
        "publisher": "Wikimedia Foundation Inc.",
        "icon": "https://en.wikipedia.org/static/favicon/wikipedia.ico"
      }
    },
    {
      "@id": "https://kalliope-verbund.info/gnd/118522582",
      "collection": {
        "abbr": "DE-611",
        "name": "Kalliope Verbundkatalog",
        "publisher": "Staatsbibliothek zu Berlin - Preu\u00dfischer Kulturbesitz",
        "icon": "https://kalliope-verbund.info/img/favicon.ico"
      }
    },
    {
      "@id": "https://mmlo.de/Q/GND=118522582",
      "collection": {
        "abbr": "MMLO",
        "name": "Biographisches Lexikon der M\u00fcnzmeister und Wardeine, Stempelschneider und Medailleure",
        "publisher": "Ludwig-Maximilians-Universit\u00e4t M\u00fcnchen - Historisches Seminar - Fr\u00fche Neuzeit",
        "icon": "https://mintmaster.geschichte.lmu.de/favicon.ico"
      }
    },
    {
      "@id": "https://raa.gf-franken.de/de/suche-nach-stammbuechern.html?permaLink=1543_cranach",
      "collection": {
        "abbr": "RAAS",
        "name": "Repertorium Alborum Amicorum (RAA) - Stammb\u00fccher",
        "publisher": "Department Germanistik und Komparatistik der Friedrich-Alexander-Universit\u00e4t Erlangen-N\u00fcrnberg in Zusammenarbeit mit der Gesellschaft f\u00fcr Familienforschung in Franken",
        "icon": "https://www.gf-franken.de/favicon.ico"
      }
    },
    {
      "@id": "https://www.archivportal-d.de/person/gnd/118522582",
      "collection": {
        "abbr": "ARCHIV-D",
        "name": "Archivportal-D",
        "publisher": "Deutsche Digitale Bibliothek",
        "icon": "https://www.archivportal-d.de/favicon.ico"
      }
    },
    {
      "@id": "https://www.deutsche-biographie.de/pnd118522582.html#adbcontent",
      "collection": {
        "abbr": "ADB",
        "name": "Allgemeine Deutsche Biographie (ADB)",
        "publisher": "Historische Kommission bei der Bayerischen Akademie der Wissenschaften und Bayerische Staatsbibliothek",
        "icon": "https://www.deutsche-biographie.de/favicon.ico"
      }
    },
    {
      "@id": "https://www.deutsche-biographie.de/pnd118522582.html#ndbcontent",
      "collection": {
        "abbr": "NDB",
        "name": "Neue Deutsche Biographie (NDB)",
        "publisher": "Historische Kommission bei der Bayerischen Akademie der Wissenschaften und Bayerische Staatsbibliothek",
        "icon": "https://www.deutsche-biographie.de/favicon.ico"
      }
    },
    {
      "@id": "https://www.deutsche-digitale-bibliothek.de/person/gnd/118522582",
      "collection": {
        "abbr": "DDB",
        "name": "Deutsche Digitale Bibliothek",
        "publisher": "Deutsche Digitale Bibliothek",
        "icon": "https://www.deutsche-digitale-bibliothek.de/favicon.ico"
      }
    },
    {
      "@id": "https://www.herder-institut.de/bildkatalog/gnd/118522582",
      "collection": {
        "abbr": "ba-herder",
        "name": "Bildarchiv / Herder-Institut",
        "publisher": "Herder-Institut f\u00fcr historische Ostmitteleuropaforschung \u2013 Institut der Leibniz-Gemeinschaft",
        "icon": "https://www.herder-institut.de/themes/custom/herder-institut/images/favicons/favicon.ico"
      }
    },
    {
      "@id": "https://www.portraitindex.de/dokumente/pnd/118522582",
      "collection": {
        "abbr": "Portraitindex",
        "name": "Digitaler Portraitindex der druckgraphischen Bildnisse der Fru\u0308hen Neuzeit",
        "publisher": "Deutsches Dokumentationszentrum fu\u0308r Kunstgeschichte - Bildarchiv Foto Marburg",
        "icon": "https://www.portraitindex.de/favicon.ico"
      }
    },
    {
      "@id": "http://id.loc.gov/rwo/agents/n50020861",
      "collection": {
        "abbr": "LC",
        "name": "NACO Authority File",
        "publisher": "Library of Congress",
        "icon": "https://www.loc.gov/favicon.ico"
      }
    },
    {
      "@id": "http://viaf.org/viaf/49268177",
      "collection": {
        "abbr": "VIAF",
        "name": "Virtual International Authority File (VIAF)",
        "publisher": "OCLC",
        "icon": "https://viaf.org/viaf/images/viaf.ico"
      }
    },
    {
      "@id": "http://www.wikidata.org/entity/Q191748",
      "collection": {
        "abbr": "WIKIDATA",
        "name": "Wikidata",
        "publisher": "Wikimedia Foundation Inc.",
        "icon": "https://www.wikidata.org/static/favicon/wikidata.ico"
      }
    },
    {
      "@id": "https://isni.org/isni/0000000121319721",
      "collection": {
        "abbr": "ISNI",
        "name": "International Standard Name Identifier (ISNI)",
        "publisher": "International Standard Name Identifier (ISNI)",
        "icon": "https://www.isni.org/sites/default/files/isni_new_favicon.ico"
      }
    }
  ]
}