{
  "@context": "http://hub.culturegraph.org/entityfacts/context/v1/entityfacts.jsonld",
  "@id": "https://d-nb.info/gnd/118517384",
  "describedBy": {
    "valid": "2026-04-26T17:53:38Z",
    "license": "https://creativecommons.org/publicdomain/zero/1.0/",
    "@id": "https://hub.culturegraph.org/entityfacts/118517384"
  },
  "preferredName": "Heinrich Bullinger",
  "surname": "Bullinger",
  "forename": "Heinrich",
  "@type": "person",
  "variantName": [
    "Henricus Bullinger",
    "Heinrych Bullinger",
    "Henri Bulinger",
    "Enrico Bullingero",
    "Enrico Bullinger",
    "Henry Bullinger",
    "Heinrich Bullinger, der A\u0308ltere",
    "Heinrich Bullynger",
    "Heinrich Buellinger",
    "Henricus Bullingerus",
    "Henrycus Bullingerus",
    "Henry Bulinger",
    "Henrik Bullinger",
    "Heinricus Bulingerus",
    "Henry Bullingere",
    "Henry Bulliger",
    "Heinrychus Bullingerus",
    "Heinrychi Bullingeri",
    "Johann Heinrich Bullinger",
    "Heinrich Bullinger",
    "Ha in li hi Bul ling geo",
    "Ha in li hi Bul ling geo",
    "\u1112\u1161\u110b\u1175\u11ab\u1105\u1175\u1112\u1175 \u1107\u116e\u11af\u1105\u1175\u11bc\u1100\u1165",
    "\u1107\u116e\u11af\u1105\u1175\u11bc\u1100\u1165 \u1112\u1161\u110b\u1175\u11ab\u1105\u1175\u1112\u1175"
  ],
  "pseudonym": [
    {
      "preferredName": "Octavius Florens"
    },
    {
      "preferredName": "Alexander Athanasius"
    }
  ],
  "dateOfBirth": "July 18, 1504",
  "dateOfDeath": "September 17, 1575",
  "placeOfBirth": [
    {
      "@id": "https://d-nb.info/gnd/4221673-4",
      "preferredName": "Bremgarten (Aargau)"
    }
  ],
  "placeOfDeath": [
    {
      "@id": "https://d-nb.info/gnd/4068038-1",
      "preferredName": "Zu\u0308rich"
    }
  ],
  "placeOfActivity": [
    {
      "@id": "https://d-nb.info/gnd/4068038-1",
      "preferredName": "Zu\u0308rich"
    }
  ],
  "associatedCountry": [
    {
      "@id": "https://d-nb.info/standards/vocab/gnd/geographic-area-code#XA-CH",
      "preferredName": "Schweiz"
    },
    {
      "@id": "https://d-nb.info/standards/vocab/gnd/geographic-area-code#XA-DE",
      "preferredName": "Deutschland"
    }
  ],
  "professionOrOccupation": [
    {
      "@id": "https://d-nb.info/gnd/4015882-2",
      "preferredName": "Evangelischer Theologe"
    },
    {
      "@id": "https://d-nb.info/gnd/4177347-0",
      "preferredName": "Reformator"
    },
    {
      "@id": "https://d-nb.info/gnd/4130322-2",
      "preferredName": "Prediger"
    },
    {
      "@id": "https://d-nb.info/gnd/4025098-2",
      "preferredName": "Historiker"
    },
    {
      "@id": "https://d-nb.info/gnd/4053309-8",
      "preferredName": "Schriftsteller"
    },
    {
      "@id": "https://d-nb.info/gnd/4140241-8",
      "preferredName": "Dramatiker"
    }
  ],
  "gender": {
    "@id": "https://d-nb.info/standards/vocab/gnd/gender#male",
    "label": "Mann"
  },
  "biographicalOrHistoricalInformation": "Verfasser des Theaterstu\u0308ckes \"Ein schoen Spil von der Geschichte der edlen Ro\u0308merin Lucretiae\", auch bekannt als \"Lucretia und Brutus\"",
  "relatedPerson": [
    {
      "@id": "https://d-nb.info/gnd/124256929",
      "relationship": "VD-16 Mitverf",
      "preferredName": "Melchior Bischoff"
    },
    {
      "@id": "https://d-nb.info/gnd/118829157",
      "relationship": "VD-16 Mitverf",
      "preferredName": "Martin Chemnitz"
    },
    {
      "@id": "https://d-nb.info/gnd/1090348282",
      "relationship": "VD-16 Mitverf",
      "preferredName": "Petrus Cholinus"
    },
    {
      "relationship": "VD-16 Mitverf",
      "preferredName": "Johannes Gast"
    },
    {
      "@id": "https://d-nb.info/gnd/119689561",
      "relationship": "VD-16 Mitverf",
      "preferredName": "Jakob Gottfried"
    },
    {
      "@id": "https://d-nb.info/gnd/119697572",
      "relationship": "VD-16 Mitverf",
      "preferredName": "Johannes Haller"
    },
    {
      "@id": "https://d-nb.info/gnd/100177050",
      "relationship": "VD-16 Mitverf",
      "preferredName": "Diethelm Keller"
    },
    {
      "@id": "https://d-nb.info/gnd/118585517",
      "relationship": "VD-16 Mitverf",
      "preferredName": "Sebastian Mu\u0308nster"
    },
    {
      "@id": "https://d-nb.info/gnd/119773791",
      "relationship": "VD-16 Mitverf",
      "preferredName": "Gerardus Nicolaas"
    },
    {
      "@id": "https://d-nb.info/gnd/1061160521",
      "preferredName": "Anna Reinhart"
    },
    {
      "relationship": "VD-16 Mitverf",
      "preferredName": "Josias Simler"
    },
    {
      "@id": "https://d-nb.info/gnd/1082451959",
      "relationship": "Absender von 3 Briefen",
      "preferredName": "Jan Utenhove"
    }
  ],
  "familialRelationship": [
    {
      "@id": "https://d-nb.info/gnd/1058096222",
      "relationship": "Vater",
      "preferredName": "Heinrich Bullinger"
    },
    {
      "@id": "https://d-nb.info/gnd/1057658944",
      "relationship": "Bruder",
      "preferredName": "Johannes Reinhard Bullinger"
    },
    {
      "@id": "https://d-nb.info/gnd/123621534",
      "relationship": "Sohn",
      "preferredName": "Heinrich Bullinger"
    },
    {
      "@id": "https://d-nb.info/gnd/100182747",
      "relationship": "Schwiegersohn",
      "preferredName": "Ludwig Lavater"
    }
  ],
  "depiction": {
    "@id": "https://commons.wikimedia.org/wiki/Special:FilePath/Heinrich%20Bullinger.jpg",
    "publisher": "Wikimedia Commons",
    "copyrighted": "false",
    "creator": [
      "Hans Asper"
    ],
    "creditText": [
      "http://opac.nebis.ch/F/PE9R6CBIB2YMNGCQ1TP95EGANHC49I9UBC7DA5UL8R5S75S3IA-00536?func=full-set-set&amp;set_number=053519&amp;set_entry=000003&amp;format=999"
    ],
    "license": [
      {
        "@id": "https://creativecommons.org/publicdomain/mark/1.0/",
        "abbr": "PD",
        "name": "Public Domain",
        "attributionRequired": "false",
        "restrictions": ""
      }
    ],
    "url": "https://commons.wikimedia.org/wiki/File:Heinrich%20Bullinger.jpg?uselang=en",
    "thumbnail": {
      "@id": "https://commons.wikimedia.org/wiki/Special:FilePath/Heinrich%20Bullinger.jpg?width=270"
    }
  },
  "sameAs": [
    {
      "@id": "https://d-nb.info/gnd/118517384/about",
      "collection": {
        "abbr": "DNB",
        "name": "Gemeinsame Normdatei (GND) im Katalog der Deutschen Nationalbibliothek",
        "publisher": "Deutsche Nationalbibliothek",
        "icon": "https://www.dnb.de/SiteGlobals/Frontend/DNBWeb/Images/favicon.png?__blob=normal&v=4"
      }
    },
    {
      "@id": "http://catalogue.bnf.fr/ark:/12148/cb12029437g",
      "collection": {
        "abbr": "BNF",
        "name": "Bibliothe\u0300que nationale de France",
        "publisher": "Bibliothe\u0300que nationale de France",
        "icon": "https://www.bnf.fr/themes/custom/bnfsi/favicon.ico"
      }
    },
    {
      "@id": "http://www.hls-dhs-dss.ch/textes/d/D10443.php",
      "collection": {
        "abbr": "CH_HLS",
        "name": "Historisches Lexikon der Schweiz (HLS)",
        "publisher": "Historisches Lexikon der Schweiz (HLS)",
        "icon": "https://www.hls-dhs-dss.ch/favicon.ico"
      }
    },
    {
      "@id": "https://de.wikipedia.org/wiki/Heinrich_Bullinger",
      "collection": {
        "abbr": "dewiki",
        "name": "Wikipedia (Deutsch)",
        "publisher": "Wikimedia Foundation Inc.",
        "icon": "https://de.wikipedia.org/static/favicon/wikipedia.ico"
      }
    },
    {
      "@id": "https://en.wikipedia.org/wiki/Heinrich_Bullinger",
      "collection": {
        "abbr": "enwiki",
        "name": "Wikipedia (English)",
        "publisher": "Wikimedia Foundation Inc.",
        "icon": "https://en.wikipedia.org/static/favicon/wikipedia.ico"
      }
    },
    {
      "@id": "https://kalliope-verbund.info/gnd/118517384",
      "collection": {
        "abbr": "DE-611",
        "name": "Kalliope Verbundkatalog",
        "publisher": "Staatsbibliothek zu Berlin - Preu\u00dfischer Kulturbesitz",
        "icon": "https://kalliope-verbund.info/img/favicon.ico"
      }
    },
    {
      "@id": "https://raa.gf-franken.de/de/suche-nach-stammbucheintraegen.html?permaLink=1545_senarclens;11",
      "collection": {
        "abbr": "RAAE",
        "name": "Repertorium Alborum Amicorum (RAA) - Stammbucheintr\u00e4ge",
        "publisher": "Department Germanistik und Komparatistik der Friedrich-Alexander-Universit\u00e4t Erlangen-N\u00fcrnberg in Zusammenarbeit mit der Gesellschaft f\u00fcr Familienforschung in Franken",
        "icon": "https://www.gf-franken.de/favicon.ico"
      }
    },
    {
      "@id": "https://www.archivportal-d.de/person/gnd/118517384",
      "collection": {
        "abbr": "ARCHIV-D",
        "name": "Archivportal-D",
        "publisher": "Deutsche Digitale Bibliothek",
        "icon": "https://www.archivportal-d.de/favicon.ico"
      }
    },
    {
      "@id": "https://www.deutsche-biographie.de/pnd118517384.html#adbcontent",
      "collection": {
        "abbr": "ADB",
        "name": "Allgemeine Deutsche Biographie (ADB)",
        "publisher": "Historische Kommission bei der Bayerischen Akademie der Wissenschaften und Bayerische Staatsbibliothek",
        "icon": "https://www.deutsche-biographie.de/favicon.ico"
      }
    },
    {
      "@id": "https://www.deutsche-biographie.de/pnd118517384.html#ndbcontent",
      "collection": {
        "abbr": "NDB",
        "name": "Neue Deutsche Biographie (NDB)",
        "publisher": "Historische Kommission bei der Bayerischen Akademie der Wissenschaften und Bayerische Staatsbibliothek",
        "icon": "https://www.deutsche-biographie.de/favicon.ico"
      }
    },
    {
      "@id": "https://www.deutsche-digitale-bibliothek.de/person/gnd/118517384",
      "collection": {
        "abbr": "DDB",
        "name": "Deutsche Digitale Bibliothek",
        "publisher": "Deutsche Digitale Bibliothek",
        "icon": "https://www.deutsche-digitale-bibliothek.de/favicon.ico"
      }
    },
    {
      "@id": "https://www.portraitindex.de/dokumente/pnd/118517384",
      "collection": {
        "abbr": "Portraitindex",
        "name": "Digitaler Portraitindex der druckgraphischen Bildnisse der Fru\u0308hen Neuzeit",
        "publisher": "Deutsches Dokumentationszentrum fu\u0308r Kunstgeschichte - Bildarchiv Foto Marburg",
        "icon": "https://www.portraitindex.de/favicon.ico"
      }
    },
    {
      "@id": "http://id.loc.gov/rwo/agents/n80045117",
      "collection": {
        "abbr": "LC",
        "name": "NACO Authority File",
        "publisher": "Library of Congress",
        "icon": "https://www.loc.gov/favicon.ico"
      }
    },
    {
      "@id": "http://viaf.org/viaf/56624475",
      "collection": {
        "abbr": "VIAF",
        "name": "Virtual International Authority File (VIAF)",
        "publisher": "OCLC",
        "icon": "https://viaf.org/viaf/images/viaf.ico"
      }
    },
    {
      "@id": "http://www.wikidata.org/entity/Q123839",
      "collection": {
        "abbr": "WIKIDATA",
        "name": "Wikidata",
        "publisher": "Wikimedia Foundation Inc.",
        "icon": "https://www.wikidata.org/static/favicon/wikidata.ico"
      }
    },
    {
      "@id": "https://isni.org/isni/0000000109036374",
      "collection": {
        "abbr": "ISNI",
        "name": "International Standard Name Identifier (ISNI)",
        "publisher": "International Standard Name Identifier (ISNI)",
        "icon": "https://www.isni.org/sites/default/files/isni_new_favicon.ico"
      }
    }
  ]
}