{
  "@context": "http://hub.culturegraph.org/entityfacts/context/v1/entityfacts.jsonld",
  "@id": "https://d-nb.info/gnd/118502573",
  "describedBy": {
    "valid": "2026-05-02T00:32:41Z",
    "license": "https://creativecommons.org/publicdomain/zero/1.0/",
    "@id": "https://hub.culturegraph.org/entityfacts/118502573"
  },
  "preferredName": "Jost Amman",
  "surname": "Amman",
  "forename": "Jost",
  "@type": "person",
  "variantName": [
    "Horst Amman",
    "Joducus Amman",
    "Yo\u0304suto Aman",
    "Jo\u00df Amman",
    "Jobst Ammann",
    "Jobst Amann",
    "Jos. Aman",
    "Jodocus Amann",
    "Jodocus Amannus",
    "Jodocus Ammannus",
    "Justus Amannus",
    "J. Amman",
    "I.A.",
    "Iustus Amman",
    "Justus Amman",
    "Judocus Ammannus",
    "Jost Ammann",
    "Jodokus Amman",
    "Iodocus Amanus",
    "Jodocus Amman",
    "Iustus Amann",
    "Justus Amann",
    "Jost Ammen",
    "Jos Aman",
    "Jodocus Amanus",
    "Jobst Amman",
    "Jost Amann",
    "Jost Ammon",
    "Jodocus Ammann"
  ],
  "dateOfBirth": "June 13, 1539",
  "dateOfDeath": "March 17, 1591",
  "placeOfBirth": [
    {
      "@id": "https://d-nb.info/gnd/4068038-1",
      "preferredName": "Zu\u0308rich"
    }
  ],
  "placeOfDeath": [
    {
      "@id": "https://d-nb.info/gnd/4042742-0",
      "preferredName": "Nu\u0308rnberg"
    }
  ],
  "associatedCountry": [
    {
      "@id": "https://d-nb.info/standards/vocab/gnd/geographic-area-code#XA-CH",
      "preferredName": "Schweiz"
    }
  ],
  "professionOrOccupation": [
    {
      "@id": "https://d-nb.info/gnd/4033423-5",
      "preferredName": "Ku\u0308nstler"
    },
    {
      "@id": "https://d-nb.info/gnd/4200345-3",
      "preferredName": "Zeichner"
    },
    {
      "@id": "https://d-nb.info/gnd/4176793-7",
      "preferredName": "Radierer"
    },
    {
      "@id": "https://d-nb.info/gnd/4160532-9",
      "preferredName": "Holzschneider"
    },
    {
      "@id": "https://d-nb.info/gnd/4037215-7",
      "preferredName": "Maler"
    },
    {
      "@id": "https://d-nb.info/gnd/4398814-3",
      "preferredName": "Buchku\u0308nstler"
    }
  ],
  "gender": {
    "@id": "https://d-nb.info/standards/vocab/gnd/gender#male",
    "label": "Mann"
  },
  "biographicalOrHistoricalInformation": "Schweizer Maler, Kupferstecher, Holzschneider, Formschneider, Radierer",
  "relatedPerson": [
    {
      "relationship": "VD-16 Mitverf.",
      "preferredName": "Leonhard Fronsperger"
    },
    {
      "@id": "https://d-nb.info/gnd/118575449",
      "relationship": "VD-16 Mitverf.",
      "preferredName": "Martin Luther"
    },
    {
      "@id": "https://d-nb.info/gnd/11850522X",
      "relationship": "VD-16 Mitverf.",
      "preferredName": "Johannes Aventinus"
    },
    {
      "@id": "https://d-nb.info/gnd/128619147",
      "relationship": "VD-16 Mitverf.",
      "preferredName": "Adam von Bodenstein"
    },
    {
      "@id": "https://d-nb.info/gnd/11859169X",
      "relationship": "VD-16 Mitverf.",
      "preferredName": "Paracelsus"
    },
    {
      "relationship": "VD-16 Mitverf.",
      "preferredName": "Johan Adam Lonicer"
    },
    {
      "@id": "https://d-nb.info/gnd/118683527",
      "relationship": "VD-16 Mitverf.",
      "preferredName": "Sigmund Feyerabend"
    },
    {
      "relationship": "VD-16 Mitverf.",
      "preferredName": "Peter Geduldig"
    },
    {
      "relationship": "VD-16 Mitverf.",
      "preferredName": "Konrad Wei\u00df"
    },
    {
      "relationship": "VD-16 Mitverf.",
      "preferredName": "Hartmann Schopper"
    },
    {
      "@id": "https://d-nb.info/gnd/129286931",
      "relationship": "VD-16 Mitverf.",
      "preferredName": "Georg Schaller"
    },
    {
      "relationship": "VD-16 Mitverf.",
      "preferredName": "Giovanni Darcio"
    },
    {
      "@id": "https://d-nb.info/gnd/11855686X",
      "relationship": "VD-16 Mitverf.",
      "preferredName": "Wenzel Jamnitzer"
    }
  ],
  "depiction": {
    "@id": "https://commons.wikimedia.org/wiki/Special:FilePath/Jost%20Amman.jpg",
    "publisher": "Wikimedia Commons",
    "copyrighted": "false",
    "creator": [
      "Unknown authorUnknown author"
    ],
    "creditText": [
      "Johann Kaspar F\u00fcssli: Geschichte der besten K\u00fcnstler in der Schweitz. Band 1. Orell, Z\u00fcrich 1769."
    ],
    "license": [
      {
        "@id": "https://creativecommons.org/publicdomain/mark/1.0/",
        "abbr": "PD",
        "name": "Public Domain",
        "attributionRequired": "false",
        "restrictions": ""
      }
    ],
    "url": "https://commons.wikimedia.org/wiki/File:Jost%20Amman.jpg?uselang=en",
    "thumbnail": {
      "@id": "https://commons.wikimedia.org/wiki/Special:FilePath/Jost%20Amman.jpg?width=270"
    }
  },
  "sameAs": [
    {
      "@id": "https://d-nb.info/gnd/118502573/about",
      "collection": {
        "abbr": "DNB",
        "name": "Gemeinsame Normdatei (GND) im Katalog der Deutschen Nationalbibliothek",
        "publisher": "Deutsche Nationalbibliothek",
        "icon": "https://www.dnb.de/SiteGlobals/Frontend/DNBWeb/Images/favicon.png?__blob=normal&v=4"
      }
    },
    {
      "@id": "http://www.hls-dhs-dss.ch/textes/d/D19080.php",
      "collection": {
        "abbr": "CH_HLS",
        "name": "Historisches Lexikon der Schweiz (HLS)",
        "publisher": "Historisches Lexikon der Schweiz (HLS)",
        "icon": "https://www.hls-dhs-dss.ch/favicon.ico"
      }
    },
    {
      "@id": "https://bmlo.de/Q/GND=118502573",
      "collection": {
        "abbr": "DE-M512",
        "name": "Bayerisches Musiker-Lexikon Online",
        "publisher": "Bayerisches Musiker-Lexikon Online",
        "icon": "https://bmlo.de/x/pic/favicon.gif"
      }
    },
    {
      "@id": "https://de.wikipedia.org/wiki/Jost_Amman",
      "collection": {
        "abbr": "dewiki",
        "name": "Wikipedia (Deutsch)",
        "publisher": "Wikimedia Foundation Inc.",
        "icon": "https://de.wikipedia.org/static/favicon/wikipedia.ico"
      }
    },
    {
      "@id": "https://de.wikisource.org/wiki/Jost_Amman",
      "collection": {
        "abbr": "WIKISOURCE",
        "name": "Wikisource",
        "publisher": "Wikimedia Foundation Inc.",
        "icon": "https://wikisource.org/static/favicon/wikisource.ico"
      }
    },
    {
      "@id": "https://en.wikipedia.org/wiki/Jost_Amman",
      "collection": {
        "abbr": "enwiki",
        "name": "Wikipedia (English)",
        "publisher": "Wikimedia Foundation Inc.",
        "icon": "https://en.wikipedia.org/static/favicon/wikipedia.ico"
      }
    },
    {
      "@id": "https://frankfurter-personenlexikon.de/beacon/beacon.php?118502573",
      "collection": {
        "abbr": "FFMPL",
        "name": "Frankfurter Personenlexikon",
        "publisher": "Frankfurter Bu\u0308rgerstiftung im Holzhausenschlo\u0308sschen"
      }
    },
    {
      "@id": "https://kalliope-verbund.info/gnd/118502573",
      "collection": {
        "abbr": "DE-611",
        "name": "Kalliope Verbundkatalog",
        "publisher": "Staatsbibliothek zu Berlin - Preu\u00dfischer Kulturbesitz",
        "icon": "https://kalliope-verbund.info/img/favicon.ico"
      }
    },
    {
      "@id": "https://www.archivportal-d.de/person/gnd/118502573",
      "collection": {
        "abbr": "ARCHIV-D",
        "name": "Archivportal-D",
        "publisher": "Deutsche Digitale Bibliothek",
        "icon": "https://www.archivportal-d.de/favicon.ico"
      }
    },
    {
      "@id": "https://www.deutsche-biographie.de/pnd118502573.html#adbcontent",
      "collection": {
        "abbr": "ADB",
        "name": "Allgemeine Deutsche Biographie (ADB)",
        "publisher": "Historische Kommission bei der Bayerischen Akademie der Wissenschaften und Bayerische Staatsbibliothek",
        "icon": "https://www.deutsche-biographie.de/favicon.ico"
      }
    },
    {
      "@id": "https://www.deutsche-biographie.de/pnd118502573.html#ndbcontent",
      "collection": {
        "abbr": "NDB",
        "name": "Neue Deutsche Biographie (NDB)",
        "publisher": "Historische Kommission bei der Bayerischen Akademie der Wissenschaften und Bayerische Staatsbibliothek",
        "icon": "https://www.deutsche-biographie.de/favicon.ico"
      }
    },
    {
      "@id": "https://www.deutsche-digitale-bibliothek.de/person/gnd/118502573",
      "collection": {
        "abbr": "DDB",
        "name": "Deutsche Digitale Bibliothek",
        "publisher": "Deutsche Digitale Bibliothek",
        "icon": "https://www.deutsche-digitale-bibliothek.de/favicon.ico"
      }
    },
    {
      "@id": "https://www.lagis-hessen.de/pnd/118502573",
      "collection": {
        "abbr": "LAGIS",
        "name": "Hessische Biografie",
        "publisher": "Hessisches Landesamt fu\u0308r geschichtliche Landeskunde",
        "icon": "https://www.lagis-hessen.de/favicon.ico"
      }
    },
    {
      "@id": "https://www.portraitindex.de/dokumente/pnd/118502573",
      "collection": {
        "abbr": "Portraitindex",
        "name": "Digitaler Portraitindex der druckgraphischen Bildnisse der Fru\u0308hen Neuzeit",
        "publisher": "Deutsches Dokumentationszentrum fu\u0308r Kunstgeschichte - Bildarchiv Foto Marburg",
        "icon": "https://www.portraitindex.de/favicon.ico"
      }
    },
    {
      "@id": "http://id.loc.gov/rwo/agents/n50021592",
      "collection": {
        "abbr": "LC",
        "name": "NACO Authority File",
        "publisher": "Library of Congress",
        "icon": "https://www.loc.gov/favicon.ico"
      }
    },
    {
      "@id": "http://viaf.org/viaf/32038452",
      "collection": {
        "abbr": "VIAF",
        "name": "Virtual International Authority File (VIAF)",
        "publisher": "OCLC",
        "icon": "https://viaf.org/viaf/images/viaf.ico"
      }
    },
    {
      "@id": "http://www.wikidata.org/entity/Q116240",
      "collection": {
        "abbr": "WIKIDATA",
        "name": "Wikidata",
        "publisher": "Wikimedia Foundation Inc.",
        "icon": "https://www.wikidata.org/static/favicon/wikidata.ico"
      }
    },
    {
      "@id": "https://isni.org/isni/0000000108848733",
      "collection": {
        "abbr": "ISNI",
        "name": "International Standard Name Identifier (ISNI)",
        "publisher": "International Standard Name Identifier (ISNI)",
        "icon": "https://www.isni.org/sites/default/files/isni_new_favicon.ico"
      }
    }
  ]
}