{
  "@context": "http://hub.culturegraph.org/entityfacts/context/v1/entityfacts.jsonld",
  "@id": "https://d-nb.info/gnd/118501615",
  "describedBy": {
    "valid": "2026-05-03T14:53:56Z",
    "license": "https://creativecommons.org/publicdomain/zero/1.0/",
    "@id": "https://hub.culturegraph.org/entityfacts/118501615"
  },
  "preferredName": "Albrecht II., Heiliges Ro\u0308misches Reich, Ko\u0308nig",
  "surname": "Albrecht II., Heiliges Ro\u0308misches Reich, Ko\u0308nig",
  "@type": "person",
  "titleOfNobility": [
    "Ko\u0308nig"
  ],
  "variantName": [
    "Albertus II., Heiliges Ro\u0308misches Reich, Ko\u0308nig",
    "Albrecht II., Deutschland, Ko\u0308nig",
    "Albrecht, von Habsburg",
    "Albrecht Habsbursky\u0301 II.",
    "Albrecht V., O\u0308sterreich, Herzog",
    "Albertus, Bohemia, Rex",
    "Albrecht, Bo\u0308hmen, Ko\u0308nig",
    "Albrecht, C\u030cesko, Kra\u0301l",
    "Albreht, Hrvatska, Kralj",
    "Albert, Magyarorsza\u0301g, Kira\u0301ly",
    "Albrecht, Ungarn, Ko\u0308nig",
    "Albrecht II., (HRR)"
  ],
  "dateOfBirth": "August 16, 1397",
  "dateOfDeath": "October 27, 1439",
  "placeOfBirth": [
    {
      "@id": "https://d-nb.info/gnd/4066009-6",
      "preferredName": "Wien"
    }
  ],
  "placeOfDeath": [
    {
      "preferredName": "Neszme\u0301ly"
    }
  ],
  "associatedCountry": [
    {
      "@id": "https://d-nb.info/standards/vocab/gnd/geographic-area-code#XA-DE",
      "preferredName": "Deutschland"
    },
    {
      "@id": "https://d-nb.info/standards/vocab/gnd/geographic-area-code#XA-AT",
      "preferredName": "\u00d6sterreich"
    }
  ],
  "gender": {
    "@id": "https://d-nb.info/standards/vocab/gnd/gender#male",
    "label": "Mann"
  },
  "biographicalOrHistoricalInformation": "Ro\u0308m.-dt. Ko\u0308nig; Herzog v. O\u0308sterreich; Ko\u0308nig von Ungarn, Kroatien u. Bo\u0308hmen. 1437 Ko\u0308nig von Ungarn und Bo\u0308hmen, 1438 Wahl zum dt. Ko\u0308nig, starb ungekro\u0308nt",
  "familialRelationship": [
    {
      "@id": "https://d-nb.info/gnd/136818862",
      "relationship": "Vater",
      "preferredName": "Albrecht IV., O\u0308sterreich, Herzog"
    },
    {
      "@id": "https://d-nb.info/gnd/136846505",
      "relationship": "Ehefrau",
      "preferredName": "Elisabeth, Heiliges Ro\u0308misches Reich, Ko\u0308nigin"
    },
    {
      "@id": "https://d-nb.info/gnd/139145265",
      "relationship": "Tochter",
      "preferredName": "Anna, Sachsen, Herzogin"
    },
    {
      "@id": "https://d-nb.info/gnd/123396980",
      "preferredName": "Elz\u0307bieta, Polen, Ko\u0308nigin"
    },
    {
      "@id": "https://d-nb.info/gnd/118725866",
      "relationship": "Sohn",
      "preferredName": "Ladislaus V., Ungarn, Ko\u0308nig"
    }
  ],
  "depiction": {
    "@id": "https://commons.wikimedia.org/wiki/Special:FilePath/Albrecht%20II.%20von%20Habsburg.jpg",
    "publisher": "Wikimedia Commons",
    "copyrighted": "false",
    "creator": [
      "anonymous"
    ],
    "creditText": [
      "Kunsthistorisches Museum Wien, Bilddatenbank."
    ],
    "license": [
      {
        "@id": "https://creativecommons.org/publicdomain/mark/1.0/",
        "abbr": "PD",
        "name": "Public Domain",
        "attributionRequired": "false",
        "restrictions": ""
      }
    ],
    "url": "https://commons.wikimedia.org/wiki/File:Albrecht%20II.%20von%20Habsburg.jpg?uselang=en",
    "thumbnail": {
      "@id": "https://commons.wikimedia.org/wiki/Special:FilePath/Albrecht%20II.%20von%20Habsburg.jpg?width=270"
    }
  },
  "sameAs": [
    {
      "@id": "https://d-nb.info/gnd/118501615/about",
      "collection": {
        "abbr": "DNB",
        "name": "Gemeinsame Normdatei (GND) im Katalog der Deutschen Nationalbibliothek",
        "publisher": "Deutsche Nationalbibliothek",
        "icon": "https://www.dnb.de/SiteGlobals/Frontend/DNBWeb/Images/favicon.png?__blob=normal&v=4"
      }
    },
    {
      "@id": "https://de.wikipedia.org/wiki/Albrecht_II._%28HRR%29",
      "collection": {
        "abbr": "dewiki",
        "name": "Wikipedia (Deutsch)",
        "publisher": "Wikimedia Foundation Inc.",
        "icon": "https://de.wikipedia.org/static/favicon/wikipedia.ico"
      }
    },
    {
      "@id": "https://en.wikipedia.org/wiki/Albert_II_of_Germany",
      "collection": {
        "abbr": "enwiki",
        "name": "Wikipedia (English)",
        "publisher": "Wikimedia Foundation Inc.",
        "icon": "https://en.wikipedia.org/static/favicon/wikipedia.ico"
      }
    },
    {
      "@id": "https://kaiserhof.geschichte.lmu.de/Q/GND=118501615",
      "collection": {
        "abbr": "KH",
        "name": "Kaiser und H\u00f6fe",
        "publisher": "Ludwig-Maximilians-Universit\u00e4t M\u00fcnchen - Historisches Seminar - Fr\u00fche Neuzeit",
        "icon": "https://kaiserhof.geschichte.lmu.de/favicon.ico"
      }
    },
    {
      "@id": "https://www.archivportal-d.de/person/gnd/118501615",
      "collection": {
        "abbr": "ARCHIV-D",
        "name": "Archivportal-D",
        "publisher": "Deutsche Digitale Bibliothek",
        "icon": "https://www.archivportal-d.de/favicon.ico"
      }
    },
    {
      "@id": "https://www.deutsche-biographie.de/pnd118501615.html#adbcontent",
      "collection": {
        "abbr": "ADB",
        "name": "Allgemeine Deutsche Biographie (ADB)",
        "publisher": "Historische Kommission bei der Bayerischen Akademie der Wissenschaften und Bayerische Staatsbibliothek",
        "icon": "https://www.deutsche-biographie.de/favicon.ico"
      }
    },
    {
      "@id": "https://www.deutsche-biographie.de/pnd118501615.html#ndbcontent",
      "collection": {
        "abbr": "NDB",
        "name": "Neue Deutsche Biographie (NDB)",
        "publisher": "Historische Kommission bei der Bayerischen Akademie der Wissenschaften und Bayerische Staatsbibliothek",
        "icon": "https://www.deutsche-biographie.de/favicon.ico"
      }
    },
    {
      "@id": "https://www.deutsche-digitale-bibliothek.de/person/gnd/118501615",
      "collection": {
        "abbr": "DDB",
        "name": "Deutsche Digitale Bibliothek",
        "publisher": "Deutsche Digitale Bibliothek",
        "icon": "https://www.deutsche-digitale-bibliothek.de/favicon.ico"
      }
    },
    {
      "@id": "https://www.herder-institut.de/bildkatalog/gnd/118501615",
      "collection": {
        "abbr": "ba-herder",
        "name": "Bildarchiv / Herder-Institut",
        "publisher": "Herder-Institut f\u00fcr historische Ostmitteleuropaforschung \u2013 Institut der Leibniz-Gemeinschaft",
        "icon": "https://www.herder-institut.de/themes/custom/herder-institut/images/favicons/favicon.ico"
      }
    },
    {
      "@id": "https://www.portraitindex.de/dokumente/pnd/118501615",
      "collection": {
        "abbr": "Portraitindex",
        "name": "Digitaler Portraitindex der druckgraphischen Bildnisse der Fru\u0308hen Neuzeit",
        "publisher": "Deutsches Dokumentationszentrum fu\u0308r Kunstgeschichte - Bildarchiv Foto Marburg",
        "icon": "https://www.portraitindex.de/favicon.ico"
      }
    },
    {
      "@id": "http://id.loc.gov/rwo/agents/n91113212",
      "collection": {
        "abbr": "LC",
        "name": "NACO Authority File",
        "publisher": "Library of Congress",
        "icon": "https://www.loc.gov/favicon.ico"
      }
    },
    {
      "@id": "http://viaf.org/viaf/20471058",
      "collection": {
        "abbr": "VIAF",
        "name": "Virtual International Authority File (VIAF)",
        "publisher": "OCLC",
        "icon": "https://viaf.org/viaf/images/viaf.ico"
      }
    },
    {
      "@id": "http://www.wikidata.org/entity/Q157112",
      "collection": {
        "abbr": "WIKIDATA",
        "name": "Wikidata",
        "publisher": "Wikimedia Foundation Inc.",
        "icon": "https://www.wikidata.org/static/favicon/wikidata.ico"
      }
    },
    {
      "@id": "https://isni.org/isni/0000000061272983",
      "collection": {
        "abbr": "ISNI",
        "name": "International Standard Name Identifier (ISNI)",
        "publisher": "International Standard Name Identifier (ISNI)",
        "icon": "https://www.isni.org/sites/default/files/isni_new_favicon.ico"
      }
    }
  ]
}