{
  "@context": "http://hub.culturegraph.org/entityfacts/context/v1/entityfacts.jsonld",
  "@id": "https://d-nb.info/gnd/118174657",
  "describedBy": {
    "valid": "2026-04-27T03:27:10Z",
    "license": "https://creativecommons.org/publicdomain/zero/1.0/",
    "@id": "https://hub.culturegraph.org/entityfacts/118174657"
  },
  "preferredName": "Melchior Gerlach",
  "surname": "Gerlach",
  "forename": "Melchior",
  "@type": "person",
  "academicDegree": [
    "Magister"
  ],
  "variantName": [
    "Melchiorus Gerlachius",
    "Melchior Gerlachius"
  ],
  "dateOfBirth": "May 22, 1562",
  "dateOfDeath": "February 14, 1616",
  "placeOfBirth": [
    {
      "@id": "https://d-nb.info/gnd/4333557-3",
      "preferredName": "Z\u0307ary"
    }
  ],
  "placeOfDeath": [
    {
      "@id": "https://d-nb.info/gnd/4067897-0",
      "preferredName": "Zittau"
    }
  ],
  "placeOfActivity": [
    {
      "@id": "https://d-nb.info/gnd/4008252-0",
      "preferredName": "Brieg"
    },
    {
      "@id": "https://d-nb.info/gnd/4004968-1",
      "preferredName": "Bautzen"
    },
    {
      "@id": "https://d-nb.info/gnd/4067897-0",
      "preferredName": "Zittau"
    }
  ],
  "associatedCountry": [
    {
      "@id": "https://d-nb.info/standards/vocab/gnd/geographic-area-code#XA-DE",
      "preferredName": "Deutschland"
    }
  ],
  "professionOrOccupation": [
    {
      "@id": "https://d-nb.info/gnd/4158589-6",
      "preferredName": "Gymnasiallehrer"
    },
    {
      "@id": "https://d-nb.info/gnd/4199252-0",
      "preferredName": "Rektor"
    },
    {
      "@id": "https://d-nb.info/gnd/4025098-2",
      "preferredName": "Historiker"
    }
  ],
  "biographicalOrHistoricalInformation": "Dt. Pa\u0308dagoge; Sohn des Superintendenten Melchior Gerlach in Sorau; 1581 Student in Wittenberg (1583 Magister) und Leipzig; 1585 Dozent am Gymnasium Brieg; 1592 Schulrektor in Bautzen; 1601 Poeta laureatus; 1602 Schulrektor in Zittau ; Zittau",
  "relatedPerson": [
    {
      "relationship": "VD-16 Mitverf.",
      "preferredName": "Matthias Dresser"
    },
    {
      "relationship": "VD-16 Mitverf.",
      "preferredName": "Martin Henrici"
    },
    {
      "@id": "https://d-nb.info/gnd/119820374",
      "relationship": "VD-16 Mitverf.",
      "preferredName": "Joachim Schlegel"
    },
    {
      "@id": "https://d-nb.info/gnd/118520814",
      "relationship": "VD-16 Mitverf.",
      "preferredName": "Marcus Tullius Cicero"
    },
    {
      "@id": "https://d-nb.info/gnd/121054586",
      "relationship": "VD-16 Mitverf.",
      "preferredName": "Melchior Severus"
    },
    {
      "@id": "https://d-nb.info/gnd/11566114X",
      "relationship": "VD-16 Mitverf.",
      "preferredName": "Friedrich Fischer"
    },
    {
      "@id": "https://d-nb.info/gnd/119652250",
      "relationship": "VD-16 Mitverf.",
      "preferredName": "Miha\u0301ly Debreczeni"
    },
    {
      "@id": "https://d-nb.info/gnd/119609479",
      "relationship": "VD-16 Mitverf.",
      "preferredName": "Heinrich Arnoldus"
    },
    {
      "@id": "https://d-nb.info/gnd/119754495",
      "relationship": "VD-16 Mitverf.",
      "preferredName": "Christoph Martini"
    },
    {
      "@id": "https://d-nb.info/gnd/119675447",
      "relationship": "VD-16 Mitverf.",
      "preferredName": "Joachim Franke"
    }
  ],
  "familialRelationship": [
    {
      "@id": "https://d-nb.info/gnd/128649615",
      "relationship": "Sohn",
      "preferredName": "Melchior Gerlach"
    }
  ],
  "sameAs": [
    {
      "@id": "https://d-nb.info/gnd/118174657/about",
      "collection": {
        "abbr": "DNB",
        "name": "Gemeinsame Normdatei (GND) im Katalog der Deutschen Nationalbibliothek",
        "publisher": "Deutsche Nationalbibliothek",
        "icon": "https://www.dnb.de/SiteGlobals/Frontend/DNBWeb/Images/favicon.png?__blob=normal&v=4"
      }
    },
    {
      "@id": "https://raa.gf-franken.de/de/suche-nach-stammbucheintraegen.html?permaLink=1590_naborowski;30",
      "collection": {
        "abbr": "RAAE",
        "name": "Repertorium Alborum Amicorum (RAA) - Stammbucheintr\u00e4ge",
        "publisher": "Department Germanistik und Komparatistik der Friedrich-Alexander-Universit\u00e4t Erlangen-N\u00fcrnberg in Zusammenarbeit mit der Gesellschaft f\u00fcr Familienforschung in Franken",
        "icon": "https://www.gf-franken.de/favicon.ico"
      }
    },
    {
      "@id": "https://www.deutsche-digitale-bibliothek.de/person/gnd/118174657",
      "collection": {
        "abbr": "DDB",
        "name": "Deutsche Digitale Bibliothek",
        "publisher": "Deutsche Digitale Bibliothek",
        "icon": "https://www.deutsche-digitale-bibliothek.de/favicon.ico"
      }
    },
    {
      "@id": "http://id.loc.gov/rwo/agents/n2021023190",
      "collection": {
        "abbr": "LC",
        "name": "NACO Authority File",
        "publisher": "Library of Congress",
        "icon": "https://www.loc.gov/favicon.ico"
      }
    },
    {
      "@id": "http://viaf.org/viaf/42627802",
      "collection": {
        "abbr": "VIAF",
        "name": "Virtual International Authority File (VIAF)",
        "publisher": "OCLC",
        "icon": "https://viaf.org/viaf/images/viaf.ico"
      }
    },
    {
      "@id": "http://www.wikidata.org/entity/Q110224863",
      "collection": {
        "abbr": "WIKIDATA",
        "name": "Wikidata",
        "publisher": "Wikimedia Foundation Inc.",
        "icon": "https://www.wikidata.org/static/favicon/wikidata.ico"
      }
    },
    {
      "@id": "https://isni.org/isni/0000000083769704",
      "collection": {
        "abbr": "ISNI",
        "name": "International Standard Name Identifier (ISNI)",
        "publisher": "International Standard Name Identifier (ISNI)",
        "icon": "https://www.isni.org/sites/default/files/isni_new_favicon.ico"
      }
    }
  ]
}