{
  "@context": "http://hub.culturegraph.org/entityfacts/context/v1/entityfacts.jsonld",
  "@id": "https://d-nb.info/gnd/117677337",
  "describedBy": {
    "valid": "2026-04-29T12:25:36Z",
    "license": "https://creativecommons.org/publicdomain/zero/1.0/",
    "@id": "https://hub.culturegraph.org/entityfacts/117677337"
  },
  "preferredName": "Johann Sigismund, Brandenburg, Kurfu\u0308rst",
  "surname": "Johann Sigismund, Brandenburg, Kurfu\u0308rst",
  "@type": "person",
  "titleOfNobility": [
    "Kurfu\u0308rst"
  ],
  "variantName": [
    "Johannes Sigismundus, Marchio, Elector",
    "Johannes Siegismundus, Brandenburg, Kurfu\u0308rst",
    "Johann Siegmund, Brandenburg, Kurfu\u0308rst",
    "Johann Sigmund, Brandenburg, Kurfu\u0308rst",
    "Johan Sigismundt, Brandenburg, Kurfu\u0308rst",
    "Johann Sigmund, Brandenburg, Markgraf",
    "Johann Sigismund, Brandenburg, Markgraf",
    "Johan Sigmund, Brandenburg, Markgraf",
    "Johan Sigmundt, Brandenburg, Kurfu\u0308rst",
    "Johann Sigismund, von Hohenzollern",
    "Johan Sigismund, Brandenburg, Markgraf",
    "Johannes Sigismundus, Brandenburgum, Marchio",
    "Johannes Sigismundus, Brandenburgica, Elector",
    "Johannes Sigismundus, Elector Brandenburgum",
    "Johann Sigismund, Preu\u00dfen, Herzog",
    "Johann Sigismund von Brandenburg",
    "Johann Siegmund, Kurfu\u0308rst von Brandenburg",
    "Johannes Sigismundus, Kurfu\u0308rst von Brandenburg",
    "Johann Sigismund, Markgraf von Brandenburg",
    "Johann Sigismund, Herzog von Preussen",
    "Johann Sigismund, Kurfu\u0308rst von Brandenburg",
    "(Joh)Hanns Sigismund, Brandenburg",
    "(Joh)Hanns Sigismund, Preu\u00dfen, Herzog",
    "Hanns Sigismund, Brandenburg",
    "Hanns Sigismund, Preu\u00dfen, Herzog",
    "Han\u00df Sigismundt, Brandenburg, Kurfu\u0308rst"
  ],
  "dateOfBirth": "November 8, 1572",
  "dateOfDeath": "December 23, 1619",
  "placeOfBirth": [
    {
      "@id": "https://d-nb.info/gnd/4023025-9",
      "preferredName": "Halle (Saale)"
    }
  ],
  "placeOfDeath": [
    {
      "@id": "https://d-nb.info/gnd/4005728-8",
      "preferredName": "Berlin"
    }
  ],
  "associatedCountry": [
    {
      "@id": "https://d-nb.info/standards/vocab/gnd/geographic-area-code#XA-DE",
      "preferredName": "Deutschland"
    }
  ],
  "biographicalOrHistoricalInformation": "ab 1608 Kurfu\u0308rst von Brandenburg; ab 1612 Administrator des Herzogtums Preu\u00dfen; konvertierte 1613 zum Calvinismus",
  "familialRelationship": [
    {
      "@id": "https://d-nb.info/gnd/117677256",
      "relationship": "Vater",
      "preferredName": "Joachim Friedrich, Brandenburg, Kurfu\u0308rst"
    },
    {
      "@id": "https://d-nb.info/gnd/12482997X",
      "relationship": "Neffe",
      "preferredName": "Ernst, Brandenburg, Markgraf"
    },
    {
      "@id": "https://d-nb.info/gnd/100973043",
      "relationship": "Bruder",
      "preferredName": "Ernst, Brandenburg, Markgraf"
    },
    {
      "@id": "https://d-nb.info/gnd/104182601",
      "relationship": "Ehefrau ab 1594",
      "preferredName": "Anna, Brandenburg, Kurfu\u0308rstin"
    },
    {
      "@id": "https://d-nb.info/gnd/102116156",
      "relationship": "Sohn",
      "preferredName": "Georg Wilhelm, Brandenburg, Kurfu\u0308rst"
    },
    {
      "@id": "https://d-nb.info/gnd/123631556",
      "relationship": "Sohn",
      "preferredName": "Joachim Sigismund, Brandenburg, Markgraf"
    },
    {
      "@id": "https://d-nb.info/gnd/133840468",
      "relationship": "Sohn",
      "preferredName": "Albert Christian, Brandenburg, Prinz"
    },
    {
      "@id": "https://d-nb.info/gnd/129693774",
      "relationship": "Tochter",
      "preferredName": "Maria Eleonora, Schweden, Ko\u0308nigin"
    }
  ],
  "depiction": {
    "@id": "https://commons.wikimedia.org/wiki/Special:FilePath/Johann%20Sigismund%20Grunewald.jpg",
    "publisher": "Wikimedia Commons",
    "copyrighted": "false",
    "creator": [
      "anonymous / Unidentified painter"
    ],
    "creditText": [
      "Preu\u00dfen - Versuch einer Bilanz. Ausstellungskatalog in 5 B\u00e4nden hrsg. von Gottfried Korff (Berlin 1981), Bd. 1, S. 88."
    ],
    "license": [
      {
        "@id": "https://creativecommons.org/publicdomain/mark/1.0/",
        "abbr": "PD",
        "name": "Public Domain",
        "attributionRequired": "false",
        "restrictions": ""
      }
    ],
    "url": "https://commons.wikimedia.org/wiki/File:Johann%20Sigismund%20Grunewald.jpg?uselang=en",
    "thumbnail": {
      "@id": "https://commons.wikimedia.org/wiki/Special:FilePath/Johann%20Sigismund%20Grunewald.jpg?width=270"
    }
  },
  "sameAs": [
    {
      "@id": "https://d-nb.info/gnd/117677337/about",
      "collection": {
        "abbr": "DNB",
        "name": "Gemeinsame Normdatei (GND) im Katalog der Deutschen Nationalbibliothek",
        "publisher": "Deutsche Nationalbibliothek",
        "icon": "https://www.dnb.de/SiteGlobals/Frontend/DNBWeb/Images/favicon.png?__blob=normal&v=4"
      }
    },
    {
      "@id": "https://bmlo.de/Q/GND=117677337",
      "collection": {
        "abbr": "DE-M512",
        "name": "Bayerisches Musiker-Lexikon Online",
        "publisher": "Bayerisches Musiker-Lexikon Online",
        "icon": "https://bmlo.de/x/pic/favicon.gif"
      }
    },
    {
      "@id": "https://de.wikipedia.org/wiki/Johann_Sigismund_%28Brandenburg%29",
      "collection": {
        "abbr": "dewiki",
        "name": "Wikipedia (Deutsch)",
        "publisher": "Wikimedia Foundation Inc.",
        "icon": "https://de.wikipedia.org/static/favicon/wikipedia.ico"
      }
    },
    {
      "@id": "https://en.wikipedia.org/wiki/John_Sigismund%2C_Elector_of_Brandenburg",
      "collection": {
        "abbr": "enwiki",
        "name": "Wikipedia (English)",
        "publisher": "Wikimedia Foundation Inc.",
        "icon": "https://en.wikipedia.org/static/favicon/wikipedia.ico"
      }
    },
    {
      "@id": "https://kaiserhof.geschichte.lmu.de/Q/GND=117677337",
      "collection": {
        "abbr": "KH",
        "name": "Kaiser und H\u00f6fe",
        "publisher": "Ludwig-Maximilians-Universit\u00e4t M\u00fcnchen - Historisches Seminar - Fr\u00fche Neuzeit",
        "icon": "https://kaiserhof.geschichte.lmu.de/favicon.ico"
      }
    },
    {
      "@id": "https://kalliope-verbund.info/gnd/117677337",
      "collection": {
        "abbr": "DE-611",
        "name": "Kalliope Verbundkatalog",
        "publisher": "Staatsbibliothek zu Berlin - Preu\u00dfischer Kulturbesitz",
        "icon": "https://kalliope-verbund.info/img/favicon.ico"
      }
    },
    {
      "@id": "https://www.archivportal-d.de/person/gnd/117677337",
      "collection": {
        "abbr": "ARCHIV-D",
        "name": "Archivportal-D",
        "publisher": "Deutsche Digitale Bibliothek",
        "icon": "https://www.archivportal-d.de/favicon.ico"
      }
    },
    {
      "@id": "https://www.deutsche-biographie.de/pnd117677337.html#adbcontent",
      "collection": {
        "abbr": "ADB",
        "name": "Allgemeine Deutsche Biographie (ADB)",
        "publisher": "Historische Kommission bei der Bayerischen Akademie der Wissenschaften und Bayerische Staatsbibliothek",
        "icon": "https://www.deutsche-biographie.de/favicon.ico"
      }
    },
    {
      "@id": "https://www.deutsche-biographie.de/pnd117677337.html#ndbcontent",
      "collection": {
        "abbr": "NDB",
        "name": "Neue Deutsche Biographie (NDB)",
        "publisher": "Historische Kommission bei der Bayerischen Akademie der Wissenschaften und Bayerische Staatsbibliothek",
        "icon": "https://www.deutsche-biographie.de/favicon.ico"
      }
    },
    {
      "@id": "https://www.deutsche-digitale-bibliothek.de/person/gnd/117677337",
      "collection": {
        "abbr": "DDB",
        "name": "Deutsche Digitale Bibliothek",
        "publisher": "Deutsche Digitale Bibliothek",
        "icon": "https://www.deutsche-digitale-bibliothek.de/favicon.ico"
      }
    },
    {
      "@id": "https://www.portraitindex.de/dokumente/pnd/117677337",
      "collection": {
        "abbr": "Portraitindex",
        "name": "Digitaler Portraitindex der druckgraphischen Bildnisse der Fru\u0308hen Neuzeit",
        "publisher": "Deutsches Dokumentationszentrum fu\u0308r Kunstgeschichte - Bildarchiv Foto Marburg",
        "icon": "https://www.portraitindex.de/favicon.ico"
      }
    },
    {
      "@id": "http://id.loc.gov/rwo/agents/nr97037358",
      "collection": {
        "abbr": "LC",
        "name": "NACO Authority File",
        "publisher": "Library of Congress",
        "icon": "https://www.loc.gov/favicon.ico"
      }
    },
    {
      "@id": "http://viaf.org/viaf/122089820",
      "collection": {
        "abbr": "VIAF",
        "name": "Virtual International Authority File (VIAF)",
        "publisher": "OCLC",
        "icon": "https://viaf.org/viaf/images/viaf.ico"
      }
    },
    {
      "@id": "http://www.wikidata.org/entity/Q40746",
      "collection": {
        "abbr": "WIKIDATA",
        "name": "Wikidata",
        "publisher": "Wikimedia Foundation Inc.",
        "icon": "https://www.wikidata.org/static/favicon/wikidata.ico"
      }
    },
    {
      "@id": "https://isni.org/isni/0000000117022546",
      "collection": {
        "abbr": "ISNI",
        "name": "International Standard Name Identifier (ISNI)",
        "publisher": "International Standard Name Identifier (ISNI)",
        "icon": "https://www.isni.org/sites/default/files/isni_new_favicon.ico"
      }
    }
  ]
}