{
  "@context": "http://hub.culturegraph.org/entityfacts/context/v1/entityfacts.jsonld",
  "@id": "https://d-nb.info/gnd/117677256",
  "describedBy": {
    "valid": "2026-04-28T05:29:25Z",
    "license": "https://creativecommons.org/publicdomain/zero/1.0/",
    "@id": "https://hub.culturegraph.org/entityfacts/117677256"
  },
  "preferredName": "Joachim Friedrich, Brandenburg, Kurfu\u0308rst",
  "surname": "Joachim Friedrich, Brandenburg, Kurfu\u0308rst",
  "@type": "person",
  "titleOfNobility": [
    "Kurfu\u0308rst"
  ],
  "variantName": [
    "Joachim Friedrich, Brandenburg, Markgraf",
    "Joachimus Fridericus, Brandenburg, Kurfu\u0308rst",
    "Joachimus Fridericus, Brandenburg, Markgraf",
    "Joachim Friderich, Brandenburg, Kurfu\u0308rst",
    "Joachim Friedrich, von Hohenzollern",
    "Joachim Friederich, Brandenburg, Markgraf",
    "Joachim Friederich, Brandenburg, Kurfu\u0308rst",
    "Joachimus Fridericus, Marchio Brandenburgensis",
    "Joachim Friederich, Magdeburg, Administrator",
    "Joachim Friedrich, Magdeburg, Administrator",
    "Joachimus Fridericus, Magdeburg, Administrator",
    "Ioachimus Fridericus, Brandenburgum, Dux",
    "Joachimus Fridericus, Brandenburgum, Dux",
    "Ioachimus Fridericus, Magdeburgum, Administrator",
    "Joachimus Fridericus, Magdeburgum, Administrator",
    "Joachim Friedrich, Preu\u00dfen, Herzog"
  ],
  "dateOfBirth": "January 27, 1546",
  "dateOfDeath": "July 18, 1608",
  "placeOfBirth": [
    {
      "@id": "https://d-nb.info/gnd/16062584-1",
      "preferredName": "Co\u0308lln (Spree)"
    }
  ],
  "associatedCountry": [
    {
      "@id": "https://d-nb.info/standards/vocab/gnd/geographic-area-code#XA-DE",
      "preferredName": "Deutschland"
    }
  ],
  "gender": {
    "@id": "https://d-nb.info/standards/vocab/gnd/gender#male",
    "label": "Mann"
  },
  "biographicalOrHistoricalInformation": "ab 1566 Administrator des Erzstifts in Magdeburg; ab 1598 Kurfu\u0308rst von Brandenburg; ab 1603 Administrator des Herzogtums Preu\u00dfen; Sohn von Kurfu\u0308rst Johann Georg von Brandenburg (1525-1598) und Herzogin Sophia von Liegnitz (1525-1546)",
  "familialRelationship": [
    {
      "@id": "https://d-nb.info/gnd/102111588",
      "relationship": "Vater",
      "preferredName": "Johann Georg, Brandenburg, Kurfu\u0308rst"
    },
    {
      "@id": "https://d-nb.info/gnd/136293018",
      "relationship": "Bruder",
      "preferredName": "Johann, Brandenburg, Markgraf"
    },
    {
      "@id": "https://d-nb.info/gnd/121119521",
      "relationship": "1. Ehefrau",
      "preferredName": "Katharine, Brandenburg, Kurfu\u0308rstin"
    },
    {
      "@id": "https://d-nb.info/gnd/121428370",
      "relationship": "Tochter",
      "preferredName": "Anna Cathrine, Danmark, Dronning"
    },
    {
      "@id": "https://d-nb.info/gnd/117677337",
      "relationship": "Sohn",
      "preferredName": "Johann Sigismund, Brandenburg, Kurfu\u0308rst"
    },
    {
      "@id": "https://d-nb.info/gnd/100973043",
      "relationship": "Sohn",
      "preferredName": "Ernst, Brandenburg, Markgraf"
    },
    {
      "@id": "https://d-nb.info/gnd/104321075",
      "relationship": "Sohn",
      "preferredName": "Joachim, Brandenburg, Markgraf"
    },
    {
      "@id": "https://d-nb.info/gnd/123510430",
      "relationship": "Sohn",
      "preferredName": "Albrecht Friedrich, Brandenburg, Markgraf"
    },
    {
      "@id": "https://d-nb.info/gnd/100081746",
      "relationship": "Sohn",
      "preferredName": "Christian Wilhelm, Brandenburg, Markgraf"
    },
    {
      "@id": "https://d-nb.info/gnd/115392866",
      "relationship": "Schwiegertochter",
      "preferredName": "Dorothea, Brandenburg, Markgra\u0308fin"
    },
    {
      "@id": "https://d-nb.info/gnd/123510457",
      "relationship": "Sohn",
      "preferredName": "August, Brandenburg, Markgraf"
    }
  ],
  "depiction": {
    "@id": "https://commons.wikimedia.org/wiki/Special:FilePath/Joachim%20frederick%2C%20elector%20of%20brandenburg.png",
    "publisher": "Wikimedia Commons",
    "copyrighted": "false",
    "creator": [
      "Johann Bussemacher"
    ],
    "creditText": [
      "http://www.bildindex.de/bilder/gmmp12067c.jpg"
    ],
    "license": [
      {
        "@id": "https://creativecommons.org/publicdomain/mark/1.0/",
        "abbr": "PD",
        "name": "Public Domain",
        "attributionRequired": "false",
        "restrictions": ""
      }
    ],
    "url": "https://commons.wikimedia.org/wiki/File:Joachim%20frederick%2C%20elector%20of%20brandenburg.png?uselang=en",
    "thumbnail": {
      "@id": "https://commons.wikimedia.org/wiki/Special:FilePath/Joachim%20frederick%2C%20elector%20of%20brandenburg.png?width=270"
    }
  },
  "sameAs": [
    {
      "@id": "https://d-nb.info/gnd/117677256/about",
      "collection": {
        "abbr": "DNB",
        "name": "Gemeinsame Normdatei (GND) im Katalog der Deutschen Nationalbibliothek",
        "publisher": "Deutsche Nationalbibliothek",
        "icon": "https://www.dnb.de/SiteGlobals/Frontend/DNBWeb/Images/favicon.png?__blob=normal&v=4"
      }
    },
    {
      "@id": "https://bmlo.de/Q/GND=117677256",
      "collection": {
        "abbr": "DE-M512",
        "name": "Bayerisches Musiker-Lexikon Online",
        "publisher": "Bayerisches Musiker-Lexikon Online",
        "icon": "https://bmlo.de/x/pic/favicon.gif"
      }
    },
    {
      "@id": "https://de.wikipedia.org/wiki/Joachim_Friedrich_%28Brandenburg%29",
      "collection": {
        "abbr": "dewiki",
        "name": "Wikipedia (Deutsch)",
        "publisher": "Wikimedia Foundation Inc.",
        "icon": "https://de.wikipedia.org/static/favicon/wikipedia.ico"
      }
    },
    {
      "@id": "https://en.wikipedia.org/wiki/Joachim_Frederick%2C_Elector_of_Brandenburg",
      "collection": {
        "abbr": "enwiki",
        "name": "Wikipedia (English)",
        "publisher": "Wikimedia Foundation Inc.",
        "icon": "https://en.wikipedia.org/static/favicon/wikipedia.ico"
      }
    },
    {
      "@id": "https://kaiserhof.geschichte.lmu.de/Q/GND=117677256",
      "collection": {
        "abbr": "KH",
        "name": "Kaiser und H\u00f6fe",
        "publisher": "Ludwig-Maximilians-Universit\u00e4t M\u00fcnchen - Historisches Seminar - Fr\u00fche Neuzeit",
        "icon": "https://kaiserhof.geschichte.lmu.de/favicon.ico"
      }
    },
    {
      "@id": "https://kalliope-verbund.info/gnd/117677256",
      "collection": {
        "abbr": "DE-611",
        "name": "Kalliope Verbundkatalog",
        "publisher": "Staatsbibliothek zu Berlin - Preu\u00dfischer Kulturbesitz",
        "icon": "https://kalliope-verbund.info/img/favicon.ico"
      }
    },
    {
      "@id": "https://www.archivportal-d.de/person/gnd/117677256",
      "collection": {
        "abbr": "ARCHIV-D",
        "name": "Archivportal-D",
        "publisher": "Deutsche Digitale Bibliothek",
        "icon": "https://www.archivportal-d.de/favicon.ico"
      }
    },
    {
      "@id": "https://www.deutsche-biographie.de/pnd117677256.html#adbcontent",
      "collection": {
        "abbr": "ADB",
        "name": "Allgemeine Deutsche Biographie (ADB)",
        "publisher": "Historische Kommission bei der Bayerischen Akademie der Wissenschaften und Bayerische Staatsbibliothek",
        "icon": "https://www.deutsche-biographie.de/favicon.ico"
      }
    },
    {
      "@id": "https://www.deutsche-biographie.de/pnd117677256.html#ndbcontent",
      "collection": {
        "abbr": "NDB",
        "name": "Neue Deutsche Biographie (NDB)",
        "publisher": "Historische Kommission bei der Bayerischen Akademie der Wissenschaften und Bayerische Staatsbibliothek",
        "icon": "https://www.deutsche-biographie.de/favicon.ico"
      }
    },
    {
      "@id": "https://www.deutsche-digitale-bibliothek.de/person/gnd/117677256",
      "collection": {
        "abbr": "DDB",
        "name": "Deutsche Digitale Bibliothek",
        "publisher": "Deutsche Digitale Bibliothek",
        "icon": "https://www.deutsche-digitale-bibliothek.de/favicon.ico"
      }
    },
    {
      "@id": "https://www.portraitindex.de/dokumente/pnd/117677256",
      "collection": {
        "abbr": "Portraitindex",
        "name": "Digitaler Portraitindex der druckgraphischen Bildnisse der Fru\u0308hen Neuzeit",
        "publisher": "Deutsches Dokumentationszentrum fu\u0308r Kunstgeschichte - Bildarchiv Foto Marburg",
        "icon": "https://www.portraitindex.de/favicon.ico"
      }
    },
    {
      "@id": "http://id.loc.gov/rwo/agents/nr2001001019",
      "collection": {
        "abbr": "LC",
        "name": "NACO Authority File",
        "publisher": "Library of Congress",
        "icon": "https://www.loc.gov/favicon.ico"
      }
    },
    {
      "@id": "http://viaf.org/viaf/77099489",
      "collection": {
        "abbr": "VIAF",
        "name": "Virtual International Authority File (VIAF)",
        "publisher": "OCLC",
        "icon": "https://viaf.org/viaf/images/viaf.ico"
      }
    },
    {
      "@id": "http://www.wikidata.org/entity/Q57920",
      "collection": {
        "abbr": "WIKIDATA",
        "name": "Wikidata",
        "publisher": "Wikimedia Foundation Inc.",
        "icon": "https://www.wikidata.org/static/favicon/wikidata.ico"
      }
    },
    {
      "@id": "https://isni.org/isni/0000000053404798",
      "collection": {
        "abbr": "ISNI",
        "name": "International Standard Name Identifier (ISNI)",
        "publisher": "International Standard Name Identifier (ISNI)",
        "icon": "https://www.isni.org/sites/default/files/isni_new_favicon.ico"
      }
    }
  ]
}