{
  "@context": "http://hub.culturegraph.org/entityfacts/context/v1/entityfacts.jsonld",
  "@id": "https://d-nb.info/gnd/117616354",
  "describedBy": {
    "valid": "2026-05-02T00:13:49Z",
    "license": "https://creativecommons.org/publicdomain/zero/1.0/",
    "@id": "https://hub.culturegraph.org/entityfacts/117616354"
  },
  "preferredName": "Michael Teuber",
  "surname": "Teuber",
  "forename": "Michael",
  "@type": "person",
  "variantName": [
    "Michael Teuber, der A\u0308ltere",
    "Michael Teuberus"
  ],
  "dateOfBirth": "August 15, 1524",
  "dateOfDeath": "September 15, 1586",
  "placeOfBirth": [
    {
      "@id": "https://d-nb.info/gnd/4092450-6",
      "preferredName": "Eisleben"
    }
  ],
  "placeOfDeath": [
    {
      "@id": "https://d-nb.info/gnd/4066640-2",
      "preferredName": "Wittenberg"
    }
  ],
  "placeOfActivity": [
    {
      "@id": "https://d-nb.info/gnd/4066640-2",
      "preferredName": "Wittenberg"
    }
  ],
  "associatedCountry": [
    {
      "@id": "https://d-nb.info/standards/vocab/gnd/geographic-area-code#XA-DE",
      "preferredName": "Deutschland"
    }
  ],
  "professionOrOccupation": [
    {
      "@id": "https://d-nb.info/gnd/4029050-5",
      "preferredName": "Jurist"
    },
    {
      "@id": "https://d-nb.info/gnd/4025243-7",
      "preferredName": "Hochschullehrer"
    },
    {
      "@id": "https://d-nb.info/gnd/4123488-1",
      "preferredName": "Kanzler"
    },
    {
      "@id": "https://d-nb.info/gnd/4012401-0",
      "preferredName": "Diplomat"
    }
  ],
  "gender": {
    "@id": "https://d-nb.info/standards/vocab/gnd/gender#male",
    "label": "Mann"
  },
  "biographicalOrHistoricalInformation": "Dt. Jurist; ab ca. 1550 Professor in Wittenberg und Beisitzer am Hofgericht in Wittenberg; Kanzler des Bischofs von Cammin; Berater und Gesandter in Braunschweig, Mecklenburg, Pommern und Aschersleben; ab 1565 wieder in Wittenberg",
  "relatedPerson": [
    {
      "relationship": "Joachimsthal; VD-16 Mitverf.",
      "preferredName": "Johannes Maior"
    },
    {
      "@id": "https://d-nb.info/gnd/116691379",
      "relationship": "VD-16 Mitverf.",
      "preferredName": "Michael Maius"
    },
    {
      "@id": "https://d-nb.info/gnd/117557633",
      "relationship": "VD-16 Mitverf.",
      "preferredName": "Georg Mauricius"
    },
    {
      "relationship": "VD-16 Mitverf.",
      "preferredName": "Philipp Melanchthon"
    },
    {
      "relationship": "VD-16 Mitverf.",
      "preferredName": "Andreas Rauchbar"
    },
    {
      "@id": "https://d-nb.info/gnd/119837358",
      "relationship": "VD-16 Mitverf.",
      "preferredName": "Zacharias Starck"
    },
    {
      "relationship": "VD-16 Mitverf.",
      "preferredName": "Johannes Bugenhagen, der A\u0308ltere"
    },
    {
      "@id": "https://d-nb.info/gnd/130336874",
      "relationship": "VD-16 Mitverf.",
      "preferredName": "Lorenz Lindemann"
    },
    {
      "@id": "https://d-nb.info/gnd/131706330",
      "relationship": "VD-16 Mitverf.",
      "preferredName": "Melchior Fend"
    },
    {
      "relationship": "VD-16 Mitverf.",
      "preferredName": "Johannes Schneidewein"
    }
  ],
  "familialRelationship": [
    {
      "@id": "https://d-nb.info/gnd/129808903",
      "relationship": "Ehefrau",
      "preferredName": "Euphrosine Teuber"
    },
    {
      "@id": "https://d-nb.info/gnd/1081727284",
      "relationship": "Tochter",
      "preferredName": "Euphrosine Rauchbar"
    }
  ],
  "depiction": {
    "@id": "https://commons.wikimedia.org/wiki/Special:FilePath/Michael-Teubner.jpg",
    "publisher": "Wikimedia Commons",
    "copyrighted": "false",
    "creator": [
      "Theodor de Bry"
    ],
    "creditText": [
      "aus der Kupferstichsammlung des evangelischen Predigerseminars in der Lutherstadt Wittenberg"
    ],
    "license": [
      {
        "@id": "https://creativecommons.org/publicdomain/mark/1.0/",
        "abbr": "PD",
        "name": "Public Domain",
        "attributionRequired": "false",
        "restrictions": ""
      }
    ],
    "url": "https://commons.wikimedia.org/wiki/File:Michael-Teubner.jpg?uselang=en",
    "thumbnail": {
      "@id": "https://commons.wikimedia.org/wiki/Special:FilePath/Michael-Teubner.jpg?width=270"
    }
  },
  "sameAs": [
    {
      "@id": "https://d-nb.info/gnd/117616354/about",
      "collection": {
        "abbr": "DNB",
        "name": "Gemeinsame Normdatei (GND) im Katalog der Deutschen Nationalbibliothek",
        "publisher": "Deutsche Nationalbibliothek",
        "icon": "https://www.dnb.de/SiteGlobals/Frontend/DNBWeb/Images/favicon.png?__blob=normal&v=4"
      }
    },
    {
      "@id": "https://de.wikipedia.org/wiki/Michael_Teuber",
      "collection": {
        "abbr": "dewiki",
        "name": "Wikipedia (Deutsch)",
        "publisher": "Wikimedia Foundation Inc.",
        "icon": "https://de.wikipedia.org/static/favicon/wikipedia.ico"
      }
    },
    {
      "@id": "https://kalliope-verbund.info/gnd/117616354",
      "collection": {
        "abbr": "DE-611",
        "name": "Kalliope Verbundkatalog",
        "publisher": "Staatsbibliothek zu Berlin - Preu\u00dfischer Kulturbesitz",
        "icon": "https://kalliope-verbund.info/img/favicon.ico"
      }
    },
    {
      "@id": "https://raa.gf-franken.de/de/suche-nach-stammbucheintraegen.html?permaLink=1585_cammann;11",
      "collection": {
        "abbr": "RAAE",
        "name": "Repertorium Alborum Amicorum (RAA) - Stammbucheintr\u00e4ge",
        "publisher": "Department Germanistik und Komparatistik der Friedrich-Alexander-Universit\u00e4t Erlangen-N\u00fcrnberg in Zusammenarbeit mit der Gesellschaft f\u00fcr Familienforschung in Franken",
        "icon": "https://www.gf-franken.de/favicon.ico"
      }
    },
    {
      "@id": "https://www.deutsche-digitale-bibliothek.de/person/gnd/117616354",
      "collection": {
        "abbr": "DDB",
        "name": "Deutsche Digitale Bibliothek",
        "publisher": "Deutsche Digitale Bibliothek",
        "icon": "https://www.deutsche-digitale-bibliothek.de/favicon.ico"
      }
    },
    {
      "@id": "https://www.portraitindex.de/dokumente/pnd/117616354",
      "collection": {
        "abbr": "Portraitindex",
        "name": "Digitaler Portraitindex der druckgraphischen Bildnisse der Fru\u0308hen Neuzeit",
        "publisher": "Deutsches Dokumentationszentrum fu\u0308r Kunstgeschichte - Bildarchiv Foto Marburg",
        "icon": "https://www.portraitindex.de/favicon.ico"
      }
    },
    {
      "@id": "http://viaf.org/viaf/62331125",
      "collection": {
        "abbr": "VIAF",
        "name": "Virtual International Authority File (VIAF)",
        "publisher": "OCLC",
        "icon": "https://viaf.org/viaf/images/viaf.ico"
      }
    },
    {
      "@id": "http://www.wikidata.org/entity/Q1773333",
      "collection": {
        "abbr": "WIKIDATA",
        "name": "Wikidata",
        "publisher": "Wikimedia Foundation Inc.",
        "icon": "https://www.wikidata.org/static/favicon/wikidata.ico"
      }
    },
    {
      "@id": "https://isni.org/isni/0000000108008945",
      "collection": {
        "abbr": "ISNI",
        "name": "International Standard Name Identifier (ISNI)",
        "publisher": "International Standard Name Identifier (ISNI)",
        "icon": "https://www.isni.org/sites/default/files/isni_new_favicon.ico"
      }
    }
  ]
}