{
  "@context": "http://hub.culturegraph.org/entityfacts/context/v1/entityfacts.jsonld",
  "@id": "https://d-nb.info/gnd/117606219",
  "describedBy": {
    "valid": "2026-04-28T09:49:31Z",
    "license": "https://creativecommons.org/publicdomain/zero/1.0/",
    "@id": "https://hub.culturegraph.org/entityfacts/117606219"
  },
  "preferredName": "Melchior Laubanus",
  "surname": "Laubanus",
  "forename": "Melchior",
  "@type": "person",
  "variantName": [
    "Melchior Lauban",
    "Melchior Agricola, z Lubina",
    "Melchior Agricola",
    "Melichar Agricola",
    "Melior Lauban",
    "Melior Laubanus",
    "Mel. Laubanus"
  ],
  "dateOfBirth": "December 10, 1567",
  "dateOfDeath": "May 1, 1633",
  "placeOfBirth": [
    {
      "@id": "https://d-nb.info/gnd/4309867-8",
      "preferredName": "Sprottau"
    }
  ],
  "placeOfDeath": [
    {
      "@id": "https://d-nb.info/gnd/4008252-0",
      "preferredName": "Brieg"
    }
  ],
  "associatedCountry": [
    {
      "@id": "https://d-nb.info/standards/vocab/gnd/geographic-area-code#XA-DE",
      "preferredName": "Deutschland"
    }
  ],
  "professionOrOccupation": [
    {
      "@id": "https://d-nb.info/gnd/4199241-6",
      "preferredName": "Klassischer Philologe"
    },
    {
      "@id": "https://d-nb.info/gnd/4158589-6",
      "preferredName": "Gymnasiallehrer"
    },
    {
      "@id": "https://d-nb.info/gnd/4199252-0",
      "preferredName": "Rektor"
    },
    {
      "@id": "https://d-nb.info/gnd/4053309-8",
      "preferredName": "Schriftsteller"
    }
  ],
  "gender": {
    "@id": "https://d-nb.info/standards/vocab/gnd/gender#male",
    "label": "Mann"
  },
  "biographicalOrHistoricalInformation": "Dt. Altphilologe, Pa\u0308dagoge und Poet; Konrektor in Sprottau, Goldberg und Danzig; zuletzt Rektor in Brieg (Schlesien)",
  "relatedPerson": [
    {
      "relationship": "VD-16 Mitverf.",
      "preferredName": "Abraham Bucholzer"
    },
    {
      "@id": "https://d-nb.info/gnd/119632403",
      "relationship": "VD-16 Mitverf.",
      "preferredName": "Gottfried Bucholzer"
    },
    {
      "@id": "https://d-nb.info/gnd/119669935",
      "relationship": "VD-16 Mitverf.",
      "preferredName": "Johannes Feige"
    },
    {
      "relationship": "Kropsta\u0308dt; VD-16 Mitverf.",
      "preferredName": "Martin Moller"
    },
    {
      "relationship": "Go\u0308rlitz; VD-16 Mitverf.",
      "preferredName": "Martin Mylius"
    },
    {
      "@id": "https://d-nb.info/gnd/118760289",
      "relationship": "VD-16 Mitverf.",
      "preferredName": "Abraham Scultetus"
    },
    {
      "relationship": "VD-16 Mitverf.",
      "preferredName": "Daniel Toussain"
    },
    {
      "@id": "https://d-nb.info/gnd/119650797",
      "relationship": "VD-16 Mitverf.",
      "preferredName": "Martin Cyrus"
    },
    {
      "@id": "https://d-nb.info/gnd/119724898",
      "relationship": "VD-16 Mitverf.",
      "preferredName": "Samuel Junius"
    },
    {
      "relationship": "VD-16 Mitverf.",
      "preferredName": "Johannes Vincelbergius"
    }
  ],
  "sameAs": [
    {
      "@id": "https://d-nb.info/gnd/117606219/about",
      "collection": {
        "abbr": "DNB",
        "name": "Gemeinsame Normdatei (GND) im Katalog der Deutschen Nationalbibliothek",
        "publisher": "Deutsche Nationalbibliothek",
        "icon": "https://www.dnb.de/SiteGlobals/Frontend/DNBWeb/Images/favicon.png?__blob=normal&v=4"
      }
    },
    {
      "@id": "https://kalliope-verbund.info/gnd/117606219",
      "collection": {
        "abbr": "DE-611",
        "name": "Kalliope Verbundkatalog",
        "publisher": "Staatsbibliothek zu Berlin - Preu\u00dfischer Kulturbesitz",
        "icon": "https://kalliope-verbund.info/img/favicon.ico"
      }
    },
    {
      "@id": "https://raa.gf-franken.de/de/suche-nach-stammbucheintraegen.html?permaLink=1612_lucae;18",
      "collection": {
        "abbr": "RAAE",
        "name": "Repertorium Alborum Amicorum (RAA) - Stammbucheintr\u00e4ge",
        "publisher": "Department Germanistik und Komparatistik der Friedrich-Alexander-Universit\u00e4t Erlangen-N\u00fcrnberg in Zusammenarbeit mit der Gesellschaft f\u00fcr Familienforschung in Franken",
        "icon": "https://www.gf-franken.de/favicon.ico"
      }
    },
    {
      "@id": "https://www.deutsche-digitale-bibliothek.de/person/gnd/117606219",
      "collection": {
        "abbr": "DDB",
        "name": "Deutsche Digitale Bibliothek",
        "publisher": "Deutsche Digitale Bibliothek",
        "icon": "https://www.deutsche-digitale-bibliothek.de/favicon.ico"
      }
    },
    {
      "@id": "https://www.portraitindex.de/dokumente/pnd/117606219",
      "collection": {
        "abbr": "Portraitindex",
        "name": "Digitaler Portraitindex der druckgraphischen Bildnisse der Fru\u0308hen Neuzeit",
        "publisher": "Deutsches Dokumentationszentrum fu\u0308r Kunstgeschichte - Bildarchiv Foto Marburg",
        "icon": "https://www.portraitindex.de/favicon.ico"
      }
    },
    {
      "@id": "http://id.loc.gov/rwo/agents/nr00032590",
      "collection": {
        "abbr": "LC",
        "name": "NACO Authority File",
        "publisher": "Library of Congress",
        "icon": "https://www.loc.gov/favicon.ico"
      }
    },
    {
      "@id": "http://viaf.org/viaf/69711849",
      "collection": {
        "abbr": "VIAF",
        "name": "Virtual International Authority File (VIAF)",
        "publisher": "OCLC",
        "icon": "https://viaf.org/viaf/images/viaf.ico"
      }
    },
    {
      "@id": "http://www.wikidata.org/entity/Q29568792",
      "collection": {
        "abbr": "WIKIDATA",
        "name": "Wikidata",
        "publisher": "Wikimedia Foundation Inc.",
        "icon": "https://www.wikidata.org/static/favicon/wikidata.ico"
      }
    },
    {
      "@id": "https://isni.org/isni/0000000109845139",
      "collection": {
        "abbr": "ISNI",
        "name": "International Standard Name Identifier (ISNI)",
        "publisher": "International Standard Name Identifier (ISNI)",
        "icon": "https://www.isni.org/sites/default/files/isni_new_favicon.ico"
      }
    }
  ]
}