{
  "@context": "http://hub.culturegraph.org/entityfacts/context/v1/entityfacts.jsonld",
  "@id": "https://d-nb.info/gnd/11757211X",
  "describedBy": {
    "valid": "2026-05-01T22:25:56Z",
    "license": "https://creativecommons.org/publicdomain/zero/1.0/",
    "@id": "https://hub.culturegraph.org/entityfacts/11757211X"
  },
  "preferredName": "Otto von Gru\u0308nrad",
  "surname": "Gru\u0308nrad",
  "prefix": "von",
  "forename": "Otto",
  "@type": "person",
  "variantName": [
    "Otto von Gru\u0308nrod",
    "Otto a Grynrad",
    "Otto a Grynrade",
    "Otto von Grynrad",
    "Otto von Grynrade",
    "Otto von Grunrade",
    "Otto von Gru\u0308nrade",
    "Otto von Gru\u0308nradt",
    "Otto von Gru\u0308nrad",
    "Otto von Gru\u0308nrod",
    "Otto Grunrad"
  ],
  "dateOfBirth": "XX.XX.1545",
  "dateOfDeath": "XX.04.1613",
  "placeOfBirth": [
    {
      "@id": "https://d-nb.info/gnd/4038474-3",
      "preferredName": "Mei\u00dfen"
    }
  ],
  "placeOfDeath": [
    {
      "@id": "https://d-nb.info/gnd/4023996-2",
      "preferredName": "Heidelberg"
    }
  ],
  "associatedCountry": [
    {
      "@id": "https://d-nb.info/standards/vocab/gnd/geographic-area-code#XA-DE",
      "preferredName": "Deutschland"
    }
  ],
  "professionOrOccupation": [
    {
      "@id": "https://d-nb.info/gnd/4059756-8",
      "preferredName": "Theologe"
    }
  ],
  "gender": {
    "@id": "https://d-nb.info/standards/vocab/gnd/gender#male",
    "label": "Mann"
  },
  "biographicalOrHistoricalInformation": "Dt. reformierter Kirchenpolitiker und Staatsmann; Todesdatum unbekannt, beerdigt am 17.04.1613 ; Sa\u0308chsischer Edelmann; Pra\u0308sident des Kirchenrates Kurpfalz; Erzieher u. Rat Friedrichs IV. von der Pfalz",
  "relatedPerson": [
    {
      "@id": "https://d-nb.info/gnd/119623099",
      "relationship": "VD-16 Mitverf.",
      "preferredName": "Thomas Blarer"
    },
    {
      "relationship": "VD-16 Mitverf.",
      "preferredName": "Balthasar Cop"
    },
    {
      "@id": "https://d-nb.info/gnd/119662639",
      "relationship": "VD-16 Mitverf.",
      "preferredName": "Christoph Elstermann"
    },
    {
      "@id": "https://d-nb.info/gnd/118683845",
      "relationship": "VD-16 Mitverf.",
      "preferredName": "Marco Antonio Flaminio"
    },
    {
      "relationship": "Lindau; VD-16 Mitverf.",
      "preferredName": "Johannes Mu\u0308ller"
    },
    {
      "@id": "https://d-nb.info/gnd/119771950",
      "relationship": "VD-16 Mitverf.",
      "preferredName": "Johannes Nebelthau"
    },
    {
      "@id": "https://d-nb.info/gnd/119852454",
      "relationship": "VD-16 Mitverf.",
      "preferredName": "Matthaeus Troger"
    }
  ],
  "sameAs": [
    {
      "@id": "https://d-nb.info/gnd/11757211X/about",
      "collection": {
        "abbr": "DNB",
        "name": "Gemeinsame Normdatei (GND) im Katalog der Deutschen Nationalbibliothek",
        "publisher": "Deutsche Nationalbibliothek",
        "icon": "https://www.dnb.de/SiteGlobals/Frontend/DNBWeb/Images/favicon.png?__blob=normal&v=4"
      }
    },
    {
      "@id": "https://de.wikipedia.org/wiki/Otto_von_Gr%C3%BCnrade",
      "collection": {
        "abbr": "dewiki",
        "name": "Wikipedia (Deutsch)",
        "publisher": "Wikimedia Foundation Inc.",
        "icon": "https://de.wikipedia.org/static/favicon/wikipedia.ico"
      }
    },
    {
      "@id": "https://kalliope-verbund.info/gnd/11757211X",
      "collection": {
        "abbr": "DE-611",
        "name": "Kalliope Verbundkatalog",
        "publisher": "Staatsbibliothek zu Berlin - Preu\u00dfischer Kulturbesitz",
        "icon": "https://kalliope-verbund.info/img/favicon.ico"
      }
    },
    {
      "@id": "https://raa.gf-franken.de/de/suche-nach-stammbucheintraegen.html?permaLink=1586_coenders1;111",
      "collection": {
        "abbr": "RAAE",
        "name": "Repertorium Alborum Amicorum (RAA) - Stammbucheintr\u00e4ge",
        "publisher": "Department Germanistik und Komparatistik der Friedrich-Alexander-Universit\u00e4t Erlangen-N\u00fcrnberg in Zusammenarbeit mit der Gesellschaft f\u00fcr Familienforschung in Franken",
        "icon": "https://www.gf-franken.de/favicon.ico"
      }
    },
    {
      "@id": "https://www.deutsche-biographie.de/pnd11757211X.html#adbcontent",
      "collection": {
        "abbr": "ADB",
        "name": "Allgemeine Deutsche Biographie (ADB)",
        "publisher": "Historische Kommission bei der Bayerischen Akademie der Wissenschaften und Bayerische Staatsbibliothek",
        "icon": "https://www.deutsche-biographie.de/favicon.ico"
      }
    },
    {
      "@id": "https://www.deutsche-biographie.de/pnd11757211X.html#ndbcontent",
      "collection": {
        "abbr": "NDB",
        "name": "Neue Deutsche Biographie (NDB)",
        "publisher": "Historische Kommission bei der Bayerischen Akademie der Wissenschaften und Bayerische Staatsbibliothek",
        "icon": "https://www.deutsche-biographie.de/favicon.ico"
      }
    },
    {
      "@id": "https://www.lagis-hessen.de/pnd/11757211X",
      "collection": {
        "abbr": "LAGIS",
        "name": "Hessische Biografie",
        "publisher": "Hessisches Landesamt fu\u0308r geschichtliche Landeskunde",
        "icon": "https://www.lagis-hessen.de/favicon.ico"
      }
    },
    {
      "@id": "http://viaf.org/viaf/30316925",
      "collection": {
        "abbr": "VIAF",
        "name": "Virtual International Authority File (VIAF)",
        "publisher": "OCLC",
        "icon": "https://viaf.org/viaf/images/viaf.ico"
      }
    },
    {
      "@id": "http://www.wikidata.org/entity/Q2041205",
      "collection": {
        "abbr": "WIKIDATA",
        "name": "Wikidata",
        "publisher": "Wikimedia Foundation Inc.",
        "icon": "https://www.wikidata.org/static/favicon/wikidata.ico"
      }
    },
    {
      "@id": "https://isni.org/isni/0000000013678129",
      "collection": {
        "abbr": "ISNI",
        "name": "International Standard Name Identifier (ISNI)",
        "publisher": "International Standard Name Identifier (ISNI)",
        "icon": "https://www.isni.org/sites/default/files/isni_new_favicon.ico"
      }
    }
  ]
}