{
  "@context": "http://hub.culturegraph.org/entityfacts/context/v1/entityfacts.jsonld",
  "@id": "https://d-nb.info/gnd/11753689X",
  "describedBy": {
    "valid": "2026-04-27T15:14:32Z",
    "license": "https://creativecommons.org/publicdomain/zero/1.0/",
    "@id": "https://hub.culturegraph.org/entityfacts/11753689X"
  },
  "preferredName": "Johannes Thomas Freig",
  "surname": "Freig",
  "forename": "Johannes Thomas",
  "@type": "person",
  "academicDegree": [
    "Prof."
  ],
  "variantName": [
    "Ioannes Freigius",
    "Ioannes Thomas Freigius",
    "Johann T. Freig",
    "Joan. Thomas Freigius",
    "Johann T. Freigius",
    "Johannes Thomas Freige, d. A\u0308.",
    "Johannes Thomas Freige, der A\u0308ltere",
    "Johann T. Freyen",
    "Johannes T. Freig",
    "Johann T. Frey",
    "Jo. Thomas Freigius",
    "Io. Thomas Freigius",
    "Ioan. Thomas Freigius",
    "Thomas Freigius",
    "Johann Thomas Freige",
    "Johannes Thomas Freige",
    "Johannes Thomas Freigius",
    "Johann Thomas Freig",
    "Johann Thomas Frey",
    "Joannes Thomas Freigius",
    "Johann Thomas Freigius",
    "Johannes Thomas Frey",
    "Johann Thomas Frei",
    "Johann Thomas Phrygius",
    "Johannes Freigius",
    "Johann Thomas Freige",
    "Freige Johann Thomas"
  ],
  "pseudonym": [
    {
      "preferredName": "Aemilius"
    },
    {
      "preferredName": "Thomas Frey"
    }
  ],
  "dateOfBirth": "1543",
  "dateOfDeath": "June 16, 1583",
  "placeOfBirth": [
    {
      "@id": "https://d-nb.info/gnd/4018272-1",
      "preferredName": "Freiburg im Breisgau"
    }
  ],
  "placeOfDeath": [
    {
      "@id": "https://d-nb.info/gnd/4004617-5",
      "preferredName": "Basel"
    }
  ],
  "placeOfActivity": [
    {
      "@id": "https://d-nb.info/gnd/4001388-1",
      "preferredName": "Altdorf b. Nu\u0308rnberg"
    },
    {
      "@id": "https://d-nb.info/gnd/4004617-5",
      "preferredName": "Basel"
    }
  ],
  "associatedCountry": [
    {
      "@id": "https://d-nb.info/standards/vocab/gnd/geographic-area-code#XA-CH",
      "preferredName": "Schweiz"
    },
    {
      "@id": "https://d-nb.info/standards/vocab/gnd/geographic-area-code#XA-DE",
      "preferredName": "Deutschland"
    }
  ],
  "professionOrOccupation": [
    {
      "@id": "https://d-nb.info/gnd/4199236-2",
      "preferredName": "Philologe"
    },
    {
      "@id": "https://d-nb.info/gnd/4029050-5",
      "preferredName": "Jurist"
    },
    {
      "@id": "https://d-nb.info/gnd/4025098-2",
      "preferredName": "Historiker"
    },
    {
      "@id": "https://d-nb.info/gnd/4045790-4",
      "preferredName": "Philosoph"
    }
  ],
  "gender": {
    "@id": "https://d-nb.info/standards/vocab/gnd/gender#male",
    "label": "Mann"
  },
  "biographicalOrHistoricalInformation": "Deutscher Jurist, Philosoph und Philologe; Professor in Freiburg; Gymnasial-Rektor in Altdorf, Dozent fu\u0308r Rhetorik in Basel (1570)",
  "affiliation": [
    {
      "@id": "https://d-nb.info/gnd/2024338-8",
      "preferredName": "Albert-Ludwigs-Universita\u0308t Freiburg"
    }
  ],
  "relatedPerson": [
    {
      "@id": "https://d-nb.info/gnd/118641786",
      "relationship": "VD-16 Mitverf.",
      "preferredName": "Claudius Ptolemaeus"
    },
    {
      "@id": "https://d-nb.info/gnd/12169934X",
      "relationship": "VD-16 Mitverf.",
      "preferredName": "Gilbert Cousin"
    },
    {
      "relationship": "VD-16 Mitverf.",
      "preferredName": "Georgius Trapenzuntius"
    },
    {
      "@id": "https://d-nb.info/gnd/118530666",
      "relationship": "VD-16 Mitverf.",
      "preferredName": "Desiderius Erasmus"
    },
    {
      "@id": "https://d-nb.info/gnd/119699818",
      "relationship": "VD-16 Mitverf.",
      "preferredName": "Johannes Hartung"
    },
    {
      "@id": "https://d-nb.info/gnd/118520814",
      "relationship": "VD-16 Mitverf.",
      "preferredName": "Marcus Tullius Cicero"
    },
    {
      "@id": "https://d-nb.info/gnd/119600404",
      "relationship": "VD-16 Mitverf.",
      "preferredName": "Zanobi Acciaiuoli"
    },
    {
      "relationship": "VD-16 Mitverf.",
      "preferredName": "Niccolo\u0300 Leonico Tomeo"
    },
    {
      "@id": "https://d-nb.info/gnd/100075142",
      "relationship": "VD-16 Mitverf.",
      "preferredName": "Jodocus Castner"
    },
    {
      "relationship": "VD-16 Mitverf.",
      "preferredName": "Eusebius, von Caesarea"
    }
  ],
  "familialRelationship": [
    {
      "@id": "https://d-nb.info/gnd/119675919",
      "relationship": "Vater",
      "preferredName": "Nikolaus Freige"
    }
  ],
  "depiction": {
    "@id": "https://commons.wikimedia.org/wiki/Special:FilePath/Johann%20Thomas%20Freigius.jpg",
    "publisher": "Wikimedia Commons",
    "copyrighted": "false",
    "creator": [
      "Unknown authorUnknown author"
    ],
    "creditText": [
      "https://www.bildarchivaustria.at/Preview/9075125.jpg"
    ],
    "license": [
      {
        "@id": "https://creativecommons.org/publicdomain/mark/1.0/",
        "abbr": "PD",
        "name": "Public Domain",
        "attributionRequired": "false",
        "restrictions": ""
      }
    ],
    "url": "https://commons.wikimedia.org/wiki/File:Johann%20Thomas%20Freigius.jpg?uselang=en",
    "thumbnail": {
      "@id": "https://commons.wikimedia.org/wiki/Special:FilePath/Johann%20Thomas%20Freigius.jpg?width=270"
    }
  },
  "sameAs": [
    {
      "@id": "https://d-nb.info/gnd/11753689X/about",
      "collection": {
        "abbr": "DNB",
        "name": "Gemeinsame Normdatei (GND) im Katalog der Deutschen Nationalbibliothek",
        "publisher": "Deutsche Nationalbibliothek",
        "icon": "https://www.dnb.de/SiteGlobals/Frontend/DNBWeb/Images/favicon.png?__blob=normal&v=4"
      }
    },
    {
      "@id": "http://catalogue.bnf.fr/ark:/12148/cb13013852z",
      "collection": {
        "abbr": "BNF",
        "name": "Bibliothe\u0300que nationale de France",
        "publisher": "Bibliothe\u0300que nationale de France",
        "icon": "https://www.bnf.fr/themes/custom/bnfsi/favicon.ico"
      }
    },
    {
      "@id": "http://www.hls-dhs-dss.ch/textes/d/D48491.php",
      "collection": {
        "abbr": "CH_HLS",
        "name": "Historisches Lexikon der Schweiz (HLS)",
        "publisher": "Historisches Lexikon der Schweiz (HLS)",
        "icon": "https://www.hls-dhs-dss.ch/favicon.ico"
      }
    },
    {
      "@id": "https://aaa.gf-franken.de/de/recherche.html?permaLink=H1110",
      "collection": {
        "abbr": "AAA",
        "name": "Album Academicum Altorphinum (AAA)",
        "publisher": "Department Germanistik und Komparatistik der Friedrich-Alexander-Universit\u00e4t Erlangen-N\u00fcrnberg in Zusammenarbeit mit der Gesellschaft f\u00fcr Familienforschung in Franken",
        "icon": "https://www.gf-franken.de/favicon.ico"
      }
    },
    {
      "@id": "https://bmlo.de/Q/GND=11753689X",
      "collection": {
        "abbr": "DE-M512",
        "name": "Bayerisches Musiker-Lexikon Online",
        "publisher": "Bayerisches Musiker-Lexikon Online",
        "icon": "https://bmlo.de/x/pic/favicon.gif"
      }
    },
    {
      "@id": "https://de.wikipedia.org/wiki/Johann_Thomas_Freigius",
      "collection": {
        "abbr": "dewiki",
        "name": "Wikipedia (Deutsch)",
        "publisher": "Wikimedia Foundation Inc.",
        "icon": "https://de.wikipedia.org/static/favicon/wikipedia.ico"
      }
    },
    {
      "@id": "https://kalliope-verbund.info/gnd/11753689X",
      "collection": {
        "abbr": "DE-611",
        "name": "Kalliope Verbundkatalog",
        "publisher": "Staatsbibliothek zu Berlin - Preu\u00dfischer Kulturbesitz",
        "icon": "https://kalliope-verbund.info/img/favicon.ico"
      }
    },
    {
      "@id": "https://www.archivportal-d.de/person/gnd/11753689X",
      "collection": {
        "abbr": "ARCHIV-D",
        "name": "Archivportal-D",
        "publisher": "Deutsche Digitale Bibliothek",
        "icon": "https://www.archivportal-d.de/favicon.ico"
      }
    },
    {
      "@id": "https://www.deutsche-biographie.de/pnd11753689X.html#adbcontent",
      "collection": {
        "abbr": "ADB",
        "name": "Allgemeine Deutsche Biographie (ADB)",
        "publisher": "Historische Kommission bei der Bayerischen Akademie der Wissenschaften und Bayerische Staatsbibliothek",
        "icon": "https://www.deutsche-biographie.de/favicon.ico"
      }
    },
    {
      "@id": "https://www.deutsche-digitale-bibliothek.de/person/gnd/11753689X",
      "collection": {
        "abbr": "DDB",
        "name": "Deutsche Digitale Bibliothek",
        "publisher": "Deutsche Digitale Bibliothek",
        "icon": "https://www.deutsche-digitale-bibliothek.de/favicon.ico"
      }
    },
    {
      "@id": "https://www.portraitindex.de/dokumente/pnd/11753689X",
      "collection": {
        "abbr": "Portraitindex",
        "name": "Digitaler Portraitindex der druckgraphischen Bildnisse der Fru\u0308hen Neuzeit",
        "publisher": "Deutsches Dokumentationszentrum fu\u0308r Kunstgeschichte - Bildarchiv Foto Marburg",
        "icon": "https://www.portraitindex.de/favicon.ico"
      }
    },
    {
      "@id": "http://id.loc.gov/rwo/agents/n86003326",
      "collection": {
        "abbr": "LC",
        "name": "NACO Authority File",
        "publisher": "Library of Congress",
        "icon": "https://www.loc.gov/favicon.ico"
      }
    },
    {
      "@id": "http://viaf.org/viaf/41974320",
      "collection": {
        "abbr": "VIAF",
        "name": "Virtual International Authority File (VIAF)",
        "publisher": "OCLC",
        "icon": "https://viaf.org/viaf/images/viaf.ico"
      }
    },
    {
      "@id": "http://www.wikidata.org/entity/Q21544013",
      "collection": {
        "abbr": "WIKIDATA",
        "name": "Wikidata",
        "publisher": "Wikimedia Foundation Inc.",
        "icon": "https://www.wikidata.org/static/favicon/wikidata.ico"
      }
    },
    {
      "@id": "https://isni.org/isni/0000000081207900",
      "collection": {
        "abbr": "ISNI",
        "name": "International Standard Name Identifier (ISNI)",
        "publisher": "International Standard Name Identifier (ISNI)",
        "icon": "https://www.isni.org/sites/default/files/isni_new_favicon.ico"
      }
    }
  ]
}