{
  "@context": "http://hub.culturegraph.org/entityfacts/context/v1/entityfacts.jsonld",
  "@id": "https://d-nb.info/gnd/117459003",
  "describedBy": {
    "valid": "2026-04-26T17:53:27Z",
    "license": "https://creativecommons.org/publicdomain/zero/1.0/",
    "@id": "https://hub.culturegraph.org/entityfacts/117459003"
  },
  "preferredName": "Melchior Sebisch",
  "surname": "Sebisch",
  "forename": "Melchior",
  "@type": "person",
  "variantName": [
    "Melchior Sebisch der A\u0308ltere",
    "Melchior Sebitz",
    "Melchior Sebiz",
    "Melchior Sebizius"
  ],
  "dateOfBirth": "1539",
  "dateOfDeath": "June 19, 1625",
  "placeOfBirth": [
    {
      "@id": "https://d-nb.info/gnd/4399077-0",
      "preferredName": "Falkenberg (Oberschlesien)"
    }
  ],
  "placeOfDeath": [
    {
      "@id": "https://d-nb.info/gnd/4057878-1",
      "preferredName": "Stra\u00dfburg"
    }
  ],
  "placeOfActivity": [
    {
      "@id": "https://d-nb.info/gnd/4094465-7",
      "preferredName": "Hagenau"
    },
    {
      "@id": "https://d-nb.info/gnd/4057878-1",
      "preferredName": "Stra\u00dfburg"
    }
  ],
  "associatedCountry": [
    {
      "@id": "https://d-nb.info/standards/vocab/gnd/geographic-area-code#XA-DE",
      "preferredName": "Deutschland"
    }
  ],
  "professionOrOccupation": [
    {
      "@id": "https://d-nb.info/gnd/4003157-3",
      "preferredName": "Arzt"
    },
    {
      "@id": "https://d-nb.info/gnd/4146402-3",
      "preferredName": "Botaniker"
    },
    {
      "@id": "https://d-nb.info/gnd/4025243-7",
      "preferredName": "Hochschullehrer"
    },
    {
      "@id": "https://d-nb.info/gnd/4061414-1",
      "preferredName": "U\u0308bersetzer"
    }
  ],
  "gender": {
    "@id": "https://d-nb.info/standards/vocab/gnd/gender#male",
    "label": "Mann"
  },
  "biographicalOrHistoricalInformation": "Dt. Mediziner; Promotion 1571 in Valence; 1574 Stadtphysikus in Hagenau (Elsa\u00df); ab 1586 Arzt, Professor und Ehrenrektor in Stra\u00dfburg, auch Schulinspektor; 1612 emeritiert",
  "familialRelationship": [
    {
      "@id": "https://d-nb.info/gnd/121514188",
      "relationship": "Sohn",
      "preferredName": "Melchior Sebisch"
    }
  ],
  "depiction": {
    "@id": "https://commons.wikimedia.org/wiki/Special:FilePath/Melchior%20Sebizius.%20Line%20engraving%20by%20J.%20ab%20Heyden%20after%20hims%20Wellcome%20V0005345.jpg",
    "publisher": "Wikimedia Commons",
    "copyrighted": "true",
    "creator": [
      ""
    ],
    "creditText": [
      "https://wellcomeimages.org/indexplus/obf_images/c0/f6/0c40621e604fcc16ee991c5fc114.jpg Gallery: https://wellcomeimages.org/indexplus/image/V0005345.html Wellcome Collection gallery (2018-03-31): https://wellcomecollection.org/works/srthhxur CC-BY-4.0"
    ],
    "license": [
      {
        "@id": "https://creativecommons.org/licenses/by/4.0",
        "abbr": "CC BY 4.0",
        "name": "Creative Commons Attribution 4.0",
        "attributionRequired": "true",
        "restrictions": ""
      }
    ],
    "url": "https://commons.wikimedia.org/wiki/File:Melchior%20Sebizius.%20Line%20engraving%20by%20J.%20ab%20Heyden%20after%20hims%20Wellcome%20V0005345.jpg?uselang=en",
    "thumbnail": {
      "@id": "https://commons.wikimedia.org/wiki/Special:FilePath/Melchior%20Sebizius.%20Line%20engraving%20by%20J.%20ab%20Heyden%20after%20hims%20Wellcome%20V0005345.jpg?width=270"
    }
  },
  "sameAs": [
    {
      "@id": "https://d-nb.info/gnd/117459003/about",
      "collection": {
        "abbr": "DNB",
        "name": "Gemeinsame Normdatei (GND) im Katalog der Deutschen Nationalbibliothek",
        "publisher": "Deutsche Nationalbibliothek",
        "icon": "https://www.dnb.de/SiteGlobals/Frontend/DNBWeb/Images/favicon.png?__blob=normal&v=4"
      }
    },
    {
      "@id": "http://catalogue.bnf.fr/ark:/12148/cb158485053",
      "collection": {
        "abbr": "BNF",
        "name": "Bibliothe\u0300que nationale de France",
        "publisher": "Bibliothe\u0300que nationale de France",
        "icon": "https://www.bnf.fr/themes/custom/bnfsi/favicon.ico"
      }
    },
    {
      "@id": "https://kalliope-verbund.info/gnd/117459003",
      "collection": {
        "abbr": "DE-611",
        "name": "Kalliope Verbundkatalog",
        "publisher": "Staatsbibliothek zu Berlin - Preu\u00dfischer Kulturbesitz",
        "icon": "https://kalliope-verbund.info/img/favicon.ico"
      }
    },
    {
      "@id": "https://raa.gf-franken.de/de/suche-nach-stammbucheintraegen.html?permaLink=1607_renner;226",
      "collection": {
        "abbr": "RAAE",
        "name": "Repertorium Alborum Amicorum (RAA) - Stammbucheintr\u00e4ge",
        "publisher": "Department Germanistik und Komparatistik der Friedrich-Alexander-Universit\u00e4t Erlangen-N\u00fcrnberg in Zusammenarbeit mit der Gesellschaft f\u00fcr Familienforschung in Franken",
        "icon": "https://www.gf-franken.de/favicon.ico"
      }
    },
    {
      "@id": "https://raa.gf-franken.de/de/suche-nach-stammbucheintraegen.html?permaLink=1612_geisselbrunner;51",
      "collection": {
        "abbr": "RAAE",
        "name": "Repertorium Alborum Amicorum (RAA) - Stammbucheintr\u00e4ge",
        "publisher": "Department Germanistik und Komparatistik der Friedrich-Alexander-Universit\u00e4t Erlangen-N\u00fcrnberg in Zusammenarbeit mit der Gesellschaft f\u00fcr Familienforschung in Franken",
        "icon": "https://www.gf-franken.de/favicon.ico"
      }
    },
    {
      "@id": "https://www.archivportal-d.de/person/gnd/117459003",
      "collection": {
        "abbr": "ARCHIV-D",
        "name": "Archivportal-D",
        "publisher": "Deutsche Digitale Bibliothek",
        "icon": "https://www.archivportal-d.de/favicon.ico"
      }
    },
    {
      "@id": "https://www.deutsche-biographie.de/pnd117459003.html#adbcontent",
      "collection": {
        "abbr": "ADB",
        "name": "Allgemeine Deutsche Biographie (ADB)",
        "publisher": "Historische Kommission bei der Bayerischen Akademie der Wissenschaften und Bayerische Staatsbibliothek",
        "icon": "https://www.deutsche-biographie.de/favicon.ico"
      }
    },
    {
      "@id": "https://www.deutsche-digitale-bibliothek.de/person/gnd/117459003",
      "collection": {
        "abbr": "DDB",
        "name": "Deutsche Digitale Bibliothek",
        "publisher": "Deutsche Digitale Bibliothek",
        "icon": "https://www.deutsche-digitale-bibliothek.de/favicon.ico"
      }
    },
    {
      "@id": "https://www.portraitindex.de/dokumente/pnd/117459003",
      "collection": {
        "abbr": "Portraitindex",
        "name": "Digitaler Portraitindex der druckgraphischen Bildnisse der Fru\u0308hen Neuzeit",
        "publisher": "Deutsches Dokumentationszentrum fu\u0308r Kunstgeschichte - Bildarchiv Foto Marburg",
        "icon": "https://www.portraitindex.de/favicon.ico"
      }
    },
    {
      "@id": "http://id.loc.gov/rwo/agents/n88139814",
      "collection": {
        "abbr": "LC",
        "name": "NACO Authority File",
        "publisher": "Library of Congress",
        "icon": "https://www.loc.gov/favicon.ico"
      }
    },
    {
      "@id": "http://viaf.org/viaf/71728865",
      "collection": {
        "abbr": "VIAF",
        "name": "Virtual International Authority File (VIAF)",
        "publisher": "OCLC",
        "icon": "https://viaf.org/viaf/images/viaf.ico"
      }
    },
    {
      "@id": "http://www.wikidata.org/entity/Q85973167",
      "collection": {
        "abbr": "WIKIDATA",
        "name": "Wikidata",
        "publisher": "Wikimedia Foundation Inc.",
        "icon": "https://www.wikidata.org/static/favicon/wikidata.ico"
      }
    },
    {
      "@id": "https://isni.org/isni/0000000061441660",
      "collection": {
        "abbr": "ISNI",
        "name": "International Standard Name Identifier (ISNI)",
        "publisher": "International Standard Name Identifier (ISNI)",
        "icon": "https://www.isni.org/sites/default/files/isni_new_favicon.ico"
      }
    }
  ]
}