{
  "@context": "http://hub.culturegraph.org/entityfacts/context/v1/entityfacts.jsonld",
  "@id": "https://d-nb.info/gnd/117416088",
  "describedBy": {
    "valid": "2026-04-26T19:18:32Z",
    "license": "https://creativecommons.org/publicdomain/zero/1.0/",
    "@id": "https://hub.culturegraph.org/entityfacts/117416088"
  },
  "preferredName": "Theodor Vietor",
  "surname": "Vietor",
  "forename": "Theodor",
  "@type": "person",
  "variantName": [
    "Theodorus Vietor"
  ],
  "dateOfBirth": "XX.XX.1560",
  "dateOfDeath": "June 4, 1644",
  "placeOfBirth": [
    {
      "@id": "https://d-nb.info/gnd/4035592-5",
      "preferredName": "Lich"
    }
  ],
  "placeOfActivity": [
    {
      "@id": "https://d-nb.info/gnd/4020989-1",
      "preferredName": "Gie\u00dfen"
    },
    {
      "@id": "https://d-nb.info/gnd/4037446-4",
      "preferredName": "Marburg"
    }
  ],
  "associatedCountry": [
    {
      "@id": "https://d-nb.info/standards/vocab/gnd/geographic-area-code#XA-DE",
      "preferredName": "Deutschland"
    }
  ],
  "professionOrOccupation": [
    {
      "@id": "https://d-nb.info/gnd/4199241-6",
      "preferredName": "Klassischer Philologe"
    }
  ],
  "gender": {
    "@id": "https://d-nb.info/standards/vocab/gnd/gender#male",
    "label": "Mann"
  },
  "biographicalOrHistoricalInformation": "Student in Marpurg, 1585 Konrektor in Kassel, 1595 Prof. der griech. Sprache, 1603 Pa\u0308dagogiarcha in Marburg",
  "relatedPerson": [
    {
      "@id": "https://d-nb.info/gnd/118594893",
      "relationship": "VD-16 Mitverf.",
      "preferredName": "Plato"
    },
    {
      "@id": "https://d-nb.info/gnd/118595237",
      "relationship": "VD-16 Mitverf.",
      "preferredName": "Plutarchus"
    },
    {
      "@id": "https://d-nb.info/gnd/100335993",
      "relationship": "VD-16 Mitverf.",
      "preferredName": "Jean de Serres"
    },
    {
      "relationship": "VD-16 Mitverf.",
      "preferredName": "Philipp Melanchthon"
    },
    {
      "@id": "https://d-nb.info/gnd/119763192",
      "relationship": "VD-16 Mitverf.",
      "preferredName": "Christoph Mu\u0308ldener"
    }
  ],
  "depiction": {
    "@id": "https://commons.wikimedia.org/wiki/Special:FilePath/Theodor-Vietor.jpg",
    "publisher": "Wikimedia Commons",
    "copyrighted": "false",
    "creator": [
      "1631"
    ],
    "creditText": [
      "Universit\u00e4tsarchiv und-bibliothek Gie\u00dfen, Signatur: HR A 4 a"
    ],
    "license": [
      {
        "@id": "https://creativecommons.org/publicdomain/mark/1.0/",
        "abbr": "PD",
        "name": "Public Domain",
        "attributionRequired": "false",
        "restrictions": ""
      }
    ],
    "url": "https://commons.wikimedia.org/wiki/File:Theodor-Vietor.jpg?uselang=en",
    "thumbnail": {
      "@id": "https://commons.wikimedia.org/wiki/Special:FilePath/Theodor-Vietor.jpg?width=270"
    }
  },
  "sameAs": [
    {
      "@id": "https://d-nb.info/gnd/117416088/about",
      "collection": {
        "abbr": "DNB",
        "name": "Gemeinsame Normdatei (GND) im Katalog der Deutschen Nationalbibliothek",
        "publisher": "Deutsche Nationalbibliothek",
        "icon": "https://www.dnb.de/SiteGlobals/Frontend/DNBWeb/Images/favicon.png?__blob=normal&v=4"
      }
    },
    {
      "@id": "https://kalliope-verbund.info/gnd/117416088",
      "collection": {
        "abbr": "DE-611",
        "name": "Kalliope Verbundkatalog",
        "publisher": "Staatsbibliothek zu Berlin - Preu\u00dfischer Kulturbesitz",
        "icon": "https://kalliope-verbund.info/img/favicon.ico"
      }
    },
    {
      "@id": "https://raa.gf-franken.de/de/suche-nach-stammbucheintraegen.html?permaLink=1607_keitwerd;16",
      "collection": {
        "abbr": "RAAE",
        "name": "Repertorium Alborum Amicorum (RAA) - Stammbucheintr\u00e4ge",
        "publisher": "Department Germanistik und Komparatistik der Friedrich-Alexander-Universit\u00e4t Erlangen-N\u00fcrnberg in Zusammenarbeit mit der Gesellschaft f\u00fcr Familienforschung in Franken",
        "icon": "https://www.gf-franken.de/favicon.ico"
      }
    },
    {
      "@id": "https://www.deutsche-digitale-bibliothek.de/person/gnd/117416088",
      "collection": {
        "abbr": "DDB",
        "name": "Deutsche Digitale Bibliothek",
        "publisher": "Deutsche Digitale Bibliothek",
        "icon": "https://www.deutsche-digitale-bibliothek.de/favicon.ico"
      }
    },
    {
      "@id": "https://www.lagis-hessen.de/pnd/117416088",
      "collection": {
        "abbr": "LAGIS",
        "name": "Hessische Biografie",
        "publisher": "Hessisches Landesamt fu\u0308r geschichtliche Landeskunde",
        "icon": "https://www.lagis-hessen.de/favicon.ico"
      }
    },
    {
      "@id": "https://www.portraitindex.de/dokumente/pnd/117416088",
      "collection": {
        "abbr": "Portraitindex",
        "name": "Digitaler Portraitindex der druckgraphischen Bildnisse der Fru\u0308hen Neuzeit",
        "publisher": "Deutsches Dokumentationszentrum fu\u0308r Kunstgeschichte - Bildarchiv Foto Marburg",
        "icon": "https://www.portraitindex.de/favicon.ico"
      }
    },
    {
      "@id": "http://viaf.org/viaf/476168453524866300006",
      "collection": {
        "abbr": "VIAF",
        "name": "Virtual International Authority File (VIAF)",
        "publisher": "OCLC",
        "icon": "https://viaf.org/viaf/images/viaf.ico"
      }
    },
    {
      "@id": "http://www.wikidata.org/entity/Q58425565",
      "collection": {
        "abbr": "WIKIDATA",
        "name": "Wikidata",
        "publisher": "Wikimedia Foundation Inc.",
        "icon": "https://www.wikidata.org/static/favicon/wikidata.ico"
      }
    }
  ]
}