{
  "@context": "http://hub.culturegraph.org/entityfacts/context/v1/entityfacts.jsonld",
  "@id": "https://d-nb.info/gnd/117415952",
  "describedBy": {
    "valid": "2026-05-01T13:56:12Z",
    "license": "https://creativecommons.org/publicdomain/zero/1.0/",
    "@id": "https://hub.culturegraph.org/entityfacts/117415952"
  },
  "preferredName": "Johannes Vietor",
  "surname": "Vietor",
  "forename": "Johannes",
  "@type": "person",
  "variantName": [
    "Johann Vietor",
    "Iohannes Vietor",
    "Johannes Vietoris",
    "Ioannes Vietor",
    "Johannes Michelbach",
    "Joh. Vietor",
    "Ioh. Vietor",
    "Iohann. Vietor"
  ],
  "dateOfBirth": "August 1, 1574",
  "dateOfDeath": "January 25, 1628",
  "placeOfBirth": [
    {
      "@id": "https://d-nb.info/gnd/4001366-2",
      "preferredName": "Alsfeld"
    }
  ],
  "placeOfDeath": [
    {
      "@id": "https://d-nb.info/gnd/4011077-1",
      "preferredName": "Darmstadt"
    }
  ],
  "placeOfActivity": [
    {
      "@id": "https://d-nb.info/gnd/2012572-0",
      "preferredName": "Goddelau"
    },
    {
      "@id": "https://d-nb.info/gnd/4011077-1",
      "preferredName": "Darmstadt"
    }
  ],
  "associatedCountry": [
    {
      "@id": "https://d-nb.info/standards/vocab/gnd/geographic-area-code#XA-DE",
      "preferredName": "Deutschland"
    }
  ],
  "professionOrOccupation": [
    {
      "@id": "https://d-nb.info/gnd/4015882-2",
      "preferredName": "Evangelischer Theologe"
    },
    {
      "@id": "https://d-nb.info/gnd/4132592-8",
      "preferredName": "Pfarrer"
    },
    {
      "@id": "https://d-nb.info/gnd/4210801-9",
      "preferredName": "Hofprediger"
    },
    {
      "@id": "https://d-nb.info/gnd/4184110-4",
      "preferredName": "Superintendent"
    }
  ],
  "gender": {
    "@id": "https://d-nb.info/standards/vocab/gnd/gender#male",
    "label": "Mann"
  },
  "biographicalOrHistoricalInformation": "Evangelisch-lutherischer Theologe; Pfarrer in Goddelau; Hofprediger in Darmstadt; Superintendent der Obergrafschaft Katzenelnbogen in Darmstadt",
  "relatedPerson": [
    {
      "@id": "https://d-nb.info/gnd/117543640",
      "relationship": "VD-16 Mitverf.",
      "preferredName": "Salomon Gesner"
    },
    {
      "relationship": "VD-16 Mitverf.",
      "preferredName": "Rudolf Goclenius, der A\u0308ltere"
    },
    {
      "@id": "https://d-nb.info/gnd/119842203",
      "relationship": "VD-16 Mitverf.",
      "preferredName": "Wolfgang Strobel"
    },
    {
      "relationship": "VD-16 Mitverf.",
      "preferredName": "Konrad Ru\u0308hel"
    },
    {
      "@id": "https://d-nb.info/gnd/11971129X",
      "relationship": "VD-16 Mitverf.",
      "preferredName": "Stephan Hu\u0308mpel"
    },
    {
      "@id": "https://d-nb.info/gnd/104153334",
      "relationship": "VD-16 Mitverf.",
      "preferredName": "Ludwig Hunnius"
    },
    {
      "@id": "https://d-nb.info/gnd/119649969",
      "relationship": "VD-16 Mitverf.",
      "preferredName": "Georg Cunrad"
    },
    {
      "@id": "https://d-nb.info/gnd/118891804",
      "relationship": "VD-16 Mitverf.",
      "preferredName": "Conrad Dieterich"
    },
    {
      "@id": "https://d-nb.info/gnd/122262573",
      "relationship": "VD-16 Mitverf.",
      "preferredName": "Heinrich Leuchter"
    },
    {
      "@id": "https://d-nb.info/gnd/128605391",
      "relationship": "VD-16 Mitverf.",
      "preferredName": "Peter Grabow"
    }
  ],
  "familialRelationship": [
    {
      "@id": "https://d-nb.info/gnd/104265736",
      "relationship": "Vater",
      "preferredName": "Justus Vietor"
    },
    {
      "@id": "https://d-nb.info/gnd/115388885",
      "relationship": "Bruder",
      "preferredName": "Jeremias Vietor"
    },
    {
      "@id": "https://d-nb.info/gnd/1220055549",
      "relationship": "Sohn",
      "preferredName": "Johann Daniel Vietor"
    },
    {
      "@id": "https://d-nb.info/gnd/124464696",
      "relationship": "Sohn",
      "preferredName": "Johann Heinrich Vietor"
    }
  ],
  "sameAs": [
    {
      "@id": "https://d-nb.info/gnd/117415952/about",
      "collection": {
        "abbr": "DNB",
        "name": "Gemeinsame Normdatei (GND) im Katalog der Deutschen Nationalbibliothek",
        "publisher": "Deutsche Nationalbibliothek",
        "icon": "https://www.dnb.de/SiteGlobals/Frontend/DNBWeb/Images/favicon.png?__blob=normal&v=4"
      }
    },
    {
      "@id": "https://de.wikipedia.org/wiki/Johannes_Vietor",
      "collection": {
        "abbr": "dewiki",
        "name": "Wikipedia (Deutsch)",
        "publisher": "Wikimedia Foundation Inc.",
        "icon": "https://de.wikipedia.org/static/favicon/wikipedia.ico"
      }
    },
    {
      "@id": "https://kalliope-verbund.info/gnd/117415952",
      "collection": {
        "abbr": "DE-611",
        "name": "Kalliope Verbundkatalog",
        "publisher": "Staatsbibliothek zu Berlin - Preu\u00dfischer Kulturbesitz",
        "icon": "https://kalliope-verbund.info/img/favicon.ico"
      }
    },
    {
      "@id": "https://raa.gf-franken.de/de/suche-nach-stammbucheintraegen.html?permaLink=1592_vietor;0",
      "collection": {
        "abbr": "RAAE",
        "name": "Repertorium Alborum Amicorum (RAA) - Stammbucheintr\u00e4ge",
        "publisher": "Department Germanistik und Komparatistik der Friedrich-Alexander-Universit\u00e4t Erlangen-N\u00fcrnberg in Zusammenarbeit mit der Gesellschaft f\u00fcr Familienforschung in Franken",
        "icon": "https://www.gf-franken.de/favicon.ico"
      }
    },
    {
      "@id": "https://raa.gf-franken.de/de/suche-nach-stammbuechern.html?permaLink=1592_vietor",
      "collection": {
        "abbr": "RAAS",
        "name": "Repertorium Alborum Amicorum (RAA) - Stammb\u00fccher",
        "publisher": "Department Germanistik und Komparatistik der Friedrich-Alexander-Universit\u00e4t Erlangen-N\u00fcrnberg in Zusammenarbeit mit der Gesellschaft f\u00fcr Familienforschung in Franken",
        "icon": "https://www.gf-franken.de/favicon.ico"
      }
    },
    {
      "@id": "https://www.deutsche-biographie.de/pnd117415952.html#adbcontent",
      "collection": {
        "abbr": "ADB",
        "name": "Allgemeine Deutsche Biographie (ADB)",
        "publisher": "Historische Kommission bei der Bayerischen Akademie der Wissenschaften und Bayerische Staatsbibliothek",
        "icon": "https://www.deutsche-biographie.de/favicon.ico"
      }
    },
    {
      "@id": "https://www.deutsche-digitale-bibliothek.de/person/gnd/117415952",
      "collection": {
        "abbr": "DDB",
        "name": "Deutsche Digitale Bibliothek",
        "publisher": "Deutsche Digitale Bibliothek",
        "icon": "https://www.deutsche-digitale-bibliothek.de/favicon.ico"
      }
    },
    {
      "@id": "https://www.lagis-hessen.de/pnd/117415952",
      "collection": {
        "abbr": "LAGIS",
        "name": "Hessische Biografie",
        "publisher": "Hessisches Landesamt fu\u0308r geschichtliche Landeskunde",
        "icon": "https://www.lagis-hessen.de/favicon.ico"
      }
    },
    {
      "@id": "http://viaf.org/viaf/15545895",
      "collection": {
        "abbr": "VIAF",
        "name": "Virtual International Authority File (VIAF)",
        "publisher": "OCLC",
        "icon": "https://viaf.org/viaf/images/viaf.ico"
      }
    },
    {
      "@id": "http://www.wikidata.org/entity/Q55127065",
      "collection": {
        "abbr": "WIKIDATA",
        "name": "Wikidata",
        "publisher": "Wikimedia Foundation Inc.",
        "icon": "https://www.wikidata.org/static/favicon/wikidata.ico"
      }
    }
  ]
}