{
  "@context": "http://hub.culturegraph.org/entityfacts/context/v1/entityfacts.jsonld",
  "@id": "https://d-nb.info/gnd/117295671",
  "describedBy": {
    "valid": "2026-05-01T15:41:52Z",
    "license": "https://creativecommons.org/publicdomain/zero/1.0/",
    "@id": "https://hub.culturegraph.org/entityfacts/117295671"
  },
  "preferredName": "Johann Georg von Werdenstein",
  "surname": "Werdenstein",
  "prefix": "von",
  "forename": "Johann Georg",
  "@type": "person",
  "variantName": [
    "Joh... Georg a\u0301 Werdenstein",
    "Joh. Georg a\u0301 Werdenstein",
    "Johannes Georg von Werdenstein",
    "Hans Georg von Werdenstein",
    "Johannes Georgius a Werdenstein",
    "H. G. V. W.",
    "HGVW",
    "I.G.V.W.",
    "IGVW"
  ],
  "dateOfBirth": "1542",
  "dateOfDeath": "1608",
  "associatedCountry": [
    {
      "@id": "https://d-nb.info/standards/vocab/gnd/geographic-area-code#XA-DE",
      "preferredName": "Deutschland"
    }
  ],
  "professionOrOccupation": [
    {
      "@id": "https://d-nb.info/gnd/4138339-4",
      "preferredName": "Domkapitular"
    },
    {
      "@id": "https://d-nb.info/gnd/4145245-8",
      "preferredName": "Bibliophiler"
    }
  ],
  "gender": {
    "@id": "https://d-nb.info/standards/vocab/gnd/gender#male",
    "label": "Mann"
  },
  "biographicalOrHistoricalInformation": "Domherr in Augsburg u. Eichsta\u0308tt; bedeutende Bibliothek mit vielen Musikalien (heute Bayerische Staatsbibliothek, Mu\u0308nchen)",
  "affiliation": [
    {
      "@id": "https://d-nb.info/gnd/4248102-8",
      "preferredName": "Katholische Kirche. Domkapitel"
    },
    {
      "@id": "https://d-nb.info/gnd/1086485785",
      "preferredName": "Katholische Kirche. Dio\u0308zese Eichsta\u0308tt"
    }
  ],
  "relatedPerson": [
    {
      "@id": "https://d-nb.info/gnd/118677446",
      "relationship": "VD-16 Mitverf",
      "preferredName": "Martin Crusius"
    },
    {
      "@id": "https://d-nb.info/gnd/119677784",
      "relationship": "VD-16 Mitverf.",
      "preferredName": "Lorenz Friseus"
    },
    {
      "@id": "https://d-nb.info/gnd/118553690",
      "relationship": "VD-16 Mitverf.",
      "preferredName": "Sebastian Hornmold"
    },
    {
      "@id": "https://d-nb.info/gnd/116992514",
      "relationship": "VD-16 Mitverf.",
      "preferredName": "Hieronymus Megiser"
    },
    {
      "@id": "https://d-nb.info/gnd/118641158",
      "relationship": "VD-16 Mitverf.",
      "preferredName": "Thomas More"
    },
    {
      "@id": "https://d-nb.info/gnd/11856000X",
      "relationship": "VD-16 Mitverf.",
      "preferredName": "Johannes Karg"
    },
    {
      "@id": "https://d-nb.info/gnd/119767880",
      "relationship": "VD-16 Mitverf.",
      "preferredName": "Johannes Moser"
    },
    {
      "@id": "https://d-nb.info/gnd/119726491",
      "relationship": "VD-16 Mitverf.",
      "preferredName": "Lorenz Walter Ku\u0308chel"
    },
    {
      "@id": "https://d-nb.info/gnd/124746012",
      "relationship": "VD-16 Mitverf.",
      "preferredName": "Friedrich Helbach"
    },
    {
      "@id": "https://d-nb.info/gnd/11966187X",
      "relationship": "VD-16 Mitverf.",
      "preferredName": "Simon Eisen"
    }
  ],
  "depiction": {
    "@id": "https://commons.wikimedia.org/wiki/Special:FilePath/Werdenstein%20Johann%20Georg%20von.jpg",
    "publisher": "Wikimedia Commons",
    "copyrighted": "false",
    "creator": [
      "zeitgen\u00f6ssischer Stecher um 1600"
    ],
    "creditText": [
      "Bildarchiv Austria https://www.bildarchivaustria.at/Pages/ImageDetail.aspx?p_iBildID=7757423"
    ],
    "license": [
      {
        "@id": "https://creativecommons.org/publicdomain/mark/1.0/",
        "abbr": "PD",
        "name": "Public Domain",
        "attributionRequired": "false",
        "restrictions": ""
      }
    ],
    "url": "https://commons.wikimedia.org/wiki/File:Werdenstein%20Johann%20Georg%20von.jpg?uselang=en",
    "thumbnail": {
      "@id": "https://commons.wikimedia.org/wiki/Special:FilePath/Werdenstein%20Johann%20Georg%20von.jpg?width=270"
    }
  },
  "sameAs": [
    {
      "@id": "https://d-nb.info/gnd/117295671/about",
      "collection": {
        "abbr": "DNB",
        "name": "Gemeinsame Normdatei (GND) im Katalog der Deutschen Nationalbibliothek",
        "publisher": "Deutsche Nationalbibliothek",
        "icon": "https://www.dnb.de/SiteGlobals/Frontend/DNBWeb/Images/favicon.png?__blob=normal&v=4"
      }
    },
    {
      "@id": "https://bmlo.de/Q/GND=117295671",
      "collection": {
        "abbr": "DE-M512",
        "name": "Bayerisches Musiker-Lexikon Online",
        "publisher": "Bayerisches Musiker-Lexikon Online",
        "icon": "https://bmlo.de/x/pic/favicon.gif"
      }
    },
    {
      "@id": "https://de.wikipedia.org/wiki/Johann_Georg_von_Werdenstein",
      "collection": {
        "abbr": "dewiki",
        "name": "Wikipedia (Deutsch)",
        "publisher": "Wikimedia Foundation Inc.",
        "icon": "https://de.wikipedia.org/static/favicon/wikipedia.ico"
      }
    },
    {
      "@id": "https://en.wikipedia.org/wiki/Johann_Georg_von_Werdenstein",
      "collection": {
        "abbr": "enwiki",
        "name": "Wikipedia (English)",
        "publisher": "Wikimedia Foundation Inc.",
        "icon": "https://en.wikipedia.org/static/favicon/wikipedia.ico"
      }
    },
    {
      "@id": "https://raa.gf-franken.de/de/suche-nach-stammbucheintraegen.html?permaLink=1563_werdenstein;0",
      "collection": {
        "abbr": "RAAE",
        "name": "Repertorium Alborum Amicorum (RAA) - Stammbucheintr\u00e4ge",
        "publisher": "Department Germanistik und Komparatistik der Friedrich-Alexander-Universit\u00e4t Erlangen-N\u00fcrnberg in Zusammenarbeit mit der Gesellschaft f\u00fcr Familienforschung in Franken",
        "icon": "https://www.gf-franken.de/favicon.ico"
      }
    },
    {
      "@id": "https://raa.gf-franken.de/de/suche-nach-stammbuechern.html?permaLink=1563_werdenstein",
      "collection": {
        "abbr": "RAAS",
        "name": "Repertorium Alborum Amicorum (RAA) - Stammb\u00fccher",
        "publisher": "Department Germanistik und Komparatistik der Friedrich-Alexander-Universit\u00e4t Erlangen-N\u00fcrnberg in Zusammenarbeit mit der Gesellschaft f\u00fcr Familienforschung in Franken",
        "icon": "https://www.gf-franken.de/favicon.ico"
      }
    },
    {
      "@id": "https://www.deutsche-digitale-bibliothek.de/person/gnd/117295671",
      "collection": {
        "abbr": "DDB",
        "name": "Deutsche Digitale Bibliothek",
        "publisher": "Deutsche Digitale Bibliothek",
        "icon": "https://www.deutsche-digitale-bibliothek.de/favicon.ico"
      }
    },
    {
      "@id": "https://www.portraitindex.de/dokumente/pnd/117295671",
      "collection": {
        "abbr": "Portraitindex",
        "name": "Digitaler Portraitindex der druckgraphischen Bildnisse der Fru\u0308hen Neuzeit",
        "publisher": "Deutsches Dokumentationszentrum fu\u0308r Kunstgeschichte - Bildarchiv Foto Marburg",
        "icon": "https://www.portraitindex.de/favicon.ico"
      }
    },
    {
      "@id": "http://id.loc.gov/rwo/agents/n2006011851",
      "collection": {
        "abbr": "LC",
        "name": "NACO Authority File",
        "publisher": "Library of Congress",
        "icon": "https://www.loc.gov/favicon.ico"
      }
    },
    {
      "@id": "http://viaf.org/viaf/49999473",
      "collection": {
        "abbr": "VIAF",
        "name": "Virtual International Authority File (VIAF)",
        "publisher": "OCLC",
        "icon": "https://viaf.org/viaf/images/viaf.ico"
      }
    },
    {
      "@id": "http://www.wikidata.org/entity/Q6215887",
      "collection": {
        "abbr": "WIKIDATA",
        "name": "Wikidata",
        "publisher": "Wikimedia Foundation Inc.",
        "icon": "https://www.wikidata.org/static/favicon/wikidata.ico"
      }
    },
    {
      "@id": "https://isni.org/isni/0000000041354500",
      "collection": {
        "abbr": "ISNI",
        "name": "International Standard Name Identifier (ISNI)",
        "publisher": "International Standard Name Identifier (ISNI)",
        "icon": "https://www.isni.org/sites/default/files/isni_new_favicon.ico"
      }
    }
  ]
}