{
  "@context": "http://hub.culturegraph.org/entityfacts/context/v1/entityfacts.jsonld",
  "@id": "https://d-nb.info/gnd/117256145",
  "describedBy": {
    "valid": "2026-04-27T03:17:59Z",
    "license": "https://creativecommons.org/publicdomain/zero/1.0/",
    "@id": "https://hub.culturegraph.org/entityfacts/117256145"
  },
  "preferredName": "Eberhard von Weyhe",
  "surname": "Weyhe",
  "prefix": "von",
  "forename": "Eberhard",
  "@type": "person",
  "academicDegree": [
    "Prof."
  ],
  "variantName": [
    "Eberhartus a\u0300 Weyhe",
    "Eberhard von Weihe",
    "Eberart de Weihe",
    "Eberhart a Weihe",
    "Eberhard a Weihe",
    "Eberhardus a Weihe",
    "Eberartus de Weihe",
    "Eberhartus Weyhe",
    "Everhardus a\u0300 Weihe",
    "Eberhard von Weihe"
  ],
  "pseudonym": [
    {
      "preferredName": "Mirabilis de Bonacasa"
    },
    {
      "preferredName": "Warnmundus ab Ehrenberg"
    },
    {
      "preferredName": "Waremundus de Ehrenberg"
    },
    {
      "preferredName": "Waremundus de Erenberg"
    },
    {
      "preferredName": "Waremund de Erenbergk"
    },
    {
      "preferredName": "Wahremund von Ehrenberg"
    },
    {
      "preferredName": "Waremund von Ernberg"
    },
    {
      "preferredName": "Waremundt von Ernberg"
    },
    {
      "preferredName": "Waremundus de Erenbergk"
    },
    {
      "preferredName": "Durus de Pascolo"
    },
    {
      "preferredName": "Durus a Pascalo"
    },
    {
      "preferredName": "Durus de Pascule"
    },
    {
      "preferredName": "Durus de Pasculo"
    },
    {
      "preferredName": "Pascolo Durus"
    },
    {
      "preferredName": "Durusi de Pascolo"
    },
    {
      "preferredName": "Duro de Pasculo"
    },
    {
      "preferredName": "Der Wehrende"
    },
    {
      "preferredName": "Der Wehrende"
    }
  ],
  "dateOfBirth": "May 28, 1553",
  "dateOfDeath": "XX.11.1643",
  "placeOfBirth": [
    {
      "@id": "https://d-nb.info/gnd/4023349-2",
      "preferredName": "Hannover"
    }
  ],
  "associatedCountry": [
    {
      "@id": "https://d-nb.info/standards/vocab/gnd/geographic-area-code#XA-DE",
      "preferredName": "Deutschland"
    }
  ],
  "professionOrOccupation": [
    {
      "@id": "https://d-nb.info/gnd/4029050-5",
      "preferredName": "Jurist"
    },
    {
      "@id": "https://d-nb.info/gnd/4123488-1",
      "preferredName": "Kanzler"
    },
    {
      "@id": "https://d-nb.info/gnd/4139103-2",
      "preferredName": "Rat"
    }
  ],
  "gender": {
    "@id": "https://d-nb.info/standards/vocab/gnd/gender#male",
    "label": "Mann"
  },
  "biographicalOrHistoricalInformation": "Jurist, um 1585 Rat im Hzgt. Holstein, 1587-92 Professor in Wittenberg. ; Professor fu\u0308r Rechtswissenschaft in Wittenberg",
  "affiliation": [
    {
      "@id": "https://d-nb.info/gnd/2011193-9",
      "preferredName": "Fruchtbringende Gesellschaft"
    }
  ],
  "relatedPerson": [
    {
      "relationship": "VD-16 Mitverf.",
      "preferredName": "Johannes Brandis"
    },
    {
      "@id": "https://d-nb.info/gnd/104307420",
      "relationship": "VD-16 Mitverf.",
      "preferredName": "Valentin Gotheim"
    },
    {
      "relationship": "VD-16 Mitverf.",
      "preferredName": "Martin Krumkruger"
    },
    {
      "@id": "https://d-nb.info/gnd/10026543X",
      "relationship": "VD-16 Mitverf.",
      "preferredName": "Ludolf Schrader"
    },
    {
      "@id": "https://d-nb.info/gnd/120255898",
      "relationship": "VD-16 Mitverf.",
      "preferredName": "Georgius Volradt"
    },
    {
      "@id": "https://d-nb.info/gnd/121809064",
      "relationship": "VD-16 Mitverf.",
      "preferredName": "Veit Wolfrum"
    },
    {
      "@id": "https://d-nb.info/gnd/11986407X",
      "relationship": "VD-16 Mitverf.",
      "preferredName": "Michael Waltz"
    },
    {
      "@id": "https://d-nb.info/gnd/119790564",
      "relationship": "VD-16 Mitverf.",
      "preferredName": "Jan Plevka"
    },
    {
      "@id": "https://d-nb.info/gnd/119864525",
      "relationship": "VD-16 Mitverf.",
      "preferredName": "Sebald Wartenberg"
    },
    {
      "relationship": "VD-16 Mitverf.",
      "preferredName": "Johannes Maior"
    }
  ],
  "familialRelationship": [
    {
      "@id": "https://d-nb.info/gnd/1014772273",
      "relationship": "Ehefrau",
      "preferredName": "Judith von Weyhe"
    }
  ],
  "depiction": {
    "@id": "https://commons.wikimedia.org/wiki/Special:FilePath/Weyhe%20Morsianum%20I.png",
    "publisher": "Wikimedia Commons",
    "copyrighted": "false",
    "creator": [
      "Unidentified engraver"
    ],
    "creditText": [
      "http://digital.stadtbibliothek.luebeck.de/viewer/image/1447234816761/371"
    ],
    "license": [
      {
        "@id": "https://creativecommons.org/publicdomain/mark/1.0/",
        "abbr": "PD",
        "name": "Public Domain",
        "attributionRequired": "false",
        "restrictions": ""
      }
    ],
    "url": "https://commons.wikimedia.org/wiki/File:Weyhe%20Morsianum%20I.png?uselang=en",
    "thumbnail": {
      "@id": "https://commons.wikimedia.org/wiki/Special:FilePath/Weyhe%20Morsianum%20I.png?width=270"
    }
  },
  "sameAs": [
    {
      "@id": "https://d-nb.info/gnd/117256145/about",
      "collection": {
        "abbr": "DNB",
        "name": "Gemeinsame Normdatei (GND) im Katalog der Deutschen Nationalbibliothek",
        "publisher": "Deutsche Nationalbibliothek",
        "icon": "https://www.dnb.de/SiteGlobals/Frontend/DNBWeb/Images/favicon.png?__blob=normal&v=4"
      }
    },
    {
      "@id": "https://kalliope-verbund.info/gnd/117256145",
      "collection": {
        "abbr": "DE-611",
        "name": "Kalliope Verbundkatalog",
        "publisher": "Staatsbibliothek zu Berlin - Preu\u00dfischer Kulturbesitz",
        "icon": "https://kalliope-verbund.info/img/favicon.ico"
      }
    },
    {
      "@id": "https://raa.gf-franken.de/de/suche-nach-stammbucheintraegen.html?permaLink=1587_lucanus;15",
      "collection": {
        "abbr": "RAAE",
        "name": "Repertorium Alborum Amicorum (RAA) - Stammbucheintr\u00e4ge",
        "publisher": "Department Germanistik und Komparatistik der Friedrich-Alexander-Universit\u00e4t Erlangen-N\u00fcrnberg in Zusammenarbeit mit der Gesellschaft f\u00fcr Familienforschung in Franken",
        "icon": "https://www.gf-franken.de/favicon.ico"
      }
    },
    {
      "@id": "https://raa.gf-franken.de/de/suche-nach-stammbucheintraegen.html?permaLink=1590_naborowski;3",
      "collection": {
        "abbr": "RAAE",
        "name": "Repertorium Alborum Amicorum (RAA) - Stammbucheintr\u00e4ge",
        "publisher": "Department Germanistik und Komparatistik der Friedrich-Alexander-Universit\u00e4t Erlangen-N\u00fcrnberg in Zusammenarbeit mit der Gesellschaft f\u00fcr Familienforschung in Franken",
        "icon": "https://www.gf-franken.de/favicon.ico"
      }
    },
    {
      "@id": "https://www.deutsche-biographie.de/pnd117256145.html#adbcontent",
      "collection": {
        "abbr": "ADB",
        "name": "Allgemeine Deutsche Biographie (ADB)",
        "publisher": "Historische Kommission bei der Bayerischen Akademie der Wissenschaften und Bayerische Staatsbibliothek",
        "icon": "https://www.deutsche-biographie.de/favicon.ico"
      }
    },
    {
      "@id": "https://www.deutsche-digitale-bibliothek.de/person/gnd/117256145",
      "collection": {
        "abbr": "DDB",
        "name": "Deutsche Digitale Bibliothek",
        "publisher": "Deutsche Digitale Bibliothek",
        "icon": "https://www.deutsche-digitale-bibliothek.de/favicon.ico"
      }
    },
    {
      "@id": "https://www.lagis-hessen.de/pnd/117256145",
      "collection": {
        "abbr": "LAGIS",
        "name": "Hessische Biografie",
        "publisher": "Hessisches Landesamt fu\u0308r geschichtliche Landeskunde",
        "icon": "https://www.lagis-hessen.de/favicon.ico"
      }
    },
    {
      "@id": "https://www.portraitindex.de/dokumente/pnd/117256145",
      "collection": {
        "abbr": "Portraitindex",
        "name": "Digitaler Portraitindex der druckgraphischen Bildnisse der Fru\u0308hen Neuzeit",
        "publisher": "Deutsches Dokumentationszentrum fu\u0308r Kunstgeschichte - Bildarchiv Foto Marburg",
        "icon": "https://www.portraitindex.de/favicon.ico"
      }
    },
    {
      "@id": "http://viaf.org/viaf/4238155226755484490002",
      "collection": {
        "abbr": "VIAF",
        "name": "Virtual International Authority File (VIAF)",
        "publisher": "OCLC",
        "icon": "https://viaf.org/viaf/images/viaf.ico"
      }
    },
    {
      "@id": "http://www.wikidata.org/entity/Q1279635",
      "collection": {
        "abbr": "WIKIDATA",
        "name": "Wikidata",
        "publisher": "Wikimedia Foundation Inc.",
        "icon": "https://www.wikidata.org/static/favicon/wikidata.ico"
      }
    }
  ]
}