{
  "@context": "http://hub.culturegraph.org/entityfacts/context/v1/entityfacts.jsonld",
  "@id": "https://d-nb.info/gnd/11721275X",
  "describedBy": {
    "valid": "2026-04-26T17:44:33Z",
    "license": "https://creativecommons.org/publicdomain/zero/1.0/",
    "@id": "https://hub.culturegraph.org/entityfacts/11721275X"
  },
  "preferredName": "Philipp Lonicer",
  "surname": "Lonicer",
  "forename": "Philipp",
  "@type": "person",
  "variantName": [
    "Philipp Lonicerus",
    "Philipp Lonitzer",
    "Philippus Lonicer",
    "Philippus Lonicerus"
  ],
  "dateOfBirth": "1532",
  "dateOfDeath": "1599",
  "placeOfBirth": [
    {
      "@id": "https://d-nb.info/gnd/4037446-4",
      "preferredName": "Marburg"
    }
  ],
  "placeOfDeath": [
    {
      "@id": "https://d-nb.info/gnd/4018510-2",
      "preferredName": "Friedberg (Hessen)"
    }
  ],
  "placeOfActivity": [
    {
      "@id": "https://d-nb.info/gnd/4018118-2",
      "preferredName": "Frankfurt am Main"
    },
    {
      "@id": "https://d-nb.info/gnd/4018510-2",
      "preferredName": "Friedberg (Hessen)"
    }
  ],
  "associatedCountry": [
    {
      "@id": "https://d-nb.info/standards/vocab/gnd/geographic-area-code#XA-DE",
      "preferredName": "Deutschland"
    }
  ],
  "professionOrOccupation": [
    {
      "@id": "https://d-nb.info/gnd/4158589-6",
      "preferredName": "Gymnasiallehrer"
    },
    {
      "@id": "https://d-nb.info/gnd/4199252-0",
      "preferredName": "Rektor"
    },
    {
      "@id": "https://d-nb.info/gnd/4132592-8",
      "preferredName": "Pfarrer"
    },
    {
      "@id": "https://d-nb.info/gnd/4025098-2",
      "preferredName": "Historiker"
    }
  ],
  "gender": {
    "@id": "https://d-nb.info/standards/vocab/gnd/gender#male",
    "label": "Mann"
  },
  "biographicalOrHistoricalInformation": "Deutscher evangelischer Theologe, Pa\u0308dagoge und Historiker; 1568-1576 Rektor des Gymnasiums in Frankfurt (Main); ab 1582 Prediger in Friedberg (Hessen); Verfasser einer Chronik zur tu\u0308rkischen Geschichte",
  "relatedPerson": [
    {
      "@id": "https://d-nb.info/gnd/118502573",
      "relationship": "VD-16 Mitverf.",
      "preferredName": "Jost Amman"
    },
    {
      "@id": "https://d-nb.info/gnd/118746243",
      "relationship": "VD-16 Mitverf.",
      "preferredName": "Jean de Coras"
    },
    {
      "@id": "https://d-nb.info/gnd/129980641",
      "relationship": "VD-16 Mitverf.",
      "preferredName": "Jeremias Reusner"
    },
    {
      "relationship": "VD-16 Mitverf.",
      "preferredName": "Andreas Hondorff"
    },
    {
      "relationship": "VD-16 Mitverf.",
      "preferredName": "Peter Geduldig"
    },
    {
      "@id": "https://d-nb.info/gnd/101383460",
      "relationship": "VD-16 Mitverf.",
      "preferredName": "Jakob Meiland"
    },
    {
      "@id": "https://d-nb.info/gnd/119657406",
      "relationship": "VD-16 Mitverf.",
      "preferredName": "Johannes Drenler"
    },
    {
      "relationship": "VD-16 Mitverf.",
      "preferredName": "Nikodemus Frischlin"
    },
    {
      "@id": "https://d-nb.info/gnd/118642251",
      "relationship": "VD-16 Mitverf.",
      "preferredName": "Saxo, Grammaticus"
    },
    {
      "@id": "https://d-nb.info/gnd/100126626",
      "relationship": "VD-16 Mitverf.",
      "preferredName": "Johann Wolfgang Freymon von Randeck"
    }
  ],
  "familialRelationship": [
    {
      "@id": "https://d-nb.info/gnd/117212733",
      "relationship": "Vater",
      "preferredName": "Johannes Lonicer"
    }
  ],
  "sameAs": [
    {
      "@id": "https://d-nb.info/gnd/11721275X/about",
      "collection": {
        "abbr": "DNB",
        "name": "Gemeinsame Normdatei (GND) im Katalog der Deutschen Nationalbibliothek",
        "publisher": "Deutsche Nationalbibliothek",
        "icon": "https://www.dnb.de/SiteGlobals/Frontend/DNBWeb/Images/favicon.png?__blob=normal&v=4"
      }
    },
    {
      "@id": "http://catalogue.bnf.fr/ark:/12148/cb128058336",
      "collection": {
        "abbr": "BNF",
        "name": "Bibliothe\u0300que nationale de France",
        "publisher": "Bibliothe\u0300que nationale de France",
        "icon": "https://www.bnf.fr/themes/custom/bnfsi/favicon.ico"
      }
    },
    {
      "@id": "https://de.wikipedia.org/wiki/Philipp_Lonitzer",
      "collection": {
        "abbr": "dewiki",
        "name": "Wikipedia (Deutsch)",
        "publisher": "Wikimedia Foundation Inc.",
        "icon": "https://de.wikipedia.org/static/favicon/wikipedia.ico"
      }
    },
    {
      "@id": "https://en.wikipedia.org/wiki/Philip_Lonicer",
      "collection": {
        "abbr": "enwiki",
        "name": "Wikipedia (English)",
        "publisher": "Wikimedia Foundation Inc.",
        "icon": "https://en.wikipedia.org/static/favicon/wikipedia.ico"
      }
    },
    {
      "@id": "https://kalliope-verbund.info/gnd/11721275X",
      "collection": {
        "abbr": "DE-611",
        "name": "Kalliope Verbundkatalog",
        "publisher": "Staatsbibliothek zu Berlin - Preu\u00dfischer Kulturbesitz",
        "icon": "https://kalliope-verbund.info/img/favicon.ico"
      }
    },
    {
      "@id": "https://raa.gf-franken.de/de/suche-nach-stammbucheintraegen.html?permaLink=1578_nnd;9",
      "collection": {
        "abbr": "RAAE",
        "name": "Repertorium Alborum Amicorum (RAA) - Stammbucheintr\u00e4ge",
        "publisher": "Department Germanistik und Komparatistik der Friedrich-Alexander-Universit\u00e4t Erlangen-N\u00fcrnberg in Zusammenarbeit mit der Gesellschaft f\u00fcr Familienforschung in Franken",
        "icon": "https://www.gf-franken.de/favicon.ico"
      }
    },
    {
      "@id": "https://www.deutsche-digitale-bibliothek.de/person/gnd/11721275X",
      "collection": {
        "abbr": "DDB",
        "name": "Deutsche Digitale Bibliothek",
        "publisher": "Deutsche Digitale Bibliothek",
        "icon": "https://www.deutsche-digitale-bibliothek.de/favicon.ico"
      }
    },
    {
      "@id": "http://id.loc.gov/rwo/agents/n96082112",
      "collection": {
        "abbr": "LC",
        "name": "NACO Authority File",
        "publisher": "Library of Congress",
        "icon": "https://www.loc.gov/favicon.ico"
      }
    },
    {
      "@id": "http://viaf.org/viaf/100200829",
      "collection": {
        "abbr": "VIAF",
        "name": "Virtual International Authority File (VIAF)",
        "publisher": "OCLC",
        "icon": "https://viaf.org/viaf/images/viaf.ico"
      }
    },
    {
      "@id": "http://www.wikidata.org/entity/Q7183989",
      "collection": {
        "abbr": "WIKIDATA",
        "name": "Wikidata",
        "publisher": "Wikimedia Foundation Inc.",
        "icon": "https://www.wikidata.org/static/favicon/wikidata.ico"
      }
    },
    {
      "@id": "https://isni.org/isni/0000000118869431",
      "collection": {
        "abbr": "ISNI",
        "name": "International Standard Name Identifier (ISNI)",
        "publisher": "International Standard Name Identifier (ISNI)",
        "icon": "https://www.isni.org/sites/default/files/isni_new_favicon.ico"
      }
    }
  ]
}