{
  "@context": "http://hub.culturegraph.org/entityfacts/context/v1/entityfacts.jsonld",
  "@id": "https://d-nb.info/gnd/117191949",
  "describedBy": {
    "valid": "2026-05-03T14:44:03Z",
    "license": "https://creativecommons.org/publicdomain/zero/1.0/",
    "@id": "https://hub.culturegraph.org/entityfacts/117191949"
  },
  "preferredName": "Johan Axelsson Oxenstierna",
  "surname": "Oxenstierna",
  "forename": "Johan Axelsson",
  "@type": "person",
  "titleOfNobility": [
    "Graf"
  ],
  "variantName": [
    "I. O. Axelius",
    "J. O. Axelius",
    "Axelius, Comes de Morea Australi",
    "Johann Axelson Oxenstierna",
    "Johannes Oxenstirna Axelius",
    "Johan Oxenstiern Axelsohn",
    "Johannes Oxenstirna in Kimitho",
    "Johann Oxenstirn zu Kymitho",
    "Johannes Oxenstirna in Kymitho et Nynaas",
    "Johann Ochsenstirn",
    "Johann Oxenstirn",
    "Johann Oxenstirn zu Kymitho",
    "Johan Oxenstiern, Axelsohn",
    "Johan Oxenstiern Axelsohn",
    "Johannes Oxenstierna",
    "Johan Ason Oxenstirna",
    "Johannes Oxenstirna",
    "Johannes Oxenstirna in Kimitho",
    "Johannes Oxenstirna in Kymitho et Nynaas",
    "Johan von Oxenstjerna",
    "Johann Oxenstirna",
    "Joannes Oxenstierna",
    "Johann Oxenstierna",
    "Johannes Oxenstierna Axelson",
    "Johann Oxenstiern Axelson",
    "Johann Oxenstiern",
    "Johan Oxenstirn",
    "Johann von Oxenstierna",
    "Oxenstiern",
    "Oxenstirn",
    "Johan Oxenstirn Axelsohn",
    "Johann Oxenstirn Axelsohn",
    "Johannes Oxenstirn Axelsohn",
    "Johann Oxenstiern Axelson",
    "Johann Oxenstierna Axelson",
    "Johan Oxenstierna"
  ],
  "dateOfBirth": "June 24, 1611",
  "dateOfDeath": "December 5, 1657",
  "placeOfBirth": [
    {
      "@id": "https://d-nb.info/gnd/4057648-6",
      "preferredName": "Stockholm"
    }
  ],
  "placeOfDeath": [
    {
      "@id": "https://d-nb.info/gnd/4201278-8",
      "preferredName": "Wismar"
    }
  ],
  "placeOfActivity": [
    {
      "@id": "https://d-nb.info/gnd/4201278-8",
      "preferredName": "Wismar"
    },
    {
      "@id": "https://d-nb.info/gnd/4021965-3",
      "preferredName": "Greifswald"
    }
  ],
  "associatedCountry": [
    {
      "@id": "https://d-nb.info/standards/vocab/gnd/geographic-area-code#XA-SE",
      "preferredName": "Schweden"
    },
    {
      "@id": "https://d-nb.info/standards/vocab/gnd/geographic-area-code#XA-DE",
      "preferredName": "Deutschland"
    }
  ],
  "professionOrOccupation": [
    {
      "@id": "https://d-nb.info/gnd/4046517-2",
      "preferredName": "Politiker"
    },
    {
      "@id": "https://d-nb.info/gnd/4012401-0",
      "preferredName": "Diplomat"
    }
  ],
  "gender": {
    "@id": "https://d-nb.info/standards/vocab/gnd/gender#male",
    "label": "Mann"
  },
  "biographicalOrHistoricalInformation": "Schwedischer Politiker und Diplomat; schwedischer Tribunalpra\u0308sident; Reichsrat; Vertreter Schwedens im Westfa\u0308lischen Frieden; Legat Schwedens in Deutschland; studierte in Leiden und Oxford",
  "familialRelationship": [
    {
      "@id": "https://d-nb.info/gnd/1202548121",
      "relationship": "Gro\u00dfvater",
      "preferredName": "Gustaf Gabrielsson Oxenstierna"
    },
    {
      "@id": "https://d-nb.info/gnd/118738925",
      "relationship": "Vater",
      "preferredName": "Axel Oxenstierna"
    },
    {
      "@id": "https://d-nb.info/gnd/143288539",
      "relationship": "Onkel",
      "preferredName": "Gabriel Gustafsson Oxenstierna"
    },
    {
      "@id": "https://d-nb.info/gnd/130480886",
      "relationship": "Bruder",
      "preferredName": "Erik Oxenstierna"
    },
    {
      "@id": "https://d-nb.info/gnd/1059152363",
      "relationship": "Schwester",
      "preferredName": "Christina Horn"
    }
  ],
  "depiction": {
    "@id": "https://commons.wikimedia.org/wiki/Special:FilePath/Oxenstierna%2C%20Johan%20Axelsson.jpg",
    "publisher": "Wikimedia Commons",
    "copyrighted": "false",
    "creator": [
      "Pieter de Jode II / After Anselm van Hulle"
    ],
    "creditText": [
      "http://www.westfaelische-geschichte.de/web546"
    ],
    "license": [
      {
        "@id": "https://creativecommons.org/publicdomain/mark/1.0/",
        "abbr": "PD",
        "name": "Public Domain",
        "attributionRequired": "false",
        "restrictions": ""
      }
    ],
    "url": "https://commons.wikimedia.org/wiki/File:Oxenstierna%2C%20Johan%20Axelsson.jpg?uselang=en",
    "thumbnail": {
      "@id": "https://commons.wikimedia.org/wiki/Special:FilePath/Oxenstierna%2C%20Johan%20Axelsson.jpg?width=270"
    }
  },
  "sameAs": [
    {
      "@id": "https://d-nb.info/gnd/117191949/about",
      "collection": {
        "abbr": "DNB",
        "name": "Gemeinsame Normdatei (GND) im Katalog der Deutschen Nationalbibliothek",
        "publisher": "Deutsche Nationalbibliothek",
        "icon": "https://www.dnb.de/SiteGlobals/Frontend/DNBWeb/Images/favicon.png?__blob=normal&v=4"
      }
    },
    {
      "@id": "https://de.wikipedia.org/wiki/Johan_Axelsson_Oxenstierna",
      "collection": {
        "abbr": "dewiki",
        "name": "Wikipedia (Deutsch)",
        "publisher": "Wikimedia Foundation Inc.",
        "icon": "https://de.wikipedia.org/static/favicon/wikipedia.ico"
      }
    },
    {
      "@id": "https://en.wikipedia.org/wiki/Johan_Oxenstierna",
      "collection": {
        "abbr": "enwiki",
        "name": "Wikipedia (English)",
        "publisher": "Wikimedia Foundation Inc.",
        "icon": "https://en.wikipedia.org/static/favicon/wikipedia.ico"
      }
    },
    {
      "@id": "https://kalliope-verbund.info/gnd/117191949",
      "collection": {
        "abbr": "DE-611",
        "name": "Kalliope Verbundkatalog",
        "publisher": "Staatsbibliothek zu Berlin - Preu\u00dfischer Kulturbesitz",
        "icon": "https://kalliope-verbund.info/img/favicon.ico"
      }
    },
    {
      "@id": "https://raa.gf-franken.de/de/suche-nach-stammbucheintraegen.html?permaLink=1641_ulman;1",
      "collection": {
        "abbr": "RAAE",
        "name": "Repertorium Alborum Amicorum (RAA) - Stammbucheintr\u00e4ge",
        "publisher": "Department Germanistik und Komparatistik der Friedrich-Alexander-Universit\u00e4t Erlangen-N\u00fcrnberg in Zusammenarbeit mit der Gesellschaft f\u00fcr Familienforschung in Franken",
        "icon": "https://www.gf-franken.de/favicon.ico"
      }
    },
    {
      "@id": "https://raa.gf-franken.de/de/suche-nach-stammbucheintraegen.html?permaLink=1645_vaster;8",
      "collection": {
        "abbr": "RAAE",
        "name": "Repertorium Alborum Amicorum (RAA) - Stammbucheintr\u00e4ge",
        "publisher": "Department Germanistik und Komparatistik der Friedrich-Alexander-Universit\u00e4t Erlangen-N\u00fcrnberg in Zusammenarbeit mit der Gesellschaft f\u00fcr Familienforschung in Franken",
        "icon": "https://www.gf-franken.de/favicon.ico"
      }
    },
    {
      "@id": "https://raa.gf-franken.de/de/suche-nach-stammbucheintraegen.html?permaLink=1647_maliverne;32",
      "collection": {
        "abbr": "RAAE",
        "name": "Repertorium Alborum Amicorum (RAA) - Stammbucheintr\u00e4ge",
        "publisher": "Department Germanistik und Komparatistik der Friedrich-Alexander-Universit\u00e4t Erlangen-N\u00fcrnberg in Zusammenarbeit mit der Gesellschaft f\u00fcr Familienforschung in Franken",
        "icon": "https://www.gf-franken.de/favicon.ico"
      }
    },
    {
      "@id": "https://www.deutsche-digitale-bibliothek.de/person/gnd/117191949",
      "collection": {
        "abbr": "DDB",
        "name": "Deutsche Digitale Bibliothek",
        "publisher": "Deutsche Digitale Bibliothek",
        "icon": "https://www.deutsche-digitale-bibliothek.de/favicon.ico"
      }
    },
    {
      "@id": "https://www.portraitindex.de/dokumente/pnd/117191949",
      "collection": {
        "abbr": "Portraitindex",
        "name": "Digitaler Portraitindex der druckgraphischen Bildnisse der Fru\u0308hen Neuzeit",
        "publisher": "Deutsches Dokumentationszentrum fu\u0308r Kunstgeschichte - Bildarchiv Foto Marburg",
        "icon": "https://www.portraitindex.de/favicon.ico"
      }
    },
    {
      "@id": "http://viaf.org/viaf/32767456",
      "collection": {
        "abbr": "VIAF",
        "name": "Virtual International Authority File (VIAF)",
        "publisher": "OCLC",
        "icon": "https://viaf.org/viaf/images/viaf.ico"
      }
    },
    {
      "@id": "http://www.wikidata.org/entity/Q872985",
      "collection": {
        "abbr": "WIKIDATA",
        "name": "Wikidata",
        "publisher": "Wikimedia Foundation Inc.",
        "icon": "https://www.wikidata.org/static/favicon/wikidata.ico"
      }
    },
    {
      "@id": "https://isni.org/isni/0000000116168623",
      "collection": {
        "abbr": "ISNI",
        "name": "International Standard Name Identifier (ISNI)",
        "publisher": "International Standard Name Identifier (ISNI)",
        "icon": "https://www.isni.org/sites/default/files/isni_new_favicon.ico"
      }
    }
  ]
}