{
  "@context": "http://hub.culturegraph.org/entityfacts/context/v1/entityfacts.jsonld",
  "@id": "https://d-nb.info/gnd/11718991X",
  "describedBy": {
    "valid": "2026-04-30T12:25:53Z",
    "license": "https://creativecommons.org/publicdomain/zero/1.0/",
    "@id": "https://hub.culturegraph.org/entityfacts/11718991X"
  },
  "preferredName": "Johann Buxtorf",
  "surname": "Buxtorf",
  "forename": "Johann",
  "@type": "person",
  "academicDegree": [
    "Prof. Dr. theol."
  ],
  "variantName": [
    "Johann Buxtorf, der Ju\u0308ngere",
    "Johann Buxtorf, II",
    "Johann Buxtorf, Junior",
    "Johann Buxtorf, Sohn",
    "Johann Buxtorf, Filius",
    "Johannes Buxtorf",
    "Johannes Buxtorf, der Ju\u0308ngere",
    "Johann Buxtorff",
    "Johannes Buxtorff",
    "Johannes Buxtorfius",
    "Johannes Buxtorfius, Filius",
    "Joannes Buxtorfius",
    "Iohannes Buxtorfius",
    "Ioannes Buxtorfius, Filius",
    "Johannes Buxtorffius",
    "Joannes Buxtorffius",
    "Johannes Buxtorfus",
    "Johann Buxdorf",
    "Johann Buxdorff",
    "Johannes Buxtorf-Werthemann",
    "Johannes Buxtorf-Werenfels",
    "Johannes Buxtorf-Bischoff",
    "Johannes Buxtorf-Lu\u0308tzelmann",
    "Johann Baptist Buxtorff, II.",
    "J. B. B.",
    "Johann Buxtorfius"
  ],
  "dateOfBirth": "August 13, 1599",
  "dateOfDeath": "August 16, 1664",
  "placeOfBirth": [
    {
      "@id": "https://d-nb.info/gnd/4004617-5",
      "preferredName": "Basel"
    }
  ],
  "placeOfDeath": [
    {
      "@id": "https://d-nb.info/gnd/4004617-5",
      "preferredName": "Basel"
    }
  ],
  "placeOfActivity": [
    {
      "@id": "https://d-nb.info/gnd/4004617-5",
      "preferredName": "Basel"
    }
  ],
  "associatedCountry": [
    {
      "@id": "https://d-nb.info/standards/vocab/gnd/geographic-area-code#XA-CH",
      "preferredName": "Schweiz"
    }
  ],
  "professionOrOccupation": [
    {
      "@id": "https://d-nb.info/gnd/4059756-8",
      "preferredName": "Theologe"
    },
    {
      "@id": "https://d-nb.info/gnd/4525103-4",
      "preferredName": "Hebraist"
    },
    {
      "@id": "https://d-nb.info/gnd/4415844-0",
      "preferredName": "Orientalist"
    },
    {
      "@id": "https://d-nb.info/gnd/4025243-7",
      "preferredName": "Hochschullehrer"
    },
    {
      "@id": "https://d-nb.info/gnd/7719046-4",
      "preferredName": "Selbstverleger"
    }
  ],
  "gender": {
    "@id": "https://d-nb.info/standards/vocab/gnd/gender#male",
    "label": "Mann"
  },
  "biographicalOrHistoricalInformation": "Schweizer reformierter Theologe und Hebraist; Professor in Basel; verheiratet mit Helene Werthemann, Salome Werenfels, Judith Bischoff, Elisabeth Lu\u0308tzelmann; stud. phil. (12.4.1614 b.a., 5.12.1615 m.a.) u.1615 stud. theol. in Basel, 1617 in Heidelberg, 1619 an der Synode in Dordrecht, 1621 wieder stud. theol. in Basel, 1623 in Genf, 1624 gemeiner Helfer in Basel, 1627-1630 Helfer zu St. Peter (Basel), 1630 Prof. d. Hebra\u0308ischen in Basel, 1636 Bibliothekar, 1647 Prof. fu\u0308r \"loci communes et controversiae\", 30.6.1642 Dr. theol., 1654 Prof. des Alten Testaments",
  "affiliation": [
    {
      "@id": "https://d-nb.info/gnd/36146-X",
      "preferredName": "Universita\u0308t Basel"
    }
  ],
  "familialRelationship": [
    {
      "@id": "https://d-nb.info/gnd/119354780",
      "relationship": "Vater",
      "preferredName": "Johann Buxtorf"
    },
    {
      "@id": "https://d-nb.info/gnd/124949886",
      "relationship": "Sohn",
      "preferredName": "Johann Jakob Buxtorf"
    },
    {
      "@id": "https://d-nb.info/gnd/1089917201",
      "relationship": "Sohn",
      "preferredName": "Johann Buxtorf"
    }
  ],
  "depiction": {
    "@id": "https://commons.wikimedia.org/wiki/Special:FilePath/Johannes%20Buxtorf%20II.png",
    "publisher": "Wikimedia Commons",
    "copyrighted": "false",
    "creator": [
      "Unknown artistUnknown artist"
    ],
    "creditText": [
      "http://www.portraitindex.de/documents/obj/33405422/lwl-c512529pad"
    ],
    "license": [
      {
        "@id": "https://creativecommons.org/publicdomain/mark/1.0/",
        "abbr": "PD",
        "name": "Public Domain",
        "attributionRequired": "false",
        "restrictions": ""
      }
    ],
    "url": "https://commons.wikimedia.org/wiki/File:Johannes%20Buxtorf%20II.png?uselang=en",
    "thumbnail": {
      "@id": "https://commons.wikimedia.org/wiki/Special:FilePath/Johannes%20Buxtorf%20II.png?width=270"
    }
  },
  "sameAs": [
    {
      "@id": "https://d-nb.info/gnd/11718991X/about",
      "collection": {
        "abbr": "DNB",
        "name": "Gemeinsame Normdatei (GND) im Katalog der Deutschen Nationalbibliothek",
        "publisher": "Deutsche Nationalbibliothek",
        "icon": "https://www.dnb.de/SiteGlobals/Frontend/DNBWeb/Images/favicon.png?__blob=normal&v=4"
      }
    },
    {
      "@id": "http://catalogue.bnf.fr/ark:/12148/cb14463280d",
      "collection": {
        "abbr": "BNF",
        "name": "Bibliothe\u0300que nationale de France",
        "publisher": "Bibliothe\u0300que nationale de France",
        "icon": "https://www.bnf.fr/themes/custom/bnfsi/favicon.ico"
      }
    },
    {
      "@id": "http://www.hls-dhs-dss.ch/textes/d/D10560.php",
      "collection": {
        "abbr": "CH_HLS",
        "name": "Historisches Lexikon der Schweiz (HLS)",
        "publisher": "Historisches Lexikon der Schweiz (HLS)",
        "icon": "https://www.hls-dhs-dss.ch/favicon.ico"
      }
    },
    {
      "@id": "https://data.judaicalink.org/data/gnd/11718991X",
      "collection": {
        "abbr": "JudaicaLink",
        "name": "JudaicaLink",
        "publisher": "Stuttgart Media University",
        "icon": "https://data.judaicalink.org/static/img/favicon.ico"
      }
    },
    {
      "@id": "https://de.wikipedia.org/wiki/Johann_Buxtorf_der_J%C3%BCngere",
      "collection": {
        "abbr": "dewiki",
        "name": "Wikipedia (Deutsch)",
        "publisher": "Wikimedia Foundation Inc.",
        "icon": "https://de.wikipedia.org/static/favicon/wikipedia.ico"
      }
    },
    {
      "@id": "https://en.wikipedia.org/wiki/Johannes_Buxtorf_II",
      "collection": {
        "abbr": "enwiki",
        "name": "Wikipedia (English)",
        "publisher": "Wikimedia Foundation Inc.",
        "icon": "https://en.wikipedia.org/static/favicon/wikipedia.ico"
      }
    },
    {
      "@id": "https://kalliope-verbund.info/gnd/11718991X",
      "collection": {
        "abbr": "DE-611",
        "name": "Kalliope Verbundkatalog",
        "publisher": "Staatsbibliothek zu Berlin - Preu\u00dfischer Kulturbesitz",
        "icon": "https://kalliope-verbund.info/img/favicon.ico"
      }
    },
    {
      "@id": "https://raa.gf-franken.de/de/suche-nach-stammbucheintraegen.html?permaLink=1654_fontaine;24",
      "collection": {
        "abbr": "RAAE",
        "name": "Repertorium Alborum Amicorum (RAA) - Stammbucheintr\u00e4ge",
        "publisher": "Department Germanistik und Komparatistik der Friedrich-Alexander-Universit\u00e4t Erlangen-N\u00fcrnberg in Zusammenarbeit mit der Gesellschaft f\u00fcr Familienforschung in Franken",
        "icon": "https://www.gf-franken.de/favicon.ico"
      }
    },
    {
      "@id": "https://www.deutsche-biographie.de/pnd11718991X.html#adbcontent",
      "collection": {
        "abbr": "ADB",
        "name": "Allgemeine Deutsche Biographie (ADB)",
        "publisher": "Historische Kommission bei der Bayerischen Akademie der Wissenschaften und Bayerische Staatsbibliothek",
        "icon": "https://www.deutsche-biographie.de/favicon.ico"
      }
    },
    {
      "@id": "https://www.deutsche-biographie.de/pnd11718991X.html#ndbcontent",
      "collection": {
        "abbr": "NDB",
        "name": "Neue Deutsche Biographie (NDB)",
        "publisher": "Historische Kommission bei der Bayerischen Akademie der Wissenschaften und Bayerische Staatsbibliothek",
        "icon": "https://www.deutsche-biographie.de/favicon.ico"
      }
    },
    {
      "@id": "https://www.deutsche-digitale-bibliothek.de/person/gnd/11718991X",
      "collection": {
        "abbr": "DDB",
        "name": "Deutsche Digitale Bibliothek",
        "publisher": "Deutsche Digitale Bibliothek",
        "icon": "https://www.deutsche-digitale-bibliothek.de/favicon.ico"
      }
    },
    {
      "@id": "https://www.portraitindex.de/dokumente/pnd/11718991X",
      "collection": {
        "abbr": "Portraitindex",
        "name": "Digitaler Portraitindex der druckgraphischen Bildnisse der Fru\u0308hen Neuzeit",
        "publisher": "Deutsches Dokumentationszentrum fu\u0308r Kunstgeschichte - Bildarchiv Foto Marburg",
        "icon": "https://www.portraitindex.de/favicon.ico"
      }
    },
    {
      "@id": "http://id.loc.gov/rwo/agents/n86826671",
      "collection": {
        "abbr": "LC",
        "name": "NACO Authority File",
        "publisher": "Library of Congress",
        "icon": "https://www.loc.gov/favicon.ico"
      }
    },
    {
      "@id": "http://viaf.org/viaf/7611266",
      "collection": {
        "abbr": "VIAF",
        "name": "Virtual International Authority File (VIAF)",
        "publisher": "OCLC",
        "icon": "https://viaf.org/viaf/images/viaf.ico"
      }
    },
    {
      "@id": "http://www.wikidata.org/entity/Q118892",
      "collection": {
        "abbr": "WIKIDATA",
        "name": "Wikidata",
        "publisher": "Wikimedia Foundation Inc.",
        "icon": "https://www.wikidata.org/static/favicon/wikidata.ico"
      }
    },
    {
      "@id": "https://isni.org/isni/0000000080870743",
      "collection": {
        "abbr": "ISNI",
        "name": "International Standard Name Identifier (ISNI)",
        "publisher": "International Standard Name Identifier (ISNI)",
        "icon": "https://www.isni.org/sites/default/files/isni_new_favicon.ico"
      }
    }
  ]
}