{
  "@context": "http://hub.culturegraph.org/entityfacts/context/v1/entityfacts.jsonld",
  "@id": "https://d-nb.info/gnd/117154121",
  "describedBy": {
    "valid": "2026-04-26T17:42:38Z",
    "license": "https://creativecommons.org/publicdomain/zero/1.0/",
    "@id": "https://hub.culturegraph.org/entityfacts/117154121"
  },
  "preferredName": "Andreas Osiander",
  "surname": "Osiander",
  "forename": "Andreas",
  "@type": "person",
  "academicDegree": [
    "Dr. theol."
  ],
  "variantName": [
    "Andreas Osiander, der Ju\u0308ngere",
    "A. O.",
    "Andreas Osiand.",
    "Andreas Osiandrus",
    "Andreas Oseander",
    "Andreas Osiandrus, Theologe, Hofprediger",
    "Andreas Oseander, Theologe, Hofprediger",
    "Andreas Osiander II",
    "Andreas Osiander, der Ju\u0308ngere, Theologe, Hofprediger",
    "Andreas Osiand",
    "Andreas Hosmann",
    "Andreas Hosmann"
  ],
  "dateOfBirth": "May 26, 1562",
  "dateOfDeath": "April 21, 1617",
  "placeOfBirth": [
    {
      "@id": "https://d-nb.info/gnd/4088446-6",
      "preferredName": "Blaubeuren"
    }
  ],
  "placeOfDeath": [
    {
      "@id": "https://d-nb.info/gnd/4061147-4",
      "preferredName": "Tu\u0308bingen"
    }
  ],
  "associatedCountry": [
    {
      "@id": "https://d-nb.info/standards/vocab/gnd/geographic-area-code#XA-DE",
      "preferredName": "Deutschland"
    }
  ],
  "professionOrOccupation": [
    {
      "@id": "https://d-nb.info/gnd/4015882-2",
      "preferredName": "Evangelischer Theologe"
    },
    {
      "@id": "https://d-nb.info/gnd/4132592-8",
      "preferredName": "Pfarrer"
    },
    {
      "@id": "https://d-nb.info/gnd/4025243-7",
      "preferredName": "Hochschullehrer"
    },
    {
      "@id": "https://d-nb.info/gnd/4210801-9",
      "preferredName": "Hofprediger"
    },
    {
      "@id": "https://d-nb.info/gnd/4398098-3",
      "preferredName": "Generalsuperintendent"
    },
    {
      "@id": "https://d-nb.info/gnd/4215617-8",
      "preferredName": "Kirchenlieddichter"
    }
  ],
  "gender": {
    "@id": "https://d-nb.info/standards/vocab/gnd/gender#male",
    "label": "Mann"
  },
  "biographicalOrHistoricalInformation": "Dt. evang. Theologe; Student in Tu\u0308bingen, 1579 Magister; 1584 Diakon in Urach; 1587 Pfarrer Gu\u0308glingen; 1590 Hofprediger in Stuttgart; 1592 Dr. theol.; 1598 Generalsuperintendent und Pra\u0308lat in Adelberg; 1605 Prof. fu\u0308r Theol. und Kanzler der Univ. Tu\u0308bingen",
  "affiliation": [
    {
      "@id": "https://d-nb.info/gnd/36187-2",
      "preferredName": "Eberhard Karls Universita\u0308t Tu\u0308bingen"
    }
  ],
  "relatedPerson": [
    {
      "relationship": "VD-16 Mitverf.",
      "preferredName": "Jakob Andreae, der A\u0308ltere"
    },
    {
      "@id": "https://d-nb.info/gnd/116236574",
      "relationship": "VD-16 Mitverf.",
      "preferredName": "Ulrich Bollinger"
    },
    {
      "@id": "https://d-nb.info/gnd/119675137",
      "relationship": "VD-16 Mitverf.",
      "preferredName": "Jakob Franck"
    },
    {
      "relationship": "VD-16 Mitverf.",
      "preferredName": "Jakob Heerbrand, der A\u0308ltere"
    },
    {
      "relationship": "VD-16 Mitverf.",
      "preferredName": "Albrecht Helbach"
    },
    {
      "@id": "https://d-nb.info/gnd/116960469",
      "relationship": "VD-16 Mitverf.",
      "preferredName": "Wilhelm Holder"
    },
    {
      "relationship": "VD-16 Mitverf.",
      "preferredName": "Melchior Ja\u0308ger, der A\u0308ltere"
    },
    {
      "relationship": "VD-16 Mitverf.",
      "preferredName": "Lukas Osiander, der A\u0308ltere"
    },
    {
      "@id": "https://d-nb.info/gnd/128553413",
      "relationship": "VD-16 Mitverf.",
      "preferredName": "Jacob Zu\u0308ckwolf"
    },
    {
      "@id": "https://d-nb.info/gnd/119703300",
      "relationship": "VD-16 Mitverf.",
      "preferredName": "Johannes Heinzel"
    }
  ],
  "familialRelationship": [
    {
      "@id": "https://d-nb.info/gnd/11955111X",
      "relationship": "Vater",
      "preferredName": "Lucas Osiander"
    },
    {
      "@id": "https://d-nb.info/gnd/107663155X",
      "relationship": "Ehefrau",
      "preferredName": "Barbara Osiander"
    },
    {
      "@id": "https://d-nb.info/gnd/1050622391",
      "relationship": "Sohn",
      "preferredName": "Joseph Osiander"
    },
    {
      "@id": "https://d-nb.info/gnd/102998027",
      "relationship": "Sohn",
      "preferredName": "Daniel Osiander"
    },
    {
      "@id": "https://d-nb.info/gnd/104182407",
      "relationship": "Sohn",
      "preferredName": "Johann Christoph Osiander"
    },
    {
      "@id": "https://d-nb.info/gnd/1076796265",
      "relationship": "Sohn",
      "preferredName": "Lukas Osiander"
    },
    {
      "@id": "https://d-nb.info/gnd/1076844022",
      "relationship": "Sohn",
      "preferredName": "Samuel Osiander"
    },
    {
      "@id": "https://d-nb.info/gnd/1168836360",
      "relationship": "Tochter",
      "preferredName": "Sibylla Weinlin"
    }
  ],
  "depiction": {
    "@id": "https://commons.wikimedia.org/wiki/Special:FilePath/OsianderAJRB3711.JPG",
    "publisher": "Wikimedia Commons",
    "copyrighted": "false",
    "creator": [
      "Unknown authorUnknown author"
    ],
    "creditText": [
      "http://192.124.243.55/portraets/b/3/B3711.JPG Portr\u00e4tdatenbank der Franckeschen Stiftungen"
    ],
    "license": [
      {
        "@id": "https://creativecommons.org/publicdomain/mark/1.0/",
        "abbr": "PD",
        "name": "Public Domain",
        "attributionRequired": "false",
        "restrictions": ""
      }
    ],
    "url": "https://commons.wikimedia.org/wiki/File:OsianderAJRB3711.JPG?uselang=en",
    "thumbnail": {
      "@id": "https://commons.wikimedia.org/wiki/Special:FilePath/OsianderAJRB3711.JPG?width=270"
    }
  },
  "sameAs": [
    {
      "@id": "https://d-nb.info/gnd/117154121/about",
      "collection": {
        "abbr": "DNB",
        "name": "Gemeinsame Normdatei (GND) im Katalog der Deutschen Nationalbibliothek",
        "publisher": "Deutsche Nationalbibliothek",
        "icon": "https://www.dnb.de/SiteGlobals/Frontend/DNBWeb/Images/favicon.png?__blob=normal&v=4"
      }
    },
    {
      "@id": "http://catalogue.bnf.fr/ark:/12148/cb12131063c",
      "collection": {
        "abbr": "BNF",
        "name": "Bibliothe\u0300que nationale de France",
        "publisher": "Bibliothe\u0300que nationale de France",
        "icon": "https://www.bnf.fr/themes/custom/bnfsi/favicon.ico"
      }
    },
    {
      "@id": "https://de.wikipedia.org/wiki/Andreas_Osiander_der_J%C3%BCngere",
      "collection": {
        "abbr": "dewiki",
        "name": "Wikipedia (Deutsch)",
        "publisher": "Wikimedia Foundation Inc.",
        "icon": "https://de.wikipedia.org/static/favicon/wikipedia.ico"
      }
    },
    {
      "@id": "https://kalliope-verbund.info/gnd/117154121",
      "collection": {
        "abbr": "DE-611",
        "name": "Kalliope Verbundkatalog",
        "publisher": "Staatsbibliothek zu Berlin - Preu\u00dfischer Kulturbesitz",
        "icon": "https://kalliope-verbund.info/img/favicon.ico"
      }
    },
    {
      "@id": "https://raa.gf-franken.de/de/suche-nach-stammbucheintraegen.html?permaLink=1601_eckenberger;8",
      "collection": {
        "abbr": "RAAE",
        "name": "Repertorium Alborum Amicorum (RAA) - Stammbucheintr\u00e4ge",
        "publisher": "Department Germanistik und Komparatistik der Friedrich-Alexander-Universit\u00e4t Erlangen-N\u00fcrnberg in Zusammenarbeit mit der Gesellschaft f\u00fcr Familienforschung in Franken",
        "icon": "https://www.gf-franken.de/favicon.ico"
      }
    },
    {
      "@id": "https://raa.gf-franken.de/de/suche-nach-stammbucheintraegen.html?permaLink=1604_olai;18",
      "collection": {
        "abbr": "RAAE",
        "name": "Repertorium Alborum Amicorum (RAA) - Stammbucheintr\u00e4ge",
        "publisher": "Department Germanistik und Komparatistik der Friedrich-Alexander-Universit\u00e4t Erlangen-N\u00fcrnberg in Zusammenarbeit mit der Gesellschaft f\u00fcr Familienforschung in Franken",
        "icon": "https://www.gf-franken.de/favicon.ico"
      }
    },
    {
      "@id": "https://www.archivportal-d.de/person/gnd/117154121",
      "collection": {
        "abbr": "ARCHIV-D",
        "name": "Archivportal-D",
        "publisher": "Deutsche Digitale Bibliothek",
        "icon": "https://www.archivportal-d.de/favicon.ico"
      }
    },
    {
      "@id": "https://www.deutsche-biographie.de/pnd117154121.html#adbcontent",
      "collection": {
        "abbr": "ADB",
        "name": "Allgemeine Deutsche Biographie (ADB)",
        "publisher": "Historische Kommission bei der Bayerischen Akademie der Wissenschaften und Bayerische Staatsbibliothek",
        "icon": "https://www.deutsche-biographie.de/favicon.ico"
      }
    },
    {
      "@id": "https://www.deutsche-digitale-bibliothek.de/person/gnd/117154121",
      "collection": {
        "abbr": "DDB",
        "name": "Deutsche Digitale Bibliothek",
        "publisher": "Deutsche Digitale Bibliothek",
        "icon": "https://www.deutsche-digitale-bibliothek.de/favicon.ico"
      }
    },
    {
      "@id": "https://www.herder-institut.de/bildkatalog/gnd/117154121",
      "collection": {
        "abbr": "ba-herder",
        "name": "Bildarchiv / Herder-Institut",
        "publisher": "Herder-Institut f\u00fcr historische Ostmitteleuropaforschung \u2013 Institut der Leibniz-Gemeinschaft",
        "icon": "https://www.herder-institut.de/themes/custom/herder-institut/images/favicons/favicon.ico"
      }
    },
    {
      "@id": "https://www.portraitindex.de/dokumente/pnd/117154121",
      "collection": {
        "abbr": "Portraitindex",
        "name": "Digitaler Portraitindex der druckgraphischen Bildnisse der Fru\u0308hen Neuzeit",
        "publisher": "Deutsches Dokumentationszentrum fu\u0308r Kunstgeschichte - Bildarchiv Foto Marburg",
        "icon": "https://www.portraitindex.de/favicon.ico"
      }
    },
    {
      "@id": "http://id.loc.gov/rwo/agents/nr2006028786",
      "collection": {
        "abbr": "LC",
        "name": "NACO Authority File",
        "publisher": "Library of Congress",
        "icon": "https://www.loc.gov/favicon.ico"
      }
    },
    {
      "@id": "http://viaf.org/viaf/71425205",
      "collection": {
        "abbr": "VIAF",
        "name": "Virtual International Authority File (VIAF)",
        "publisher": "OCLC",
        "icon": "https://viaf.org/viaf/images/viaf.ico"
      }
    },
    {
      "@id": "http://www.wikidata.org/entity/Q109076",
      "collection": {
        "abbr": "WIKIDATA",
        "name": "Wikidata",
        "publisher": "Wikimedia Foundation Inc.",
        "icon": "https://www.wikidata.org/static/favicon/wikidata.ico"
      }
    },
    {
      "@id": "https://isni.org/isni/0000000061441396",
      "collection": {
        "abbr": "ISNI",
        "name": "International Standard Name Identifier (ISNI)",
        "publisher": "International Standard Name Identifier (ISNI)",
        "icon": "https://www.isni.org/sites/default/files/isni_new_favicon.ico"
      }
    }
  ]
}