{
  "@context": "http://hub.culturegraph.org/entityfacts/context/v1/entityfacts.jsonld",
  "@id": "https://d-nb.info/gnd/117146080",
  "describedBy": {
    "valid": "2026-04-26T20:00:41Z",
    "license": "https://creativecommons.org/publicdomain/zero/1.0/",
    "@id": "https://hub.culturegraph.org/entityfacts/117146080"
  },
  "preferredName": "Kaspar Waser",
  "surname": "Waser",
  "forename": "Kaspar",
  "@type": "person",
  "variantName": [
    "Caspar Waserus",
    "Caspar Waser",
    "Casparus Waserus"
  ],
  "dateOfBirth": "September 1, 1565",
  "dateOfDeath": "September 9, 1625",
  "placeOfBirth": [
    {
      "@id": "https://d-nb.info/gnd/4068038-1",
      "preferredName": "Zu\u0308rich"
    }
  ],
  "placeOfDeath": [
    {
      "@id": "https://d-nb.info/gnd/4068038-1",
      "preferredName": "Zu\u0308rich"
    }
  ],
  "placeOfActivity": [
    {
      "@id": "https://d-nb.info/gnd/4068038-1",
      "preferredName": "Zu\u0308rich"
    }
  ],
  "associatedCountry": [
    {
      "@id": "https://d-nb.info/standards/vocab/gnd/geographic-area-code#XA-CH",
      "preferredName": "Schweiz"
    },
    {
      "@id": "https://d-nb.info/standards/vocab/gnd/geographic-area-code#XA-DE",
      "preferredName": "Deutschland"
    },
    {
      "@id": "https://d-nb.info/standards/vocab/gnd/geographic-area-code#XA-NL",
      "preferredName": "Niederlande"
    },
    {
      "@id": "https://d-nb.info/standards/vocab/gnd/geographic-area-code#XA-IT",
      "preferredName": "Italien"
    }
  ],
  "professionOrOccupation": [
    {
      "@id": "https://d-nb.info/gnd/4015882-2",
      "preferredName": "Evangelischer Theologe"
    },
    {
      "@id": "https://d-nb.info/gnd/4415844-0",
      "preferredName": "Orientalist"
    },
    {
      "@id": "https://d-nb.info/gnd/4025243-7",
      "preferredName": "Hochschullehrer"
    },
    {
      "@id": "https://d-nb.info/gnd/4132592-8",
      "preferredName": "Pfarrer"
    }
  ],
  "gender": {
    "@id": "https://d-nb.info/standards/vocab/gnd/gender#male",
    "label": "Mann"
  },
  "biographicalOrHistoricalInformation": "Schweizer reformierter Theologe und Orientalist; Professor fu\u0308r Theologie, Griechisch und Hebra\u0308isch in Zu\u0308rich",
  "relatedPerson": [
    {
      "@id": "https://d-nb.info/gnd/131525115",
      "relationship": "VD-16 Mitverf.",
      "preferredName": "Marcus Beumler"
    },
    {
      "relationship": "VD-16 Mitverf.",
      "preferredName": "Johannes Buxtorf"
    },
    {
      "relationship": "VD-16 Mitverf.",
      "preferredName": "Johannes Jakob Grynaeus"
    },
    {
      "relationship": "VD-16 Mitverf.",
      "preferredName": "Girolamo Massari"
    },
    {
      "@id": "https://d-nb.info/gnd/116139374",
      "relationship": "VD-16 Mitverf.",
      "preferredName": "Christoph Pezel"
    },
    {
      "relationship": "VD-16 Mitverf.",
      "preferredName": "Johannes Wilhelm Stucki"
    },
    {
      "@id": "https://d-nb.info/gnd/119665115",
      "relationship": "VD-16 Mitverf.",
      "preferredName": "Rudolph Escher"
    },
    {
      "relationship": "VD-16 Mitverf.",
      "preferredName": "Caelius Secundus Curio"
    },
    {
      "@id": "https://d-nb.info/gnd/11984253X",
      "relationship": "VD-16 Mitverf.",
      "preferredName": "Kaspar Strub"
    },
    {
      "@id": "https://d-nb.info/gnd/11857342X",
      "relationship": "VD-16 Mitverf.",
      "preferredName": "Justus Lipsius"
    }
  ],
  "familialRelationship": [
    {
      "@id": "https://d-nb.info/gnd/139095349",
      "relationship": "Sohn",
      "preferredName": "Johann Heinrich Waser"
    },
    {
      "@id": "https://d-nb.info/gnd/1019761598",
      "relationship": "Sohn",
      "preferredName": "Johann Caspar Waser"
    },
    {
      "@id": "https://d-nb.info/gnd/1069609919",
      "relationship": "Sohn",
      "preferredName": "Josias Waser"
    }
  ],
  "depiction": {
    "@id": "https://commons.wikimedia.org/wiki/Special:FilePath/Kaspar%20Waser.jpg",
    "publisher": "Wikimedia Commons",
    "copyrighted": "false",
    "creator": [
      "Conrad Meyer, upload by Adrian Michael"
    ],
    "creditText": [
      "Zentralbibliothek Z\u00fcrich"
    ],
    "license": [
      {
        "@id": "https://creativecommons.org/publicdomain/mark/1.0/",
        "abbr": "PD",
        "name": "Public Domain",
        "attributionRequired": "false",
        "restrictions": ""
      }
    ],
    "url": "https://commons.wikimedia.org/wiki/File:Kaspar%20Waser.jpg?uselang=en",
    "thumbnail": {
      "@id": "https://commons.wikimedia.org/wiki/Special:FilePath/Kaspar%20Waser.jpg?width=270"
    }
  },
  "sameAs": [
    {
      "@id": "https://d-nb.info/gnd/117146080/about",
      "collection": {
        "abbr": "DNB",
        "name": "Gemeinsame Normdatei (GND) im Katalog der Deutschen Nationalbibliothek",
        "publisher": "Deutsche Nationalbibliothek",
        "icon": "https://www.dnb.de/SiteGlobals/Frontend/DNBWeb/Images/favicon.png?__blob=normal&v=4"
      }
    },
    {
      "@id": "https://de.wikipedia.org/wiki/Kaspar_Waser",
      "collection": {
        "abbr": "dewiki",
        "name": "Wikipedia (Deutsch)",
        "publisher": "Wikimedia Foundation Inc.",
        "icon": "https://de.wikipedia.org/static/favicon/wikipedia.ico"
      }
    },
    {
      "@id": "https://kalliope-verbund.info/gnd/117146080",
      "collection": {
        "abbr": "DE-611",
        "name": "Kalliope Verbundkatalog",
        "publisher": "Staatsbibliothek zu Berlin - Preu\u00dfischer Kulturbesitz",
        "icon": "https://kalliope-verbund.info/img/favicon.ico"
      }
    },
    {
      "@id": "https://raa.gf-franken.de/de/suche-nach-stammbucheintraegen.html?permaLink=1598_keller;10",
      "collection": {
        "abbr": "RAAE",
        "name": "Repertorium Alborum Amicorum (RAA) - Stammbucheintr\u00e4ge",
        "publisher": "Department Germanistik und Komparatistik der Friedrich-Alexander-Universit\u00e4t Erlangen-N\u00fcrnberg in Zusammenarbeit mit der Gesellschaft f\u00fcr Familienforschung in Franken",
        "icon": "https://www.gf-franken.de/favicon.ico"
      }
    },
    {
      "@id": "https://raa.gf-franken.de/de/suche-nach-stammbuechern.html?permaLink=1584_waser",
      "collection": {
        "abbr": "RAAS",
        "name": "Repertorium Alborum Amicorum (RAA) - Stammb\u00fccher",
        "publisher": "Department Germanistik und Komparatistik der Friedrich-Alexander-Universit\u00e4t Erlangen-N\u00fcrnberg in Zusammenarbeit mit der Gesellschaft f\u00fcr Familienforschung in Franken",
        "icon": "https://www.gf-franken.de/favicon.ico"
      }
    },
    {
      "@id": "https://www.deutsche-biographie.de/pnd117146080.html#adbcontent",
      "collection": {
        "abbr": "ADB",
        "name": "Allgemeine Deutsche Biographie (ADB)",
        "publisher": "Historische Kommission bei der Bayerischen Akademie der Wissenschaften und Bayerische Staatsbibliothek",
        "icon": "https://www.deutsche-biographie.de/favicon.ico"
      }
    },
    {
      "@id": "https://www.deutsche-digitale-bibliothek.de/person/gnd/117146080",
      "collection": {
        "abbr": "DDB",
        "name": "Deutsche Digitale Bibliothek",
        "publisher": "Deutsche Digitale Bibliothek",
        "icon": "https://www.deutsche-digitale-bibliothek.de/favicon.ico"
      }
    },
    {
      "@id": "https://www.portraitindex.de/dokumente/pnd/117146080",
      "collection": {
        "abbr": "Portraitindex",
        "name": "Digitaler Portraitindex der druckgraphischen Bildnisse der Fru\u0308hen Neuzeit",
        "publisher": "Deutsches Dokumentationszentrum fu\u0308r Kunstgeschichte - Bildarchiv Foto Marburg",
        "icon": "https://www.portraitindex.de/favicon.ico"
      }
    },
    {
      "@id": "http://id.loc.gov/rwo/agents/n87921660",
      "collection": {
        "abbr": "LC",
        "name": "NACO Authority File",
        "publisher": "Library of Congress",
        "icon": "https://www.loc.gov/favicon.ico"
      }
    },
    {
      "@id": "http://viaf.org/viaf/73890820",
      "collection": {
        "abbr": "VIAF",
        "name": "Virtual International Authority File (VIAF)",
        "publisher": "OCLC",
        "icon": "https://viaf.org/viaf/images/viaf.ico"
      }
    },
    {
      "@id": "http://www.wikidata.org/entity/Q1573641",
      "collection": {
        "abbr": "WIKIDATA",
        "name": "Wikidata",
        "publisher": "Wikimedia Foundation Inc.",
        "icon": "https://www.wikidata.org/static/favicon/wikidata.ico"
      }
    },
    {
      "@id": "https://isni.org/isni/0000000109153685",
      "collection": {
        "abbr": "ISNI",
        "name": "International Standard Name Identifier (ISNI)",
        "publisher": "International Standard Name Identifier (ISNI)",
        "icon": "https://www.isni.org/sites/default/files/isni_new_favicon.ico"
      }
    }
  ]
}