{
  "@context": "http://hub.culturegraph.org/entityfacts/context/v1/entityfacts.jsonld",
  "@id": "https://d-nb.info/gnd/117001597",
  "describedBy": {
    "valid": "2026-04-28T11:04:53Z",
    "license": "https://creativecommons.org/publicdomain/zero/1.0/",
    "@id": "https://hub.culturegraph.org/entityfacts/117001597"
  },
  "preferredName": "Wilhelm Werner von Zimmern",
  "surname": "Zimmern",
  "prefix": "von",
  "forename": "Wilhelm Werner",
  "@type": "person",
  "titleOfNobility": [
    "Graf"
  ],
  "variantName": [
    "Wilhelm Wernher von Zimmern",
    "Wilhelm W. von Zimmern",
    "Wilhelmus Wernerus von Zimbern",
    "Wilhelm Werner von Zimbern",
    "Wilhelmus Wernerus, Zimbern, Graf",
    "Wilhelm Werner, Zimbern, Graf",
    "Wilhelmus Wernerus von Cimbern",
    "Wilhelm Werner von Cimbern",
    "Guilhelmus Wernerus in Zimbern"
  ],
  "dateOfBirth": "January 6, 1485",
  "dateOfDeath": "XX.XX.1575",
  "placeOfBirth": [
    {
      "@id": "https://d-nb.info/gnd/4038841-4",
      "preferredName": "Me\u00dfkirch"
    }
  ],
  "placeOfDeath": [
    {
      "preferredName": "Schloss Herrenzimmern (bei Rottweil)"
    }
  ],
  "placeOfActivity": [
    {
      "@id": "https://d-nb.info/gnd/4061147-4",
      "preferredName": "Tu\u0308bingen"
    },
    {
      "@id": "https://d-nb.info/gnd/4018272-1",
      "preferredName": "Freiburg im Breisgau"
    },
    {
      "@id": "https://d-nb.info/gnd/4050742-7",
      "preferredName": "Rottweil"
    },
    {
      "@id": "https://d-nb.info/gnd/4056179-3",
      "preferredName": "Speyer"
    }
  ],
  "associatedCountry": [
    {
      "@id": "https://d-nb.info/standards/vocab/gnd/geographic-area-code#XA-DE",
      "preferredName": "Deutschland"
    }
  ],
  "professionOrOccupation": [
    {
      "@id": "https://d-nb.info/gnd/4029050-5",
      "preferredName": "Jurist"
    }
  ],
  "gender": {
    "@id": "https://d-nb.info/standards/vocab/gnd/gender#male",
    "label": "Mann"
  },
  "biographicalOrHistoricalInformation": "Deutscher Graf; Jurist, Historiker, Chronist und Sammler; Erziehungsaufenthalt am Stuttgarter Hof; 1499 in Tu\u0308bingen, 1504 in Freiburg i.Br. immatrikuliert, 1506/07 dort Rektor; 1510 Hofrichter in Rottweil; 1538 auf Betreiben Wilhelms Erhebung der Herren von Zimmern in den Grafenstand; 1529 Berufung an das Reichskammergericht in Speyer, dort 1538-41 Beisitzer, 1548-54 Kammerrichter; 1554 Ruhestand, Erwerb von Schloss Herrenzimmern bei Rottweil, wo Wilhelm eine unter Zeitgenossen vielbeachtete Bibliothek und Wunderkammer unterhielt",
  "affiliation": [
    {
      "@id": "https://d-nb.info/gnd/64409-2",
      "preferredName": "Heiliges Ro\u0308misches Reich. Reichskammergericht"
    },
    {
      "@id": "https://d-nb.info/gnd/36187-2",
      "preferredName": "Eberhard Karls Universita\u0308t Tu\u0308bingen"
    },
    {
      "@id": "https://d-nb.info/gnd/2024338-8",
      "preferredName": "Albert-Ludwigs-Universita\u0308t Freiburg"
    }
  ],
  "familialRelationship": [
    {
      "@id": "https://d-nb.info/gnd/1019685670",
      "relationship": "Bruder",
      "preferredName": "Gottfried Werner von Zimmern"
    },
    {
      "@id": "https://d-nb.info/gnd/102574758",
      "relationship": "Bruder",
      "preferredName": "Johannes Werner, von Zimmern"
    },
    {
      "@id": "https://d-nb.info/gnd/118637029",
      "relationship": "Neffe",
      "preferredName": "Froben Christoph von Zimmern"
    },
    {
      "@id": "https://d-nb.info/gnd/1019685697",
      "relationship": "Gro\u00dfnichte",
      "preferredName": "Kunigunde von Zimmern"
    }
  ],
  "depiction": {
    "@id": "https://commons.wikimedia.org/wiki/Special:FilePath/Messkirch%20Epitaph%20Wilhelm%20von%20Zimmern%2003.jpg",
    "publisher": "Wikimedia Commons",
    "copyrighted": "true",
    "creator": [
      "Photo: Andreas Praefcke"
    ],
    "creditText": [
      "Self-photographed"
    ],
    "license": [
      {
        "@id": "https://creativecommons.org/licenses/by/3.0",
        "abbr": "CC BY 3.0",
        "name": "Creative Commons Attribution 3.0",
        "attributionRequired": "true",
        "restrictions": ""
      }
    ],
    "url": "https://commons.wikimedia.org/wiki/File:Messkirch%20Epitaph%20Wilhelm%20von%20Zimmern%2003.jpg?uselang=en",
    "thumbnail": {
      "@id": "https://commons.wikimedia.org/wiki/Special:FilePath/Messkirch%20Epitaph%20Wilhelm%20von%20Zimmern%2003.jpg?width=270"
    }
  },
  "sameAs": [
    {
      "@id": "https://d-nb.info/gnd/117001597/about",
      "collection": {
        "abbr": "DNB",
        "name": "Gemeinsame Normdatei (GND) im Katalog der Deutschen Nationalbibliothek",
        "publisher": "Deutsche Nationalbibliothek",
        "icon": "https://www.dnb.de/SiteGlobals/Frontend/DNBWeb/Images/favicon.png?__blob=normal&v=4"
      }
    },
    {
      "@id": "http://catalogue.bnf.fr/ark:/12148/cb146054184",
      "collection": {
        "abbr": "BNF",
        "name": "Bibliothe\u0300que nationale de France",
        "publisher": "Bibliothe\u0300que nationale de France",
        "icon": "https://www.bnf.fr/themes/custom/bnfsi/favicon.ico"
      }
    },
    {
      "@id": "https://de.wikipedia.org/wiki/Wilhelm_Werner_von_Zimmern",
      "collection": {
        "abbr": "dewiki",
        "name": "Wikipedia (Deutsch)",
        "publisher": "Wikimedia Foundation Inc.",
        "icon": "https://de.wikipedia.org/static/favicon/wikipedia.ico"
      }
    },
    {
      "@id": "https://kaiserhof.geschichte.lmu.de/Q/GND=117001597",
      "collection": {
        "abbr": "KH",
        "name": "Kaiser und H\u00f6fe",
        "publisher": "Ludwig-Maximilians-Universit\u00e4t M\u00fcnchen - Historisches Seminar - Fr\u00fche Neuzeit",
        "icon": "https://kaiserhof.geschichte.lmu.de/favicon.ico"
      }
    },
    {
      "@id": "https://kalliope-verbund.info/gnd/117001597",
      "collection": {
        "abbr": "DE-611",
        "name": "Kalliope Verbundkatalog",
        "publisher": "Staatsbibliothek zu Berlin - Preu\u00dfischer Kulturbesitz",
        "icon": "https://kalliope-verbund.info/img/favicon.ico"
      }
    },
    {
      "@id": "https://www.archivportal-d.de/person/gnd/117001597",
      "collection": {
        "abbr": "ARCHIV-D",
        "name": "Archivportal-D",
        "publisher": "Deutsche Digitale Bibliothek",
        "icon": "https://www.archivportal-d.de/favicon.ico"
      }
    },
    {
      "@id": "https://www.deutsche-biographie.de/pnd117001597.html#adbcontent",
      "collection": {
        "abbr": "ADB",
        "name": "Allgemeine Deutsche Biographie (ADB)",
        "publisher": "Historische Kommission bei der Bayerischen Akademie der Wissenschaften und Bayerische Staatsbibliothek",
        "icon": "https://www.deutsche-biographie.de/favicon.ico"
      }
    },
    {
      "@id": "https://www.deutsche-digitale-bibliothek.de/person/gnd/117001597",
      "collection": {
        "abbr": "DDB",
        "name": "Deutsche Digitale Bibliothek",
        "publisher": "Deutsche Digitale Bibliothek",
        "icon": "https://www.deutsche-digitale-bibliothek.de/favicon.ico"
      }
    },
    {
      "@id": "http://id.loc.gov/rwo/agents/n2002022660",
      "collection": {
        "abbr": "LC",
        "name": "NACO Authority File",
        "publisher": "Library of Congress",
        "icon": "https://www.loc.gov/favicon.ico"
      }
    },
    {
      "@id": "http://viaf.org/viaf/32248025",
      "collection": {
        "abbr": "VIAF",
        "name": "Virtual International Authority File (VIAF)",
        "publisher": "OCLC",
        "icon": "https://viaf.org/viaf/images/viaf.ico"
      }
    },
    {
      "@id": "http://www.wikidata.org/entity/Q2575630",
      "collection": {
        "abbr": "WIKIDATA",
        "name": "Wikidata",
        "publisher": "Wikimedia Foundation Inc.",
        "icon": "https://www.wikidata.org/static/favicon/wikidata.ico"
      }
    },
    {
      "@id": "https://isni.org/isni/0000000066345029",
      "collection": {
        "abbr": "ISNI",
        "name": "International Standard Name Identifier (ISNI)",
        "publisher": "International Standard Name Identifier (ISNI)",
        "icon": "https://www.isni.org/sites/default/files/isni_new_favicon.ico"
      }
    }
  ]
}