{
  "@context": "http://hub.culturegraph.org/entityfacts/context/v1/entityfacts.jsonld",
  "@id": "https://d-nb.info/gnd/116859695",
  "describedBy": {
    "valid": "2026-05-03T08:58:11Z",
    "license": "https://creativecommons.org/publicdomain/zero/1.0/",
    "@id": "https://hub.culturegraph.org/entityfacts/116859695"
  },
  "preferredName": "Jacques Lect",
  "surname": "Lect",
  "forename": "Jacques",
  "@type": "person",
  "academicDegree": [
    "Prof."
  ],
  "variantName": [
    "Jacobus Lectius",
    "Jaques Lectius",
    "Jacques Lectius",
    "Jakob Lect",
    "Jacob Lect",
    "Jacobus Lect",
    "Lectius",
    "Jac. Lectius",
    "Iacobus Lectius",
    "Carolus Lectius",
    "Jakob Lekt",
    "Jakob Lectius"
  ],
  "dateOfBirth": "XX.XX.1558",
  "dateOfDeath": "August 25, 1611",
  "placeOfBirth": [
    {
      "@id": "https://d-nb.info/gnd/4020137-5",
      "preferredName": "Genf"
    }
  ],
  "placeOfDeath": [
    {
      "@id": "https://d-nb.info/gnd/4020137-5",
      "preferredName": "Genf"
    }
  ],
  "placeOfActivity": [
    {
      "@id": "https://d-nb.info/gnd/4020137-5",
      "preferredName": "Genf"
    }
  ],
  "associatedCountry": [
    {
      "@id": "https://d-nb.info/standards/vocab/gnd/geographic-area-code#XA-CH",
      "preferredName": "Schweiz"
    }
  ],
  "professionOrOccupation": [
    {
      "@id": "https://d-nb.info/gnd/4029050-5",
      "preferredName": "Jurist"
    },
    {
      "@id": "https://d-nb.info/gnd/4199241-6",
      "preferredName": "Klassischer Philologe"
    },
    {
      "preferredName": "Professor fu\u0308r Rechtswissenschaft in Genf"
    },
    {
      "@id": "https://d-nb.info/gnd/4184238-8",
      "preferredName": "Syndikusanwalt"
    },
    {
      "@id": "https://d-nb.info/gnd/4177008-0",
      "preferredName": "Ratsherr"
    }
  ],
  "gender": {
    "@id": "https://d-nb.info/standards/vocab/gnd/gender#male",
    "label": "Mann"
  },
  "relatedPerson": [
    {
      "@id": "https://d-nb.info/gnd/119773422",
      "relationship": "VD-16 Mitverf.",
      "preferredName": "Pierre Nevelet"
    },
    {
      "@id": "https://d-nb.info/gnd/124523072",
      "relationship": "VD-16 Mitverf.",
      "preferredName": "Joseph Du Chesne"
    },
    {
      "relationship": "VD-16 Mitverf.",
      "preferredName": "O.B.C."
    },
    {
      "relationship": "VD-16 Mitverf.",
      "preferredName": "P.N.D."
    },
    {
      "relationship": "VD-16 Mitverf.",
      "preferredName": "R.T.A."
    },
    {
      "@id": "https://d-nb.info/gnd/118662864",
      "relationship": "VD-16 Mitverf.",
      "preferredName": "The\u0301odore de Be\u0300ze"
    },
    {
      "@id": "https://d-nb.info/gnd/118693077",
      "relationship": "VD-16 Mitverf.",
      "preferredName": "Marquard Freher"
    },
    {
      "@id": "https://d-nb.info/gnd/119704838",
      "relationship": "VD-16 Mitverf.",
      "preferredName": "Hendrik, de Smet"
    },
    {
      "@id": "https://d-nb.info/gnd/119681471",
      "relationship": "VD-16 Mitverf.",
      "preferredName": "Veit Garner"
    },
    {
      "@id": "https://d-nb.info/gnd/124680984",
      "relationship": "VD-16 Mitverf.",
      "preferredName": "Jean Jaquemot"
    },
    {
      "relationship": "VD-16 Mitverf.",
      "preferredName": "Georg Rem"
    },
    {
      "relationship": "Roth; VD-16 Mitverf.",
      "preferredName": "Johannes Stamler"
    },
    {
      "@id": "https://d-nb.info/gnd/121650723",
      "relationship": "VD-16 Mitverf.",
      "preferredName": "Karl von Utenhove"
    },
    {
      "@id": "https://d-nb.info/gnd/104288639",
      "relationship": "VD-16 Mitverf.",
      "preferredName": "Konrad Rittershausen"
    },
    {
      "@id": "https://d-nb.info/gnd/118806653",
      "relationship": "VD-16 Mitverf.",
      "preferredName": "Marcus Welser"
    }
  ],
  "sameAs": [
    {
      "@id": "https://d-nb.info/gnd/116859695/about",
      "collection": {
        "abbr": "DNB",
        "name": "Gemeinsame Normdatei (GND) im Katalog der Deutschen Nationalbibliothek",
        "publisher": "Deutsche Nationalbibliothek",
        "icon": "https://www.dnb.de/SiteGlobals/Frontend/DNBWeb/Images/favicon.png?__blob=normal&v=4"
      }
    },
    {
      "@id": "http://catalogue.bnf.fr/ark:/12148/cb12126634f",
      "collection": {
        "abbr": "BNF",
        "name": "Bibliothe\u0300que nationale de France",
        "publisher": "Bibliothe\u0300que nationale de France",
        "icon": "https://www.bnf.fr/themes/custom/bnfsi/favicon.ico"
      }
    },
    {
      "@id": "http://www.hls-dhs-dss.ch/textes/d/D16284.php",
      "collection": {
        "abbr": "CH_HLS",
        "name": "Historisches Lexikon der Schweiz (HLS)",
        "publisher": "Historisches Lexikon der Schweiz (HLS)",
        "icon": "https://www.hls-dhs-dss.ch/favicon.ico"
      }
    },
    {
      "@id": "https://kalliope-verbund.info/gnd/116859695",
      "collection": {
        "abbr": "DE-611",
        "name": "Kalliope Verbundkatalog",
        "publisher": "Staatsbibliothek zu Berlin - Preu\u00dfischer Kulturbesitz",
        "icon": "https://kalliope-verbund.info/img/favicon.ico"
      }
    },
    {
      "@id": "https://raa.gf-franken.de/de/suche-nach-stammbucheintraegen.html?permaLink=1596_becker;62",
      "collection": {
        "abbr": "RAAE",
        "name": "Repertorium Alborum Amicorum (RAA) - Stammbucheintr\u00e4ge",
        "publisher": "Department Germanistik und Komparatistik der Friedrich-Alexander-Universit\u00e4t Erlangen-N\u00fcrnberg in Zusammenarbeit mit der Gesellschaft f\u00fcr Familienforschung in Franken",
        "icon": "https://www.gf-franken.de/favicon.ico"
      }
    },
    {
      "@id": "https://raa.gf-franken.de/de/suche-nach-stammbucheintraegen.html?permaLink=1602_craig;31",
      "collection": {
        "abbr": "RAAE",
        "name": "Repertorium Alborum Amicorum (RAA) - Stammbucheintr\u00e4ge",
        "publisher": "Department Germanistik und Komparatistik der Friedrich-Alexander-Universit\u00e4t Erlangen-N\u00fcrnberg in Zusammenarbeit mit der Gesellschaft f\u00fcr Familienforschung in Franken",
        "icon": "https://www.gf-franken.de/favicon.ico"
      }
    },
    {
      "@id": "https://www.deutsche-digitale-bibliothek.de/person/gnd/116859695",
      "collection": {
        "abbr": "DDB",
        "name": "Deutsche Digitale Bibliothek",
        "publisher": "Deutsche Digitale Bibliothek",
        "icon": "https://www.deutsche-digitale-bibliothek.de/favicon.ico"
      }
    },
    {
      "@id": "http://id.loc.gov/rwo/agents/n00057526",
      "collection": {
        "abbr": "LC",
        "name": "NACO Authority File",
        "publisher": "Library of Congress",
        "icon": "https://www.loc.gov/favicon.ico"
      }
    },
    {
      "@id": "http://viaf.org/viaf/66500511",
      "collection": {
        "abbr": "VIAF",
        "name": "Virtual International Authority File (VIAF)",
        "publisher": "OCLC",
        "icon": "https://viaf.org/viaf/images/viaf.ico"
      }
    },
    {
      "@id": "http://www.wikidata.org/entity/Q21544889",
      "collection": {
        "abbr": "WIKIDATA",
        "name": "Wikidata",
        "publisher": "Wikimedia Foundation Inc.",
        "icon": "https://www.wikidata.org/static/favicon/wikidata.ico"
      }
    },
    {
      "@id": "https://isni.org/isni/0000000121372645",
      "collection": {
        "abbr": "ISNI",
        "name": "International Standard Name Identifier (ISNI)",
        "publisher": "International Standard Name Identifier (ISNI)",
        "icon": "https://www.isni.org/sites/default/files/isni_new_favicon.ico"
      }
    }
  ]
}