{
  "@context": "http://hub.culturegraph.org/entityfacts/context/v1/entityfacts.jsonld",
  "@id": "https://d-nb.info/gnd/116600705",
  "describedBy": {
    "valid": "2026-05-03T17:18:23Z",
    "license": "https://creativecommons.org/publicdomain/zero/1.0/",
    "@id": "https://hub.culturegraph.org/entityfacts/116600705"
  },
  "preferredName": "Werner Rolfinck",
  "surname": "Rolfinck",
  "forename": "Werner",
  "@type": "person",
  "variantName": [
    "Guernerus Ro\u0308lfinck",
    "Werner Ro\u0308lfinck",
    "Wernerus Rolfincius",
    "Wernher Rolfinck",
    "Werner Rolfinckius",
    "Wernerus Rolfinckius",
    "Werner Rolfing",
    "Guernerus Rolfingius",
    "Wernerus Rolfink",
    "Wernerus Rolvinccius",
    "Guernerus Rolvincius",
    "Werner Rolvinck",
    "Werner Rolvink",
    "Werner Rolefinc",
    "Werner Rolefinck",
    "Guernerus Rolefincus",
    "Werner Rolevinc",
    "Werner Rolevinck",
    "Werner Rolevink",
    "Guernerus Rolevincius",
    "Guerner Rolfinck",
    "Guernerius Rolfincius",
    "Werner Rho\u0308lfinck",
    "Wernerus Rho\u0308lfinckius",
    "Guernerus Rho\u0308lfinckius",
    "Wernerus Rolfinck",
    "Guernerus Rolfinck",
    "Guernerus Rolfincius",
    "Werner Rolfink",
    "Guernerus Rolfincius",
    "Guernecus Rolfincius",
    "Guernerus Rolfinckius",
    "Guernerus Rollfinck",
    "Guernerus Rollfinckius",
    "Wernerus Rolfinkius",
    "Rolfincius"
  ],
  "dateOfBirth": "November 15, 1599",
  "dateOfDeath": "May 6, 1673",
  "placeOfBirth": [
    {
      "@id": "https://d-nb.info/gnd/4023118-5",
      "preferredName": "Hamburg"
    }
  ],
  "placeOfDeath": [
    {
      "@id": "https://d-nb.info/gnd/4028557-1",
      "preferredName": "Jena"
    }
  ],
  "placeOfActivity": [
    {
      "@id": "https://d-nb.info/gnd/4028557-1",
      "preferredName": "Jena"
    }
  ],
  "associatedCountry": [
    {
      "@id": "https://d-nb.info/standards/vocab/gnd/geographic-area-code#XA-DE",
      "preferredName": "Deutschland"
    }
  ],
  "professionOrOccupation": [
    {
      "@id": "https://d-nb.info/gnd/4003157-3",
      "preferredName": "Arzt"
    },
    {
      "@id": "https://d-nb.info/gnd/4025243-7",
      "preferredName": "Hochschullehrer"
    },
    {
      "@id": "https://d-nb.info/gnd/4009836-9",
      "preferredName": "Chemiker"
    },
    {
      "@id": "https://d-nb.info/gnd/4398816-7",
      "preferredName": "Anatom"
    },
    {
      "@id": "https://d-nb.info/gnd/4146402-3",
      "preferredName": "Botaniker"
    }
  ],
  "gender": {
    "@id": "https://d-nb.info/standards/vocab/gnd/gender#male",
    "label": "Mann"
  },
  "biographicalOrHistoricalInformation": "Dt. Mediziner, Anatom, Chemiker, Botaniker; Studium in Wittenberg, Leiden, Oxford, Paris, Padua; seit 1629 Prof. an der Univ. Jena, Dekan und Rektor der Univ. Jena, Direktor des Botan. Gartens Jena",
  "familialRelationship": [
    {
      "@id": "https://d-nb.info/gnd/119808188",
      "relationship": "Vater",
      "preferredName": "Werner Rolfinck"
    },
    {
      "@id": "https://d-nb.info/gnd/104253533",
      "relationship": "Ehefrau",
      "preferredName": "Sophie Margarete Rolfinck"
    },
    {
      "@id": "https://d-nb.info/gnd/123335582",
      "relationship": "Tochter",
      "preferredName": "Anna Catharina Wex"
    },
    {
      "@id": "https://d-nb.info/gnd/121597415",
      "relationship": "Tochter",
      "preferredName": "Eleonora Sophia Rolfinck"
    },
    {
      "@id": "https://d-nb.info/gnd/123415837",
      "relationship": "Tochter",
      "preferredName": "Eleonora Elisabetha Rolfinck"
    },
    {
      "@id": "https://d-nb.info/gnd/123342708",
      "relationship": "Tochter",
      "preferredName": "Martha Sophia Rolfinck"
    }
  ],
  "depiction": {
    "@id": "https://commons.wikimedia.org/wiki/Special:FilePath/WernerRolfinck.jpg",
    "publisher": "Wikimedia Commons",
    "copyrighted": "false",
    "creator": [
      "Unknown authorUnknown author"
    ],
    "creditText": [
      "Self-scanned"
    ],
    "license": [
      {
        "@id": "https://creativecommons.org/publicdomain/mark/1.0/",
        "abbr": "PD",
        "name": "Public Domain",
        "attributionRequired": "false",
        "restrictions": ""
      }
    ],
    "url": "https://commons.wikimedia.org/wiki/File:WernerRolfinck.jpg?uselang=en",
    "thumbnail": {
      "@id": "https://commons.wikimedia.org/wiki/Special:FilePath/WernerRolfinck.jpg?width=270"
    }
  },
  "sameAs": [
    {
      "@id": "https://d-nb.info/gnd/116600705/about",
      "collection": {
        "abbr": "DNB",
        "name": "Gemeinsame Normdatei (GND) im Katalog der Deutschen Nationalbibliothek",
        "publisher": "Deutsche Nationalbibliothek",
        "icon": "https://www.dnb.de/SiteGlobals/Frontend/DNBWeb/Images/favicon.png?__blob=normal&v=4"
      }
    },
    {
      "@id": "https://de.wikipedia.org/wiki/Werner_Rolfinck",
      "collection": {
        "abbr": "dewiki",
        "name": "Wikipedia (Deutsch)",
        "publisher": "Wikimedia Foundation Inc.",
        "icon": "https://de.wikipedia.org/static/favicon/wikipedia.ico"
      }
    },
    {
      "@id": "https://en.wikipedia.org/wiki/Werner_Rolfinck",
      "collection": {
        "abbr": "enwiki",
        "name": "Wikipedia (English)",
        "publisher": "Wikimedia Foundation Inc.",
        "icon": "https://en.wikipedia.org/static/favicon/wikipedia.ico"
      }
    },
    {
      "@id": "https://kalliope-verbund.info/gnd/116600705",
      "collection": {
        "abbr": "DE-611",
        "name": "Kalliope Verbundkatalog",
        "publisher": "Staatsbibliothek zu Berlin - Preu\u00dfischer Kulturbesitz",
        "icon": "https://kalliope-verbund.info/img/favicon.ico"
      }
    },
    {
      "@id": "https://raa.gf-franken.de/de/suche-nach-stammbucheintraegen.html?permaLink=1652_benz;182",
      "collection": {
        "abbr": "RAAE",
        "name": "Repertorium Alborum Amicorum (RAA) - Stammbucheintr\u00e4ge",
        "publisher": "Department Germanistik und Komparatistik der Friedrich-Alexander-Universit\u00e4t Erlangen-N\u00fcrnberg in Zusammenarbeit mit der Gesellschaft f\u00fcr Familienforschung in Franken",
        "icon": "https://www.gf-franken.de/favicon.ico"
      }
    },
    {
      "@id": "https://www.archivportal-d.de/person/gnd/116600705",
      "collection": {
        "abbr": "ARCHIV-D",
        "name": "Archivportal-D",
        "publisher": "Deutsche Digitale Bibliothek",
        "icon": "https://www.archivportal-d.de/favicon.ico"
      }
    },
    {
      "@id": "https://www.deutsche-biographie.de/pnd116600705.html#adbcontent",
      "collection": {
        "abbr": "ADB",
        "name": "Allgemeine Deutsche Biographie (ADB)",
        "publisher": "Historische Kommission bei der Bayerischen Akademie der Wissenschaften und Bayerische Staatsbibliothek",
        "icon": "https://www.deutsche-biographie.de/favicon.ico"
      }
    },
    {
      "@id": "https://www.deutsche-biographie.de/pnd116600705.html#ndbcontent",
      "collection": {
        "abbr": "NDB",
        "name": "Neue Deutsche Biographie (NDB)",
        "publisher": "Historische Kommission bei der Bayerischen Akademie der Wissenschaften und Bayerische Staatsbibliothek",
        "icon": "https://www.deutsche-biographie.de/favicon.ico"
      }
    },
    {
      "@id": "https://www.deutsche-digitale-bibliothek.de/person/gnd/116600705",
      "collection": {
        "abbr": "DDB",
        "name": "Deutsche Digitale Bibliothek",
        "publisher": "Deutsche Digitale Bibliothek",
        "icon": "https://www.deutsche-digitale-bibliothek.de/favicon.ico"
      }
    },
    {
      "@id": "https://www.portraitindex.de/dokumente/pnd/116600705",
      "collection": {
        "abbr": "Portraitindex",
        "name": "Digitaler Portraitindex der druckgraphischen Bildnisse der Fru\u0308hen Neuzeit",
        "publisher": "Deutsches Dokumentationszentrum fu\u0308r Kunstgeschichte - Bildarchiv Foto Marburg",
        "icon": "https://www.portraitindex.de/favicon.ico"
      }
    },
    {
      "@id": "http://id.loc.gov/rwo/agents/n87885119",
      "collection": {
        "abbr": "LC",
        "name": "NACO Authority File",
        "publisher": "Library of Congress",
        "icon": "https://www.loc.gov/favicon.ico"
      }
    },
    {
      "@id": "http://viaf.org/viaf/57370875",
      "collection": {
        "abbr": "VIAF",
        "name": "Virtual International Authority File (VIAF)",
        "publisher": "OCLC",
        "icon": "https://viaf.org/viaf/images/viaf.ico"
      }
    },
    {
      "@id": "http://www.wikidata.org/entity/Q85654",
      "collection": {
        "abbr": "WIKIDATA",
        "name": "Wikidata",
        "publisher": "Wikimedia Foundation Inc.",
        "icon": "https://www.wikidata.org/static/favicon/wikidata.ico"
      }
    },
    {
      "@id": "https://isni.org/isni/000000011027453X",
      "collection": {
        "abbr": "ISNI",
        "name": "International Standard Name Identifier (ISNI)",
        "publisher": "International Standard Name Identifier (ISNI)",
        "icon": "https://www.isni.org/sites/default/files/isni_new_favicon.ico"
      }
    }
  ]
}