{
  "@context": "http://hub.culturegraph.org/entityfacts/context/v1/entityfacts.jsonld",
  "@id": "https://d-nb.info/gnd/116587512",
  "describedBy": {
    "valid": "2026-04-27T04:27:32Z",
    "license": "https://creativecommons.org/publicdomain/zero/1.0/",
    "@id": "https://hub.culturegraph.org/entityfacts/116587512"
  },
  "preferredName": "Stephan Gerlach",
  "surname": "Gerlach",
  "forename": "Stephan",
  "@type": "person",
  "academicDegree": [
    "Prof. Dr. theol."
  ],
  "variantName": [
    "Stephan Gerlach, der A\u0308ltere",
    "Stephan Gerlachius",
    "Stefan Gerlach",
    "Stephanus Gerlach",
    "Stephanus Gerlachius"
  ],
  "dateOfBirth": "December 26, 1546",
  "dateOfDeath": "January 30, 1612",
  "placeOfBirth": [
    {
      "@id": "https://d-nb.info/gnd/4031307-4",
      "preferredName": "Knittlingen"
    }
  ],
  "placeOfDeath": [
    {
      "@id": "https://d-nb.info/gnd/4061147-4",
      "preferredName": "Tu\u0308bingen"
    }
  ],
  "placeOfActivity": [
    {
      "@id": "https://d-nb.info/gnd/4061147-4",
      "preferredName": "Tu\u0308bingen"
    }
  ],
  "associatedCountry": [
    {
      "@id": "https://d-nb.info/standards/vocab/gnd/geographic-area-code#XA-DE",
      "preferredName": "Deutschland"
    }
  ],
  "professionOrOccupation": [
    {
      "@id": "https://d-nb.info/gnd/4015882-2",
      "preferredName": "Evangelischer Theologe"
    },
    {
      "@id": "https://d-nb.info/gnd/4025243-7",
      "preferredName": "Hochschullehrer"
    },
    {
      "@id": "https://d-nb.info/gnd/4132592-8",
      "preferredName": "Pfarrer"
    },
    {
      "@id": "https://d-nb.info/gnd/4210801-9",
      "preferredName": "Hofprediger"
    }
  ],
  "gender": {
    "@id": "https://d-nb.info/standards/vocab/gnd/gender#male",
    "label": "Mann"
  },
  "biographicalOrHistoricalInformation": "Evangelisch-lutherischerTheologe, 1573-1578 Gesandtschaftsprediger fu\u0308r David von Ungnad in Konstantinopel; 1580-1612 Prof. theol. an der Univ. Tu\u0308bingen, zugleich 1. Superattendent am Tu\u0308binger Stift (ab 1590), Dekan der Theolog. Fakulta\u0308t (ab 1590), Vizekanzler (1598-1606) und Stiftspropst; verheiratet mit Brigitte Schwarz (um 1560-1603)",
  "relatedPerson": [
    {
      "@id": "https://d-nb.info/gnd/128393904",
      "relationship": "VD-16 Mitverf.",
      "preferredName": "Michael Beringer"
    },
    {
      "relationship": "VD-16 Mitverf.",
      "preferredName": "Johannes Kaspar Pappus"
    },
    {
      "relationship": "VD-16 Mitverf.",
      "preferredName": "Jakob Heerbrand"
    },
    {
      "@id": "https://d-nb.info/gnd/119616505",
      "relationship": "VD-16 Mitverf.",
      "preferredName": "Werner Behre"
    },
    {
      "@id": "https://d-nb.info/gnd/119672049",
      "relationship": "VD-16 Mitverf.",
      "preferredName": "Christopher Firix"
    },
    {
      "relationship": "VD-16 Mitverf.",
      "preferredName": "Johannes Wegelin"
    },
    {
      "@id": "https://d-nb.info/gnd/119746832",
      "relationship": "VD-16 Mitverf.",
      "preferredName": "Jakob Lorhard"
    },
    {
      "@id": "https://d-nb.info/gnd/119811839",
      "relationship": "VD-16 Mitverf.",
      "preferredName": "Theodor Rull"
    },
    {
      "relationship": "Schwaz; VD-16 Mitverf.",
      "preferredName": "Georg Scherer"
    },
    {
      "@id": "https://d-nb.info/gnd/119826593",
      "relationship": "VD-16 Mitverf.",
      "preferredName": "Daniel Schumeyer"
    },
    {
      "relationship": "VD-16 Mitverf.",
      "preferredName": "Patriarch von Konstantinopel Jeremias II."
    }
  ],
  "familialRelationship": [
    {
      "@id": "https://d-nb.info/gnd/121075206",
      "relationship": "Sohn",
      "preferredName": "Elisaeus Gerlach"
    },
    {
      "@id": "https://d-nb.info/gnd/122879325",
      "relationship": "Sohn",
      "preferredName": "Samuel Gerlach"
    },
    {
      "@id": "https://d-nb.info/gnd/116587784",
      "relationship": "Enkel",
      "preferredName": "Stephan Gerlach"
    }
  ],
  "depiction": {
    "@id": "https://commons.wikimedia.org/wiki/Special:FilePath/Stephan%20Gerlach%2026.12.1546-30.1.1612.jpg",
    "publisher": "Wikimedia Commons",
    "copyrighted": "false",
    "creator": [
      "Hans Ulrich Alt"
    ],
    "creditText": [
      "LEO-BW"
    ],
    "license": [
      {
        "@id": "https://creativecommons.org/publicdomain/mark/1.0/",
        "abbr": "PD",
        "name": "Public Domain",
        "attributionRequired": "false",
        "restrictions": ""
      }
    ],
    "url": "https://commons.wikimedia.org/wiki/File:Stephan%20Gerlach%2026.12.1546-30.1.1612.jpg?uselang=en",
    "thumbnail": {
      "@id": "https://commons.wikimedia.org/wiki/Special:FilePath/Stephan%20Gerlach%2026.12.1546-30.1.1612.jpg?width=270"
    }
  },
  "sameAs": [
    {
      "@id": "https://d-nb.info/gnd/116587512/about",
      "collection": {
        "abbr": "DNB",
        "name": "Gemeinsame Normdatei (GND) im Katalog der Deutschen Nationalbibliothek",
        "publisher": "Deutsche Nationalbibliothek",
        "icon": "https://www.dnb.de/SiteGlobals/Frontend/DNBWeb/Images/favicon.png?__blob=normal&v=4"
      }
    },
    {
      "@id": "https://de.wikipedia.org/wiki/Stephan_Gerlach",
      "collection": {
        "abbr": "dewiki",
        "name": "Wikipedia (Deutsch)",
        "publisher": "Wikimedia Foundation Inc.",
        "icon": "https://de.wikipedia.org/static/favicon/wikipedia.ico"
      }
    },
    {
      "@id": "https://en.wikipedia.org/wiki/Stephan_Gerlach",
      "collection": {
        "abbr": "enwiki",
        "name": "Wikipedia (English)",
        "publisher": "Wikimedia Foundation Inc.",
        "icon": "https://en.wikipedia.org/static/favicon/wikipedia.ico"
      }
    },
    {
      "@id": "https://kalliope-verbund.info/gnd/116587512",
      "collection": {
        "abbr": "DE-611",
        "name": "Kalliope Verbundkatalog",
        "publisher": "Staatsbibliothek zu Berlin - Preu\u00dfischer Kulturbesitz",
        "icon": "https://kalliope-verbund.info/img/favicon.ico"
      }
    },
    {
      "@id": "https://raa.gf-franken.de/de/suche-nach-stammbucheintraegen.html?permaLink=1570_manlius;77",
      "collection": {
        "abbr": "RAAE",
        "name": "Repertorium Alborum Amicorum (RAA) - Stammbucheintr\u00e4ge",
        "publisher": "Department Germanistik und Komparatistik der Friedrich-Alexander-Universit\u00e4t Erlangen-N\u00fcrnberg in Zusammenarbeit mit der Gesellschaft f\u00fcr Familienforschung in Franken",
        "icon": "https://www.gf-franken.de/favicon.ico"
      }
    },
    {
      "@id": "https://raa.gf-franken.de/de/suche-nach-stammbuechern.html?permaLink=1575_gerlach",
      "collection": {
        "abbr": "RAAS",
        "name": "Repertorium Alborum Amicorum (RAA) - Stammb\u00fccher",
        "publisher": "Department Germanistik und Komparatistik der Friedrich-Alexander-Universit\u00e4t Erlangen-N\u00fcrnberg in Zusammenarbeit mit der Gesellschaft f\u00fcr Familienforschung in Franken",
        "icon": "https://www.gf-franken.de/favicon.ico"
      }
    },
    {
      "@id": "https://raa.gf-franken.de/de/suche-nach-stammbuechern.html?permaLink=1579_gerlach",
      "collection": {
        "abbr": "RAAS",
        "name": "Repertorium Alborum Amicorum (RAA) - Stammb\u00fccher",
        "publisher": "Department Germanistik und Komparatistik der Friedrich-Alexander-Universit\u00e4t Erlangen-N\u00fcrnberg in Zusammenarbeit mit der Gesellschaft f\u00fcr Familienforschung in Franken",
        "icon": "https://www.gf-franken.de/favicon.ico"
      }
    },
    {
      "@id": "https://www.archivportal-d.de/person/gnd/116587512",
      "collection": {
        "abbr": "ARCHIV-D",
        "name": "Archivportal-D",
        "publisher": "Deutsche Digitale Bibliothek",
        "icon": "https://www.archivportal-d.de/favicon.ico"
      }
    },
    {
      "@id": "https://www.deutsche-biographie.de/pnd116587512.html#adbcontent",
      "collection": {
        "abbr": "ADB",
        "name": "Allgemeine Deutsche Biographie (ADB)",
        "publisher": "Historische Kommission bei der Bayerischen Akademie der Wissenschaften und Bayerische Staatsbibliothek",
        "icon": "https://www.deutsche-biographie.de/favicon.ico"
      }
    },
    {
      "@id": "https://www.deutsche-digitale-bibliothek.de/person/gnd/116587512",
      "collection": {
        "abbr": "DDB",
        "name": "Deutsche Digitale Bibliothek",
        "publisher": "Deutsche Digitale Bibliothek",
        "icon": "https://www.deutsche-digitale-bibliothek.de/favicon.ico"
      }
    },
    {
      "@id": "https://www.portraitindex.de/dokumente/pnd/116587512",
      "collection": {
        "abbr": "Portraitindex",
        "name": "Digitaler Portraitindex der druckgraphischen Bildnisse der Fru\u0308hen Neuzeit",
        "publisher": "Deutsches Dokumentationszentrum fu\u0308r Kunstgeschichte - Bildarchiv Foto Marburg",
        "icon": "https://www.portraitindex.de/favicon.ico"
      }
    },
    {
      "@id": "http://id.loc.gov/rwo/agents/n2012040821",
      "collection": {
        "abbr": "LC",
        "name": "NACO Authority File",
        "publisher": "Library of Congress",
        "icon": "https://www.loc.gov/favicon.ico"
      }
    },
    {
      "@id": "http://viaf.org/viaf/13062332",
      "collection": {
        "abbr": "VIAF",
        "name": "Virtual International Authority File (VIAF)",
        "publisher": "OCLC",
        "icon": "https://viaf.org/viaf/images/viaf.ico"
      }
    },
    {
      "@id": "http://www.wikidata.org/entity/Q1090701",
      "collection": {
        "abbr": "WIKIDATA",
        "name": "Wikidata",
        "publisher": "Wikimedia Foundation Inc.",
        "icon": "https://www.wikidata.org/static/favicon/wikidata.ico"
      }
    },
    {
      "@id": "https://isni.org/isni/0000000119444048",
      "collection": {
        "abbr": "ISNI",
        "name": "International Standard Name Identifier (ISNI)",
        "publisher": "International Standard Name Identifier (ISNI)",
        "icon": "https://www.isni.org/sites/default/files/isni_new_favicon.ico"
      }
    }
  ]
}