{
  "@context": "http://hub.culturegraph.org/entityfacts/context/v1/entityfacts.jsonld",
  "@id": "https://d-nb.info/gnd/116568674",
  "describedBy": {
    "valid": "2026-05-03T10:17:24Z",
    "license": "https://creativecommons.org/publicdomain/zero/1.0/",
    "@id": "https://hub.culturegraph.org/entityfacts/116568674"
  },
  "preferredName": "Valentin Erythraeus",
  "surname": "Erythraeus",
  "forename": "Valentin",
  "@type": "person",
  "variantName": [
    "Valentin Erythra\u0308us",
    "Valentinus Erythraeus"
  ],
  "realIdentity": [
    {
      "preferredName": "Valentin Roth"
    }
  ],
  "dateOfBirth": "1521",
  "dateOfDeath": "March 29, 1576",
  "placeOfBirth": [
    {
      "@id": "https://d-nb.info/gnd/4074242-8",
      "preferredName": "Lindau (Bodensee)"
    }
  ],
  "placeOfDeath": [
    {
      "@id": "https://d-nb.info/gnd/4001388-1",
      "preferredName": "Altdorf b. Nu\u0308rnberg"
    }
  ],
  "placeOfActivity": [
    {
      "@id": "https://d-nb.info/gnd/4057878-1",
      "preferredName": "Stra\u00dfburg"
    },
    {
      "@id": "https://d-nb.info/gnd/4001388-1",
      "preferredName": "Altdorf b. Nu\u0308rnberg"
    }
  ],
  "associatedCountry": [
    {
      "@id": "https://d-nb.info/standards/vocab/gnd/geographic-area-code#XA-DE",
      "preferredName": "Deutschland"
    }
  ],
  "professionOrOccupation": [
    {
      "@id": "https://d-nb.info/gnd/4199236-2",
      "preferredName": "Philologe"
    },
    {
      "@id": "https://d-nb.info/gnd/4025243-7",
      "preferredName": "Hochschullehrer"
    },
    {
      "@id": "https://d-nb.info/gnd/4158589-6",
      "preferredName": "Gymnasiallehrer"
    },
    {
      "preferredName": "Philologe"
    },
    {
      "preferredName": "Pa\u0308dagoge"
    },
    {
      "preferredName": "Professor in Altdorf"
    }
  ],
  "gender": {
    "@id": "https://d-nb.info/standards/vocab/gnd/gender#male",
    "label": "Mann"
  },
  "biographicalOrHistoricalInformation": "Dt. Humanist und Pa\u0308dagoge; Student in Stra\u00dfburg und Wittenberg; 1546 Lehrer am Gymnasium Stra\u00dfburg; 1553 Professor an der Akademie Stra\u00dfburg; 1575 erster Gymnasialrektor in Altdorf",
  "relatedPerson": [
    {
      "@id": "https://d-nb.info/gnd/123590736",
      "relationship": "VD-16 Mitverf.",
      "preferredName": "Stephan Reich"
    },
    {
      "relationship": "VD-16 Mitverf.",
      "preferredName": "Johannes Brenz, der A\u0308ltere"
    },
    {
      "@id": "https://d-nb.info/gnd/119688042",
      "relationship": "VD-16 Mitverf.",
      "preferredName": "Peter Gu\u0308nther"
    },
    {
      "@id": "https://d-nb.info/gnd/119654342",
      "relationship": "VD-16 Mitverf.",
      "preferredName": "Andreas Diether"
    },
    {
      "@id": "https://d-nb.info/gnd/116713550",
      "relationship": "VD-16 Mitverf.",
      "preferredName": "Georg Sabinus"
    },
    {
      "relationship": "VD-16 Mitverf.",
      "preferredName": "Joachim Camerarius, der A\u0308ltere"
    },
    {
      "relationship": "VD-16 Mitverf.",
      "preferredName": "Sebastiano Corrado"
    },
    {
      "relationship": "VD-16 Mitverf.",
      "preferredName": "Christoph Hegendorff"
    },
    {
      "@id": "https://d-nb.info/gnd/118520814",
      "relationship": "VD-16 Mitverf.",
      "preferredName": "Marcus Tullius Cicero"
    },
    {
      "relationship": "Schleiden; VD-16 Mitverf.",
      "preferredName": "Johannes Sturm"
    }
  ],
  "familialRelationship": [
    {
      "@id": "https://d-nb.info/gnd/10388727X",
      "relationship": "Sohn",
      "preferredName": "Gotthart Erythraeus"
    }
  ],
  "sameAs": [
    {
      "@id": "https://d-nb.info/gnd/116568674/about",
      "collection": {
        "abbr": "DNB",
        "name": "Gemeinsame Normdatei (GND) im Katalog der Deutschen Nationalbibliothek",
        "publisher": "Deutsche Nationalbibliothek",
        "icon": "https://www.dnb.de/SiteGlobals/Frontend/DNBWeb/Images/favicon.png?__blob=normal&v=4"
      }
    },
    {
      "@id": "https://aaa.gf-franken.de/de/recherche.html?permaLink=K1010",
      "collection": {
        "abbr": "AAA",
        "name": "Album Academicum Altorphinum (AAA)",
        "publisher": "Department Germanistik und Komparatistik der Friedrich-Alexander-Universit\u00e4t Erlangen-N\u00fcrnberg in Zusammenarbeit mit der Gesellschaft f\u00fcr Familienforschung in Franken",
        "icon": "https://www.gf-franken.de/favicon.ico"
      }
    },
    {
      "@id": "https://bmlo.de/Q/GND=116568674",
      "collection": {
        "abbr": "DE-M512",
        "name": "Bayerisches Musiker-Lexikon Online",
        "publisher": "Bayerisches Musiker-Lexikon Online",
        "icon": "https://bmlo.de/x/pic/favicon.gif"
      }
    },
    {
      "@id": "https://de.wikipedia.org/wiki/Valentin_Erythr%C3%A4us",
      "collection": {
        "abbr": "dewiki",
        "name": "Wikipedia (Deutsch)",
        "publisher": "Wikimedia Foundation Inc.",
        "icon": "https://de.wikipedia.org/static/favicon/wikipedia.ico"
      }
    },
    {
      "@id": "https://kalliope-verbund.info/gnd/116568674",
      "collection": {
        "abbr": "DE-611",
        "name": "Kalliope Verbundkatalog",
        "publisher": "Staatsbibliothek zu Berlin - Preu\u00dfischer Kulturbesitz",
        "icon": "https://kalliope-verbund.info/img/favicon.ico"
      }
    },
    {
      "@id": "https://www.deutsche-biographie.de/pnd116568674.html#adbcontent",
      "collection": {
        "abbr": "ADB",
        "name": "Allgemeine Deutsche Biographie (ADB)",
        "publisher": "Historische Kommission bei der Bayerischen Akademie der Wissenschaften und Bayerische Staatsbibliothek",
        "icon": "https://www.deutsche-biographie.de/favicon.ico"
      }
    },
    {
      "@id": "https://www.deutsche-digitale-bibliothek.de/person/gnd/116568674",
      "collection": {
        "abbr": "DDB",
        "name": "Deutsche Digitale Bibliothek",
        "publisher": "Deutsche Digitale Bibliothek",
        "icon": "https://www.deutsche-digitale-bibliothek.de/favicon.ico"
      }
    },
    {
      "@id": "https://www.portraitindex.de/dokumente/pnd/116568674",
      "collection": {
        "abbr": "Portraitindex",
        "name": "Digitaler Portraitindex der druckgraphischen Bildnisse der Fru\u0308hen Neuzeit",
        "publisher": "Deutsches Dokumentationszentrum fu\u0308r Kunstgeschichte - Bildarchiv Foto Marburg",
        "icon": "https://www.portraitindex.de/favicon.ico"
      }
    },
    {
      "@id": "http://id.loc.gov/rwo/agents/no2014024692",
      "collection": {
        "abbr": "LC",
        "name": "NACO Authority File",
        "publisher": "Library of Congress",
        "icon": "https://www.loc.gov/favicon.ico"
      }
    },
    {
      "@id": "http://viaf.org/viaf/37170848",
      "collection": {
        "abbr": "VIAF",
        "name": "Virtual International Authority File (VIAF)",
        "publisher": "OCLC",
        "icon": "https://viaf.org/viaf/images/viaf.ico"
      }
    },
    {
      "@id": "http://www.wikidata.org/entity/Q21545837",
      "collection": {
        "abbr": "WIKIDATA",
        "name": "Wikidata",
        "publisher": "Wikimedia Foundation Inc.",
        "icon": "https://www.wikidata.org/static/favicon/wikidata.ico"
      }
    },
    {
      "@id": "https://isni.org/isni/000000011470818X",
      "collection": {
        "abbr": "ISNI",
        "name": "International Standard Name Identifier (ISNI)",
        "publisher": "International Standard Name Identifier (ISNI)",
        "icon": "https://www.isni.org/sites/default/files/isni_new_favicon.ico"
      }
    }
  ]
}