{
  "@context": "http://hub.culturegraph.org/entityfacts/context/v1/entityfacts.jsonld",
  "@id": "https://d-nb.info/gnd/116489286",
  "describedBy": {
    "valid": "2026-04-28T08:09:33Z",
    "license": "https://creativecommons.org/publicdomain/zero/1.0/",
    "@id": "https://hub.culturegraph.org/entityfacts/116489286"
  },
  "preferredName": "Johann Fichard",
  "surname": "Fichard",
  "forename": "Johann",
  "@type": "person",
  "variantName": [
    "Johann von Fichard",
    "Johannes von Fichard",
    "Johan Fichard",
    "Johannes Fichard",
    "Joan. Fichardus",
    "Ioan. Fichardus",
    "Joannes Fichardus",
    "Ioannes Fichardus",
    "Johannes Fichardus",
    "Fichardus Joannes",
    "Polyonimus Syngrapheus, Pseudonym von Johann Fichard",
    "Johannes Fickhardus",
    "Johannes Fichard"
  ],
  "pseudonym": [
    {
      "preferredName": "Polyonimus Syngrapheus"
    }
  ],
  "dateOfBirth": "June 23, 1512",
  "dateOfDeath": "June 7, 1581",
  "placeOfBirth": [
    {
      "@id": "https://d-nb.info/gnd/4018118-2",
      "preferredName": "Frankfurt am Main"
    }
  ],
  "placeOfDeath": [
    {
      "@id": "https://d-nb.info/gnd/4018118-2",
      "preferredName": "Frankfurt am Main"
    }
  ],
  "placeOfActivity": [
    {
      "@id": "https://d-nb.info/gnd/4056179-3",
      "preferredName": "Speyer"
    },
    {
      "@id": "https://d-nb.info/gnd/4018118-2",
      "preferredName": "Frankfurt am Main"
    }
  ],
  "associatedCountry": [
    {
      "@id": "https://d-nb.info/standards/vocab/gnd/geographic-area-code#XA-DE",
      "preferredName": "Deutschland"
    }
  ],
  "professionOrOccupation": [
    {
      "@id": "https://d-nb.info/gnd/4029050-5",
      "preferredName": "Jurist"
    },
    {
      "@id": "https://d-nb.info/gnd/4184238-8",
      "preferredName": "Syndikusanwalt"
    },
    {
      "@id": "https://d-nb.info/gnd/4012401-0",
      "preferredName": "Diplomat"
    },
    {
      "preferredName": "Syndikus in Frankfurt"
    },
    {
      "preferredName": "Syndikus in Frankfurt am Main"
    },
    {
      "preferredName": "Gesandter auf verschiedenen Reichstagen"
    }
  ],
  "gender": {
    "@id": "https://d-nb.info/standards/vocab/gnd/gender#male",
    "label": "Mann"
  },
  "biographicalOrHistoricalInformation": "Verfasser bedeutender Rechtsverordnungen. Patrizier in Frankfurt am Main",
  "relatedPerson": [
    {
      "relationship": "VD-16 Mitverf.",
      "preferredName": "Sigismundus Gelenius"
    },
    {
      "@id": "https://d-nb.info/gnd/11690240X",
      "relationship": "VD-16 Mitverf.",
      "preferredName": "Simon Gryna\u0308us"
    },
    {
      "@id": "https://d-nb.info/gnd/119601958",
      "relationship": "VD-16 Mitverf.",
      "preferredName": "Hieronymus Agninus"
    },
    {
      "@id": "https://d-nb.info/gnd/119618761",
      "relationship": "VD-16 Mitverf.",
      "preferredName": "Luca Bernardo"
    },
    {
      "relationship": "VD-16 Mitverf.",
      "preferredName": "Jakob Moltzer"
    },
    {
      "@id": "https://d-nb.info/gnd/100350275",
      "relationship": "VD-16 Mitverf.",
      "preferredName": "Giglio Gregorio Giraldi"
    },
    {
      "@id": "https://d-nb.info/gnd/119249316",
      "relationship": "VD-16 Mitverf.",
      "preferredName": "Celio Calcagnini"
    },
    {
      "relationship": "VD-16 Mitverf.",
      "preferredName": "Johannes Thomas Freige, der A\u0308ltere"
    },
    {
      "relationship": "VD-16 Mitverf.",
      "preferredName": "Lorenz Kirchhoff"
    },
    {
      "@id": "https://d-nb.info/gnd/124616631",
      "relationship": "VD-16 Mitverf.",
      "preferredName": "Ferdinando Balami"
    }
  ],
  "familialRelationship": [
    {
      "@id": "https://d-nb.info/gnd/131747797",
      "relationship": "Sohn",
      "preferredName": "Raimund Pius von Fichard"
    }
  ],
  "depiction": {
    "@id": "https://commons.wikimedia.org/wiki/Special:FilePath/Anoniem%20Mittelrhein%20%28streek%29%20tweede%20helft%2016de%20eeuw%20-%20Portret%20van%20Johann%20von%20Fichard%20-%201721%20-%20St%C3%A4del%20Museum.jpg",
    "publisher": "Wikimedia Commons",
    "copyrighted": "false",
    "creator": [
      "anonymous&nbsp;"
    ],
    "creditText": [
      "https://rkd.nl/nl/explore/images/275223"
    ],
    "license": [
      {
        "@id": "https://creativecommons.org/publicdomain/mark/1.0/",
        "abbr": "PD",
        "name": "Public Domain",
        "attributionRequired": "false",
        "restrictions": ""
      }
    ],
    "url": "https://commons.wikimedia.org/wiki/File:Anoniem%20Mittelrhein%20%28streek%29%20tweede%20helft%2016de%20eeuw%20-%20Portret%20van%20Johann%20von%20Fichard%20-%201721%20-%20St%C3%A4del%20Museum.jpg?uselang=en",
    "thumbnail": {
      "@id": "https://commons.wikimedia.org/wiki/Special:FilePath/Anoniem%20Mittelrhein%20%28streek%29%20tweede%20helft%2016de%20eeuw%20-%20Portret%20van%20Johann%20von%20Fichard%20-%201721%20-%20St%C3%A4del%20Museum.jpg?width=270"
    }
  },
  "sameAs": [
    {
      "@id": "https://d-nb.info/gnd/116489286/about",
      "collection": {
        "abbr": "DNB",
        "name": "Gemeinsame Normdatei (GND) im Katalog der Deutschen Nationalbibliothek",
        "publisher": "Deutsche Nationalbibliothek",
        "icon": "https://www.dnb.de/SiteGlobals/Frontend/DNBWeb/Images/favicon.png?__blob=normal&v=4"
      }
    },
    {
      "@id": "http://catalogue.bnf.fr/ark:/12148/cb12462747f",
      "collection": {
        "abbr": "BNF",
        "name": "Bibliothe\u0300que nationale de France",
        "publisher": "Bibliothe\u0300que nationale de France",
        "icon": "https://www.bnf.fr/themes/custom/bnfsi/favicon.ico"
      }
    },
    {
      "@id": "https://data.judaicalink.org/data/gnd/116489286",
      "collection": {
        "abbr": "JudaicaLink",
        "name": "JudaicaLink",
        "publisher": "Stuttgart Media University",
        "icon": "https://data.judaicalink.org/static/img/favicon.ico"
      }
    },
    {
      "@id": "https://de.wikipedia.org/wiki/Johann_Fichard",
      "collection": {
        "abbr": "dewiki",
        "name": "Wikipedia (Deutsch)",
        "publisher": "Wikimedia Foundation Inc.",
        "icon": "https://de.wikipedia.org/static/favicon/wikipedia.ico"
      }
    },
    {
      "@id": "https://frankfurter-personenlexikon.de/beacon/beacon.php?116489286",
      "collection": {
        "abbr": "FFMPL",
        "name": "Frankfurter Personenlexikon",
        "publisher": "Frankfurter Bu\u0308rgerstiftung im Holzhausenschlo\u0308sschen"
      }
    },
    {
      "@id": "https://kalliope-verbund.info/gnd/116489286",
      "collection": {
        "abbr": "DE-611",
        "name": "Kalliope Verbundkatalog",
        "publisher": "Staatsbibliothek zu Berlin - Preu\u00dfischer Kulturbesitz",
        "icon": "https://kalliope-verbund.info/img/favicon.ico"
      }
    },
    {
      "@id": "https://raa.gf-franken.de/de/suche-nach-stammbucheintraegen.html?permaLink=1574_engelhard;131",
      "collection": {
        "abbr": "RAAE",
        "name": "Repertorium Alborum Amicorum (RAA) - Stammbucheintr\u00e4ge",
        "publisher": "Department Germanistik und Komparatistik der Friedrich-Alexander-Universit\u00e4t Erlangen-N\u00fcrnberg in Zusammenarbeit mit der Gesellschaft f\u00fcr Familienforschung in Franken",
        "icon": "https://www.gf-franken.de/favicon.ico"
      }
    },
    {
      "@id": "https://www.deutsche-biographie.de/pnd116489286.html#adbcontent",
      "collection": {
        "abbr": "ADB",
        "name": "Allgemeine Deutsche Biographie (ADB)",
        "publisher": "Historische Kommission bei der Bayerischen Akademie der Wissenschaften und Bayerische Staatsbibliothek",
        "icon": "https://www.deutsche-biographie.de/favicon.ico"
      }
    },
    {
      "@id": "https://www.deutsche-biographie.de/pnd116489286.html#ndbcontent",
      "collection": {
        "abbr": "NDB",
        "name": "Neue Deutsche Biographie (NDB)",
        "publisher": "Historische Kommission bei der Bayerischen Akademie der Wissenschaften und Bayerische Staatsbibliothek",
        "icon": "https://www.deutsche-biographie.de/favicon.ico"
      }
    },
    {
      "@id": "https://www.deutsche-digitale-bibliothek.de/person/gnd/116489286",
      "collection": {
        "abbr": "DDB",
        "name": "Deutsche Digitale Bibliothek",
        "publisher": "Deutsche Digitale Bibliothek",
        "icon": "https://www.deutsche-digitale-bibliothek.de/favicon.ico"
      }
    },
    {
      "@id": "https://www.lagis-hessen.de/pnd/116489286",
      "collection": {
        "abbr": "LAGIS",
        "name": "Hessische Biografie",
        "publisher": "Hessisches Landesamt fu\u0308r geschichtliche Landeskunde",
        "icon": "https://www.lagis-hessen.de/favicon.ico"
      }
    },
    {
      "@id": "https://www.portraitindex.de/dokumente/pnd/116489286",
      "collection": {
        "abbr": "Portraitindex",
        "name": "Digitaler Portraitindex der druckgraphischen Bildnisse der Fru\u0308hen Neuzeit",
        "publisher": "Deutsches Dokumentationszentrum fu\u0308r Kunstgeschichte - Bildarchiv Foto Marburg",
        "icon": "https://www.portraitindex.de/favicon.ico"
      }
    },
    {
      "@id": "http://id.loc.gov/rwo/agents/n86852327",
      "collection": {
        "abbr": "LC",
        "name": "NACO Authority File",
        "publisher": "Library of Congress",
        "icon": "https://www.loc.gov/favicon.ico"
      }
    },
    {
      "@id": "http://viaf.org/viaf/46858545",
      "collection": {
        "abbr": "VIAF",
        "name": "Virtual International Authority File (VIAF)",
        "publisher": "OCLC",
        "icon": "https://viaf.org/viaf/images/viaf.ico"
      }
    },
    {
      "@id": "http://www.wikidata.org/entity/Q1693437",
      "collection": {
        "abbr": "WIKIDATA",
        "name": "Wikidata",
        "publisher": "Wikimedia Foundation Inc.",
        "icon": "https://www.wikidata.org/static/favicon/wikidata.ico"
      }
    },
    {
      "@id": "https://isni.org/isni/0000000108960944",
      "collection": {
        "abbr": "ISNI",
        "name": "International Standard Name Identifier (ISNI)",
        "publisher": "International Standard Name Identifier (ISNI)",
        "icon": "https://www.isni.org/sites/default/files/isni_new_favicon.ico"
      }
    }
  ]
}