{
  "@context": "http://hub.culturegraph.org/entityfacts/context/v1/entityfacts.jsonld",
  "@id": "https://d-nb.info/gnd/116323353",
  "describedBy": {
    "valid": "2026-05-03T13:15:12Z",
    "license": "https://creativecommons.org/publicdomain/zero/1.0/",
    "@id": "https://hub.culturegraph.org/entityfacts/116323353"
  },
  "preferredName": "Edmund Radziwi\u0142\u0142",
  "surname": "Radziwi\u0142\u0142",
  "forename": "Edmund",
  "@type": "person",
  "variantName": [
    "Edmund Radziwill",
    "Edmund Fryderyk Radziwi\u0142\u0142",
    "Edmund von Radziwill"
  ],
  "dateOfBirth": "1842",
  "dateOfDeath": "1895",
  "placeOfActivity": [
    {
      "preferredName": "Ostrowo"
    }
  ],
  "associatedCountry": [
    {
      "@id": "https://d-nb.info/standards/vocab/gnd/geographic-area-code#XA-DE",
      "preferredName": "Deutschland"
    },
    {
      "@id": "https://d-nb.info/standards/vocab/gnd/geographic-area-code#XA-PL",
      "preferredName": "Polen"
    }
  ],
  "professionOrOccupation": [
    {
      "@id": "https://d-nb.info/gnd/4030020-1",
      "preferredName": "Katholischer Theologe"
    },
    {
      "preferredName": "Kaplan"
    },
    {
      "@id": "https://d-nb.info/gnd/4169961-0",
      "preferredName": "Milita\u0308rgeistlicher"
    },
    {
      "@id": "https://d-nb.info/gnd/4046517-2",
      "preferredName": "Politiker"
    }
  ],
  "gender": {
    "@id": "https://d-nb.info/standards/vocab/gnd/gender#male",
    "label": "Mann"
  },
  "biographicalOrHistoricalInformation": "Prinz; Fu\u0308rst; Kapuziner",
  "affiliation": [
    {
      "@id": "https://d-nb.info/gnd/1012705-7",
      "preferredName": "Kapuziner"
    }
  ],
  "familialRelationship": [
    {
      "@id": "https://d-nb.info/gnd/116323302",
      "relationship": "Vater",
      "preferredName": "Boguslaw Radziwi\u0142\u0142"
    }
  ],
  "sameAs": [
    {
      "@id": "https://d-nb.info/gnd/116323353/about",
      "collection": {
        "abbr": "DNB",
        "name": "Gemeinsame Normdatei (GND) im Katalog der Deutschen Nationalbibliothek",
        "publisher": "Deutsche Nationalbibliothek",
        "icon": "https://www.dnb.de/SiteGlobals/Frontend/DNBWeb/Images/favicon.png?__blob=normal&v=4"
      }
    },
    {
      "@id": "http://catalogue.bnf.fr/ark:/12148/cb10688913m",
      "collection": {
        "abbr": "BNF",
        "name": "Bibliothe\u0300que nationale de France",
        "publisher": "Bibliothe\u0300que nationale de France",
        "icon": "https://www.bnf.fr/themes/custom/bnfsi/favicon.ico"
      }
    },
    {
      "@id": "https://de.wikipedia.org/wiki/Edmund_von_Radziwill",
      "collection": {
        "abbr": "dewiki",
        "name": "Wikipedia (Deutsch)",
        "publisher": "Wikimedia Foundation Inc.",
        "icon": "https://de.wikipedia.org/static/favicon/wikipedia.ico"
      }
    },
    {
      "@id": "https://kalliope-verbund.info/gnd/116323353",
      "collection": {
        "abbr": "DE-611",
        "name": "Kalliope Verbundkatalog",
        "publisher": "Staatsbibliothek zu Berlin - Preu\u00dfischer Kulturbesitz",
        "icon": "https://kalliope-verbund.info/img/favicon.ico"
      }
    },
    {
      "@id": "http://viaf.org/viaf/40127127",
      "collection": {
        "abbr": "VIAF",
        "name": "Virtual International Authority File (VIAF)",
        "publisher": "OCLC",
        "icon": "https://viaf.org/viaf/images/viaf.ico"
      }
    },
    {
      "@id": "http://www.wikidata.org/entity/Q98554",
      "collection": {
        "abbr": "WIKIDATA",
        "name": "Wikidata",
        "publisher": "Wikimedia Foundation Inc.",
        "icon": "https://www.wikidata.org/static/favicon/wikidata.ico"
      }
    },
    {
      "@id": "https://isni.org/isni/0000000013888740",
      "collection": {
        "abbr": "ISNI",
        "name": "International Standard Name Identifier (ISNI)",
        "publisher": "International Standard Name Identifier (ISNI)",
        "icon": "https://www.isni.org/sites/default/files/isni_new_favicon.ico"
      }
    }
  ]
}